{"id":784,"date":"2017-05-09T08:37:31","date_gmt":"2017-05-09T06:37:31","guid":{"rendered":"https:\/\/gazettelpcuzin.wordpress.com\/?p=784"},"modified":"2019-02-08T11:25:39","modified_gmt":"2019-02-08T10:25:39","slug":"tres-content-de-nous-voir-jouer-le-jeu-et-de-dire-je-suis-je-me-suis-decouvert-une-autre-personnalite","status":"publish","type":"post","link":"https:\/\/gazette-lyceeandrecuzin.fr\/?p=784","title":{"rendered":"Tr\u00e8s content de nous voir jouer le jeu\u2026 et de dire \u00ab je suis \u00bb \u2026 je me suis d\u00e9couvert une autre personnalit\u00e9."},"content":{"rendered":"<p style=\"text-align: justify;\"><strong>Vous le savez, nous \u00e9tions stress\u00e9s, et puis le 16 mars est arriv\u00e9 et il a bien fallu se lancer. R\u00e9cit d\u2019une folle journ\u00e9e\u00a0: la restitution du club culture <u>Fran\u00e7ais du Futur<\/u>, avec la compagnie Nomade in France et le th\u00e9\u00e2tre de la Croix-Rousse.<\/strong><\/p>\n<p style=\"text-align: justify;\"><strong>Adam, Lylian, Christopher, Marjorie, Ili\u00e8s, Timon, Lydia, Bassirou, Jason, Djan, Jean Chris, Quentin, Quentin, St\u00e9phane<\/strong><\/p>\n<p>&nbsp;<\/p>\n<p style=\"text-align: justify;\"><!--more--><\/p>\n<p style=\"text-align: justify;\"><strong>Pour ceux qui ont rat\u00e9 un \u00e9pisode<\/strong><\/p>\n<p style=\"text-align: justify;\"><strong>\u00a0<\/strong>En novembre, nous avons d\u00e9couvert le travail d\u2019Abdel Sefsaf et la compagnie Nomade in France au th\u00e9\u00e2tre de la Croix-Rousse, compte rendu ici\u00a0:<\/p>\n<p style=\"text-align: justify;\"><a href=\"https:\/\/gazettelpcuzin.wordpress.com\/2016\/12\/01\/abdel-sefsaf-et-son-equipe-font-tomber-les-murs-au-theatre-de-la-croix-rousse-timon\/\">https:\/\/gazettelpcuzin.wordpress.com\/2016\/12\/01\/abdel-sefsaf-et-son-equipe-font-tomber-les-murs-au-theatre-de-la-croix-rousse-timon\/<\/a><\/p>\n<p style=\"text-align: justify;\">En d\u00e9cembre, le 8 nous avons rencontr\u00e9 Toma Roche pour une premi\u00e8re s\u00e9ance d\u2019atelier. Nous avons aussi suivi les terminales TISEC qui ont interview\u00e9 Abdel Sefsaf et Jacqueline Costa-Lascoux dans le cadre d\u2019une \u00e9mission produite pour TV2Rives par Acte public compagnie. Nous les avons aid\u00e9 \u00e0 trouver des questions et m\u00eame le titre de l\u2019article. Tout est l\u00e0\u00a0:<\/p>\n<p style=\"text-align: justify;\"><a href=\"https:\/\/gazettelpcuzin.wordpress.com\/2017\/01\/30\/cuzin-fait-de-la-tele-ryes-et-mikail\/\">https:\/\/gazettelpcuzin.wordpress.com\/2017\/01\/30\/cuzin-fait-de-la-tele-ryes-et-mikail\/<\/a><\/p>\n<p style=\"text-align: justify;\">Ensuite, nous avons travaill\u00e9 avec Pauline Laudet, Abdel Sefsaf, Toma Roche et Nestor K\u00e9a, c\u2019est ici\u00a0:<\/p>\n<p style=\"text-align: justify;\"><a href=\"https:\/\/gazettelpcuzin.wordpress.com\/2017\/03\/06\/francais-du-futur-les-tbee-sur-le-qui-vive-prets-a-en-decoudre-avec-le-theatre-timon\/\">https:\/\/gazettelpcuzin.wordpress.com\/2017\/03\/06\/francais-du-futur-les-tbee-sur-le-qui-vive-prets-a-en-decoudre-avec-le-theatre-timon\/<\/a><\/p>\n<p style=\"text-align: justify;\">Et plus le temps passait, plus on se rapprochait de la restitution, donc stress, enfin pour certains, pas tous bien entendu, il y a des \u00ab\u00a0b\u00eates de sc\u00e8nes\u00a0\u00bb dans la classe.<\/p>\n<p style=\"text-align: justify;\"><strong>Cuzin, 16 mars 2017, il est 8h00<\/strong><\/p>\n<p style=\"text-align: justify;\">A\u00efe, Rapha\u00ebl est malade. A\u00ef\u00ef\u00efe, Lylian est blanc comme un cachet d\u2019aspirine et il a mal au ventre.<\/p>\n<p style=\"text-align: justify;\">On prend tout de m\u00eame la direction le foyer pour le d\u00e9barrasser avant le grand m\u00e9nage. Premi\u00e8re surprise, Monsieur Kotula et son stagiaire ont d\u00e9j\u00e0 tout fait, les tables sont rang\u00e9es sous le pr\u00e9au et les chaises empil\u00e9es. On est g\u00ean\u00e9s, merci beaucoup. On retourne en salle Fortoul et on sort nos affaires d\u2019histoire g\u00e9ographie. C\u2019est \u00e0 ce moment que Lylian a d\u00e9cid\u00e9 d\u2019aller se reposer chez sa grand-m\u00e8re, il n\u2019en pouvait plus et on ne pouvait pas du tout le soup\u00e7onner d\u2019aller bien. \u00c0 9h00, changement de professeur et de salle. Et puis soudain, arriv\u00e9e de Madame Rosenfeld avec un gros paquet de photocopies. Le texte \u00e9tait arriv\u00e9 sur sa boite \u00e0 7H42, il n\u2019y avait pas une seconde \u00e0 perdre. L\u00e0, on le dit, on a ni fait des maths, ni des sciences, ben oui. On s\u2019est plong\u00e9s dans ce que l\u2019on voulait raconter au public.<\/p>\n<p style=\"text-align: justify;\"><strong>Bon, on \u00e9tait au courant, on les avait \u00e9crits, ces textes.<\/strong><\/p>\n<p style=\"text-align: justify;\">Apr\u00e8s un petit moment de panique, on a souffl\u00e9. Abdel avait r\u00e9organis\u00e9 et distribu\u00e9 les r\u00f4les. On connaissait la mati\u00e8re, on l\u2019a faite nous-m\u00eame. Il y est question de comment la soci\u00e9t\u00e9 fran\u00e7aise que sera la n\u00f4tre devrait cultiver l\u2019art de vivre. Mais voil\u00e0, il y a des absents et il faut trouver quelqu\u2019un d\u2019urgence. Bon, Michael chante et il est \u00e0 l\u2019aise en public. Madame Rosenfeld est all\u00e9e demander \u00e0 ses enseignants de le lib\u00e9rer \u2026 ils ont dit oui. Soulagement. Et voil\u00e0 Michael le nez dans une liasse de papier, tr\u00e8s concentr\u00e9. Pause cantine, regroupement dans la cour et lecture, mise en voix.<\/p>\n<p style=\"text-align: justify;\"><strong>Messieurs Motta et Vittaz s\u2019en m\u00ealent.<\/strong><\/p>\n<p style=\"text-align: justify;\">Les terminales avaient cours avec Madame Rosenfeld. Ils sont vraiment tr\u00e8s sympathiques, peut-\u00eatre un peu masochistes ou alors ils aiment vraiment le th\u00e9\u00e2tre\u00a0??????? Ils \u00e9taient d\u2019accord pour faire un devoir sur table, surveill\u00e9s par Monsieur Motta, pour que Madame Rosenfeld reste avec nous \u2026 c\u2019est \u00e0 ce moment que Lylian est revenu, pas moins p\u00e2le mais debout et souriant.<\/p>\n<p style=\"text-align: justify;\"><strong>14H00 arriv\u00e9e du camion.<\/strong><\/p>\n<p style=\"text-align: justify;\">Un camion dans la cour, deux personnes sortent, ouvrent les portes arri\u00e8re et d\u00e9chargent. Une console, des lumi\u00e8res, des micros, une cam\u00e9ra \u2026 et un chariot de courses \u00e0 mettre au frais. L\u00e0 on commen\u00e7ait \u00e0 se re-stresser.<\/p>\n<figure id=\"attachment_787\" aria-describedby=\"caption-attachment-787\" style=\"width: 348px\" class=\"wp-caption alignnone\"><a href=\"https:\/\/gazettelpcuzin.files.wordpress.com\/2017\/05\/img_7164.jpg\"><img fetchpriority=\"high\" decoding=\"async\" class=\"wp-image-787 \" src=\"https:\/\/gazettelpcuzin.files.wordpress.com\/2017\/05\/img_7164.jpg?w=300\" alt=\"\" width=\"348\" height=\"261\" srcset=\"https:\/\/gazette-lyceeandrecuzin.fr\/wp-content\/uploads\/2017\/05\/img_7164.jpg 3072w, https:\/\/gazette-lyceeandrecuzin.fr\/wp-content\/uploads\/2017\/05\/img_7164-300x225.jpg 300w, https:\/\/gazette-lyceeandrecuzin.fr\/wp-content\/uploads\/2017\/05\/img_7164-768x576.jpg 768w, https:\/\/gazette-lyceeandrecuzin.fr\/wp-content\/uploads\/2017\/05\/img_7164-1024x768.jpg 1024w\" sizes=\"(max-width: 348px) 100vw, 348px\" \/><\/a><figcaption id=\"caption-attachment-787\" class=\"wp-caption-text\">Abdel Sefsaf fait travailler les \u00e9l\u00e8ves, photographie Anne Carron, th\u00e9\u00e2tre de la Croix-Rousse.<\/figcaption><\/figure>\n<p style=\"text-align: justify;\"><strong>Arriv\u00e9e d\u2019Abdel et de Toma<\/strong><\/p>\n<p style=\"text-align: justify;\">Tour de salle, v\u00e9rification, retouche d\u2019organisation. Disposition des chaises sur le plateau en arc de cercle, placement des pupitres, textes sur les pupitres\u00a0: d\u00e9but du \u00ab\u00a0monstre\u00a0\u00bb. Qu\u2019est-ce qu\u2019un \u00ab\u00a0monstre\u00a0\u00bb\u00a0? Eh bien \u2026 la r\u00e9p\u00e9tition qui peut pas marcher puisque tout n\u2019est pas r\u00e9gl\u00e9. Bigre. On recommence donc. D\u00e9placements, qui se l\u00e8ve quand, comment circulent les micros. Mais articule\u00a0! Il faut caler la musique. C\u2019est amusant, les mots prennent de l\u2019ampleur. On recommence.<\/p>\n<p style=\"text-align: justify;\">Pause go\u00fbter sous le pr\u00e9au du foyer\u00a0: compote, banane, g\u00e2teaux, jus de fruits, barre chocolat\u00e9e. HUMMMMMMM<\/p>\n<p style=\"text-align: justify;\">On y retourne, \u00e7a va mieux. On recommence.<\/p>\n<p style=\"text-align: justify;\">18H00\u00a0: le public regarde sa montre, il y a du monde en salle des professeurs. Dans la cour, les terminales sont install\u00e9s sur les tables de ping-pong et nous observent. Tr\u00e8s int\u00e9ress\u00e9s. Oc\u00e9ane et Oc\u00e9ane arrivent, les d\u00e9l\u00e9gu\u00e9es CVL et CA sont au rendez-vous. La d\u00e9l\u00e9gu\u00e9e des parents d\u2019\u00e9l\u00e8ves discute avec des enseignants.<\/p>\n<p style=\"text-align: justify;\">18H20\u00a0: Il y a vraiment du monde dans la cour, le repr\u00e9sentant de la Mairie, des personnes du th\u00e9\u00e2tre, toute l\u2019\u00e9quipe p\u00e9dagogique 1TBEE au grand complet, le proviseur et la proviseure adjointe, les agents techniques, le chef des travaux, l\u2019intendant, des professeurs que l\u2019on ne connait pas\u2026. On reste concentr\u00e9\u00a0! Toma nous encourage, \u00e7a fait du bien.<\/p>\n<p style=\"text-align: justify;\">Ils s\u2019installent. On sort pour rentrer. Abdel pr\u00e9sente le projet rapidement et donne le coup d\u2019envoi.<\/p>\n<figure id=\"attachment_788\" aria-describedby=\"caption-attachment-788\" style=\"width: 346px\" class=\"wp-caption alignnone\"><a href=\"https:\/\/gazettelpcuzin.files.wordpress.com\/2017\/05\/francc2a6c2baais-du-futur1_cuzin_2017-recadr-3074.jpg\"><img decoding=\"async\" class=\"wp-image-788 \" src=\"https:\/\/gazettelpcuzin.files.wordpress.com\/2017\/05\/francc2a6c2baais-du-futur1_cuzin_2017-recadr-3074.jpg?w=300\" alt=\"\" width=\"346\" height=\"255\" srcset=\"https:\/\/gazette-lyceeandrecuzin.fr\/wp-content\/uploads\/2017\/05\/francc2a6c2baais-du-futur1_cuzin_2017-recadr-3074.jpg 2710w, https:\/\/gazette-lyceeandrecuzin.fr\/wp-content\/uploads\/2017\/05\/francc2a6c2baais-du-futur1_cuzin_2017-recadr-3074-300x221.jpg 300w, https:\/\/gazette-lyceeandrecuzin.fr\/wp-content\/uploads\/2017\/05\/francc2a6c2baais-du-futur1_cuzin_2017-recadr-3074-768x567.jpg 768w, https:\/\/gazette-lyceeandrecuzin.fr\/wp-content\/uploads\/2017\/05\/francc2a6c2baais-du-futur1_cuzin_2017-recadr-3074-1024x756.jpg 1024w\" sizes=\"(max-width: 346px) 100vw, 346px\" \/><\/a><figcaption id=\"caption-attachment-788\" class=\"wp-caption-text\">Michael s&rsquo;\u00e9lance<\/figcaption><\/figure>\n<p style=\"text-align: justify;\"><strong>Michael s\u2019\u00e9lance, c\u2019est le journaliste<\/strong>.<\/p>\n<p style=\"text-align: justify;\">Il va accueillir sur le plateaux quatre partis politiques, la Skylandri, les Inconnus, La France \u00e0 tout le monde et les BSR, venus pr\u00e9senter leurs visions du Fran\u00e7ais du Futur. Le Fran\u00e7ais du futur \u00ab\u00a0sera\u00a0\u00bb \u2026.. On enchaine, chacun prend le micro pour dire \u00ab\u00a0je suis dans le regard des autres\u00a0\u00bb. On garde le rythme, on reste calme, ni trop vite, ni trop lentement. On se l\u00e8ve, on se d\u00e9place, on enchaine. On dit les slams. On ne dit pas notre texte, on a \u00e9chang\u00e9 nos mots et nos textes. On les entend dans la bouche des autres, c\u2019est amusant, surprenant, ils deviennent des mots partag\u00e9s, ceux du groupe et de la salle aussi. Elle r\u00e9agit dr\u00f4lement bien. C\u2019est d\u00e9j\u00e0 fini, silence \u2026 applaudissements.<\/p>\n<p style=\"text-align: justify;\">On respire, sourire.<\/p>\n<figure id=\"attachment_791\" aria-describedby=\"caption-attachment-791\" style=\"width: 431px\" class=\"wp-caption alignnone\"><a href=\"https:\/\/gazettelpcuzin.files.wordpress.com\/2017\/05\/franc3a7ais-du-futur1_cuzin_2017-30791.jpg\"><img decoding=\"async\" class=\"wp-image-791 \" src=\"https:\/\/gazettelpcuzin.files.wordpress.com\/2017\/05\/franc3a7ais-du-futur1_cuzin_2017-30791.jpg?w=300\" alt=\"\" width=\"431\" height=\"268\" srcset=\"https:\/\/gazette-lyceeandrecuzin.fr\/wp-content\/uploads\/2017\/05\/franc3a7ais-du-futur1_cuzin_2017-30791.jpg 3000w, https:\/\/gazette-lyceeandrecuzin.fr\/wp-content\/uploads\/2017\/05\/franc3a7ais-du-futur1_cuzin_2017-30791-300x186.jpg 300w, https:\/\/gazette-lyceeandrecuzin.fr\/wp-content\/uploads\/2017\/05\/franc3a7ais-du-futur1_cuzin_2017-30791-768x476.jpg 768w, https:\/\/gazette-lyceeandrecuzin.fr\/wp-content\/uploads\/2017\/05\/franc3a7ais-du-futur1_cuzin_2017-30791-1024x634.jpg 1024w\" sizes=\"(max-width: 431px) 100vw, 431px\" \/><\/a><figcaption id=\"caption-attachment-791\" class=\"wp-caption-text\">Le spectacle bat son plein, le public se concentre, photographie Didier Grappe<\/figcaption><\/figure>\n<p style=\"text-align: justify;\"><strong>Madame Virgina arrive, avec des membres de l\u2019intendance et un chariot<\/strong>.<\/p>\n<p style=\"text-align: justify;\">Le chariot descendu du camion est revenu, boissons, verres que l\u2019on se fait passer. Les plats glissent du chariot au buffet, c\u2019est beau, c\u2019est bon (tr\u00e8s bon), \u00e7a fait vraiment plaisir, c\u2019est la f\u00eate. Merci la cuisine, merci l\u2019intendance. On discute avec les professeurs, on est f\u00e9licit\u00e9, les terminales sont contents.<\/p>\n<p style=\"text-align: justify;\"><strong>On gardera le souvenir d\u2019une bonne ambiance, dans le travail et entre nous.<\/strong><\/p>\n<p style=\"text-align: justify;\">Nous avons \u00e9t\u00e9 fiers de ce que nous avons fait. Pour Bassirou, c\u2019\u00e9tait une journ\u00e9e amusante, malgr\u00e9 qu\u2019au d\u00e9but il n\u2019avait pas du tout envie de participer. Finalement, il a pris beaucoup de plaisir sur sc\u00e8ne. Il tient \u00e0 remercier tous ceux qui \u00e9taient l\u00e0\u00a0: Abdel, Toma, le th\u00e9\u00e2tre, et les supers techniciens, les professeurs, les cuisiniers \u2026 tout le monde. La classe est compl\u00e8tement du m\u00eame avis. Marjorie a trouv\u00e9 l\u2019exp\u00e9rience enrichissante et tr\u00e8s dr\u00f4le, Lydia se demande en souriant si \u00ab\u00a0dr\u00f4le\u00a0\u00bb est le bon terme. Ili\u00e8s a aim\u00e9 mais moins que <u>R\u00e9fection<\/u> de David Lescot. Adam et Lylian sont tr\u00e8s contents. Timon qui n\u2019aime pas parler en public trouve que l\u2019exp\u00e9rience le fait avancer. St\u00e9phane va de l\u2019avant. Djan ne pensait pas s\u2019amuser au lyc\u00e9e, Jean Chris ne boude pas le plaisir, Quentin non plus. Quentin trouve qu\u2019il a pris confiance en lui.<\/p>\n<p style=\"text-align: justify;\"><strong>Et si on allait au th\u00e9\u00e2tre maintenant\u00a0?<\/strong><\/p>\n<p style=\"text-align: justify;\">La chute est de Bastien<\/p>\n<blockquote>\n<p style=\"text-align: justify;\">\u00ab\u00a0Une culture repr\u00e9sente une grande famille, pour cela, il faut aimer le social, avoir un esprit ouvert, une envie de parcourir (le monde) et d\u2019apprendre plusieurs cultures, par exemple au niveau culinaire.\u00a0\u00bb<\/p>\n<\/blockquote>\n<p style=\"text-align: justify;\">Voil\u00e0 enfin les AFOR, les TBEE et les TISEC enti\u00e8rement d\u2019accord\u00a0!<\/p>\n","protected":false},"excerpt":{"rendered":"<p>Vous le savez, nous \u00e9tions stress\u00e9s, et puis le 16 mars est arriv\u00e9 et il a bien fallu se lancer. R\u00e9cit d\u2019une folle journ\u00e9e\u00a0: la restitution du club culture Fran\u00e7ais<\/p>\n","protected":false},"author":2,"featured_media":1776,"comment_status":"closed","ping_status":"closed","sticky":false,"template":"","format":"standard","meta":{"jetpack_post_was_ever_published":false,"_jetpack_newsletter_access":"","_jetpack_dont_email_post_to_subs":false,"_jetpack_newsletter_tier_id":0,"_jetpack_memberships_contains_paywalled_content":false,"_jetpack_memberships_contains_paid_content":false,"footnotes":""},"categories":[21,3,24],"tags":[],"class_list":["post-784","post","type-post","status-publish","format-standard","has-post-thumbnail","hentry","category-francais-du-futur-theatre-de-la-croix-rousse-abdel-sefsaf-2017","category-culture","category-theatre"],"jetpack_sharing_enabled":false,"jetpack_featured_media_url":"https:\/\/gazette-lyceeandrecuzin.fr\/wp-content\/uploads\/2017\/05\/lydia-du-futur-1-e1545146291321.jpg","jetpack_shortlink":"https:\/\/wp.me\/paGPHf-cE","jetpack_likes_enabled":true,"_links":{"self":[{"href":"https:\/\/gazette-lyceeandrecuzin.fr\/index.php?rest_route=\/wp\/v2\/posts\/784","targetHints":{"allow":["GET"]}}],"collection":[{"href":"https:\/\/gazette-lyceeandrecuzin.fr\/index.php?rest_route=\/wp\/v2\/posts"}],"about":[{"href":"https:\/\/gazette-lyceeandrecuzin.fr\/index.php?rest_route=\/wp\/v2\/types\/post"}],"author":[{"embeddable":true,"href":"https:\/\/gazette-lyceeandrecuzin.fr\/index.php?rest_route=\/wp\/v2\/users\/2"}],"replies":[{"embeddable":true,"href":"https:\/\/gazette-lyceeandrecuzin.fr\/index.php?rest_route=%2Fwp%2Fv2%2Fcomments&post=784"}],"version-history":[{"count":3,"href":"https:\/\/gazette-lyceeandrecuzin.fr\/index.php?rest_route=\/wp\/v2\/posts\/784\/revisions"}],"predecessor-version":[{"id":2400,"href":"https:\/\/gazette-lyceeandrecuzin.fr\/index.php?rest_route=\/wp\/v2\/posts\/784\/revisions\/2400"}],"wp:featuredmedia":[{"embeddable":true,"href":"https:\/\/gazette-lyceeandrecuzin.fr\/index.php?rest_route=\/wp\/v2\/media\/1776"}],"wp:attachment":[{"href":"https:\/\/gazette-lyceeandrecuzin.fr\/index.php?rest_route=%2Fwp%2Fv2%2Fmedia&parent=784"}],"wp:term":[{"taxonomy":"category","embeddable":true,"href":"https:\/\/gazette-lyceeandrecuzin.fr\/index.php?rest_route=%2Fwp%2Fv2%2Fcategories&post=784"},{"taxonomy":"post_tag","embeddable":true,"href":"https:\/\/gazette-lyceeandrecuzin.fr\/index.php?rest_route=%2Fwp%2Fv2%2Ftags&post=784"}],"curies":[{"name":"wp","href":"https:\/\/api.w.org\/{rel}","templated":true}]}}