{"id":78,"date":"2015-12-14T10:06:04","date_gmt":"2015-12-14T09:06:04","guid":{"rendered":"https:\/\/gazettelpcuzin.wordpress.com\/?p=78"},"modified":"2019-02-08T14:57:59","modified_gmt":"2019-02-08T13:57:59","slug":"premiere-seance-de-theatre-pour-les-premieres-afb-le-9-novembre-2015","status":"publish","type":"post","link":"https:\/\/gazette-lyceeandrecuzin.fr\/?p=78","title":{"rendered":"Premi\u00e8re s\u00e9ance de th\u00e9\u00e2tre pour les premi\u00e8res AFB le 9 novembre 2015"},"content":{"rendered":"<p style=\"text-align: justify;\"><strong>Le 9 novembre 2015, le com\u00e9dien et metteur en sc\u00e8ne Colin Rey est venu en salle Fourtoul pour une premi\u00e8re s\u00e9ance de th\u00e9\u00e2tre. Synth\u00e8se d\u2019un bon moment.<\/strong><\/p>\n<p style=\"text-align: justify;\"><!--more-->La classe de premi\u00e8re AFOR fait un atelier th\u00e9\u00e2tre dans le cadre des heures de fran\u00e7ais. Pour les \u00e9l\u00e8ves timides, c\u2019est pas mal du tout, on apprend \u00e0 parler en public et du coup, c\u2019est aussi tr\u00e8s utile pour les stages et les oraux du baccalaur\u00e9at. Romain recommande chaleureusement \u00e0 toutes les personnes qui ont des probl\u00e8mes d\u2019\u00e9locution o\u00f9 qui n\u2019osent pas parler devant tout le monde de faire du th\u00e9\u00e2tre.<\/p>\n<p style=\"text-align: justify;\">Mais ce n\u2019est pas exactement ce qui nous a plu, ce sont les jeux et surtout celui qui consiste \u00e0 apprendre \u00e0 mentir.<\/p>\n<p style=\"text-align: justify;\">Colin s\u2019est pr\u00e9sent\u00e9 et comme il y a cette ann\u00e9e beaucoup de nouveaux \u00e9l\u00e8ves en peinture, on a pris un peu de temps pour se pr\u00e9senter et se raconter l\u2019atelier de l\u2019an dernier.<\/p>\n<p style=\"text-align: justify;\">\n<p style=\"text-align: justify;\">Ensuite on a fait des exercices. On devait se concentrer et marcher \u00e0 diff\u00e9rentes allures en suivant les instructions de Colin. Ensuite on s\u2019est arr\u00eat\u00e9, toujours les yeux ferm\u00e9s et on devait se souvenir de la mani\u00e8re dont \u00e9tait habill\u00e9 quelqu\u2019un. On a fait aussi des exercices d\u2019\u00e9chauffement dont un que tout le monde aime beaucoup. On se met en rond et il faut montrer ses r\u00e9flexes.<\/p>\n<figure id=\"attachment_83\" aria-describedby=\"caption-attachment-83\" style=\"width: 362px\" class=\"wp-caption alignnone\"><img fetchpriority=\"high\" decoding=\"async\" class=\"alignnone wp-image-83\" src=\"https:\/\/gazettelpcuzin.files.wordpress.com\/2015\/12\/masque_esclave.jpg\" alt=\"Masque_esclave\" width=\"362\" height=\"407\" \/><figcaption id=\"caption-attachment-83\" class=\"wp-caption-text\">R\u00e9plique de masque de th\u00e9\u00e2tre en marbre pent\u00e9lique trouv\u00e9 \u00e0 Ath\u00e8nes pr\u00e8s de la Porte Dipylon. Elle appartient au type du Premier esclave de la Nouvelle Com\u00e9die. IIe s. av. J.-C. Expos\u00e9e au mus\u00e9e arch\u00e9ologique d&rsquo;Ath\u00e8nes.<\/figcaption><\/figure>\n<p style=\"text-align: justify;\">Et le jeu du menteur alors ? Deux \u00e9l\u00e8ves sortent et doivent d\u00e9cider d\u2019une anecdote qui est arriv\u00e9e \u00e0 l\u2019un d\u2019entre eux. Ensuite ils entrent chacun \u00e0 leur tour et raconte leur histoire puis r\u00e9pondent aux questions des autres \u00e9l\u00e8ves. A la fin, le public doit trouver qui raconte une histoire et qui raconte une histoire qui lui est vraiment arriv\u00e9e.<\/p>\n<p style=\"text-align: justify;\">Le dernier n\u2019est pas plus simple mais tr\u00e8s dr\u00f4le parce que l\u2019on se met \u00e0 imaginer des possibles : il faut inventer des objets en mimant leur utilisation et \u00eatre capable de refaire le mime de l\u2019\u00e9l\u00e8ve pr\u00e9c\u00e9dent.<\/p>\n<p style=\"text-align: justify;\">Oc\u00e9ane a aim\u00e9 l\u2019atelier et elle a envie d\u2019apprendre beaucoup de choses, notamment comment g\u00e9rer les \u00e9motions du r\u00f4le que l\u2019on joue. Eric mais aussi de tr\u00e8s nombreux participants ont trouv\u00e9 qu\u2019il n\u2019\u00e9tait pas vraiment la peine d\u2019avoir d\u2019autres arguments pour faire du th\u00e9\u00e2tre que le fait de trouver cela tr\u00e8s amusant et Julien a fait remarqu\u00e9 que les deux heures sont pass\u00e9es trop vite. Ayrton a eu le mot de la fin en disant que cette s\u00e9ance montre que les jeunes &#8211; pas tous mais en g\u00e9n\u00e9ral &#8211; s\u2019investissent et aiment bien faire des choses et que tout le monde s\u2019exprime.<\/p>\n","protected":false},"excerpt":{"rendered":"<p>Le 9 novembre 2015, le com\u00e9dien et metteur en sc\u00e8ne Colin Rey est venu en salle Fourtoul pour une premi\u00e8re s\u00e9ance de th\u00e9\u00e2tre. Synth\u00e8se d\u2019un bon moment.<\/p>\n","protected":false},"author":2,"featured_media":83,"comment_status":"closed","ping_status":"closed","sticky":false,"template":"","format":"standard","meta":{"jetpack_post_was_ever_published":false,"_jetpack_newsletter_access":"","_jetpack_dont_email_post_to_subs":false,"_jetpack_newsletter_tier_id":0,"_jetpack_memberships_contains_paywalled_content":false,"_jetpack_memberships_contains_paid_content":false,"footnotes":""},"categories":[20,3,24],"tags":[],"class_list":["post-78","post","type-post","status-publish","format-standard","has-post-thumbnail","hentry","category-macbett-cie-la-nouvelle-fabrique-2016","category-culture","category-theatre"],"jetpack_sharing_enabled":true,"jetpack_featured_media_url":"https:\/\/gazette-lyceeandrecuzin.fr\/wp-content\/uploads\/2015\/12\/masque_esclave-e1545128754338.jpg","jetpack_shortlink":"https:\/\/wp.me\/paGPHf-1g","jetpack_likes_enabled":true,"_links":{"self":[{"href":"https:\/\/gazette-lyceeandrecuzin.fr\/index.php?rest_route=\/wp\/v2\/posts\/78","targetHints":{"allow":["GET"]}}],"collection":[{"href":"https:\/\/gazette-lyceeandrecuzin.fr\/index.php?rest_route=\/wp\/v2\/posts"}],"about":[{"href":"https:\/\/gazette-lyceeandrecuzin.fr\/index.php?rest_route=\/wp\/v2\/types\/post"}],"author":[{"embeddable":true,"href":"https:\/\/gazette-lyceeandrecuzin.fr\/index.php?rest_route=\/wp\/v2\/users\/2"}],"replies":[{"embeddable":true,"href":"https:\/\/gazette-lyceeandrecuzin.fr\/index.php?rest_route=%2Fwp%2Fv2%2Fcomments&post=78"}],"version-history":[{"count":3,"href":"https:\/\/gazette-lyceeandrecuzin.fr\/index.php?rest_route=\/wp\/v2\/posts\/78\/revisions"}],"predecessor-version":[{"id":2464,"href":"https:\/\/gazette-lyceeandrecuzin.fr\/index.php?rest_route=\/wp\/v2\/posts\/78\/revisions\/2464"}],"wp:featuredmedia":[{"embeddable":true,"href":"https:\/\/gazette-lyceeandrecuzin.fr\/index.php?rest_route=\/wp\/v2\/media\/83"}],"wp:attachment":[{"href":"https:\/\/gazette-lyceeandrecuzin.fr\/index.php?rest_route=%2Fwp%2Fv2%2Fmedia&parent=78"}],"wp:term":[{"taxonomy":"category","embeddable":true,"href":"https:\/\/gazette-lyceeandrecuzin.fr\/index.php?rest_route=%2Fwp%2Fv2%2Fcategories&post=78"},{"taxonomy":"post_tag","embeddable":true,"href":"https:\/\/gazette-lyceeandrecuzin.fr\/index.php?rest_route=%2Fwp%2Fv2%2Ftags&post=78"}],"curies":[{"name":"wp","href":"https:\/\/api.w.org\/{rel}","templated":true}]}}