{"id":747,"date":"2017-04-10T15:34:51","date_gmt":"2017-04-10T13:34:51","guid":{"rendered":"https:\/\/gazettelpcuzin.wordpress.com\/?p=747"},"modified":"2019-02-08T11:35:17","modified_gmt":"2019-02-08T10:35:17","slug":"etre-une-fille-dans-un-lycee-du-batiment-un-exercice-de-style","status":"publish","type":"post","link":"https:\/\/gazette-lyceeandrecuzin.fr\/?p=747","title":{"rendered":"Etre une fille dans un lyc\u00e9e du b\u00e2timent, un exercice de style"},"content":{"rendered":"<p><strong>Dans l\u2019\u00e9tablissement, comme sur les chantiers et dans trop de bureaux d\u2019\u00e9tudes encore, ce n\u2019est pas vraiment la parit\u00e9 ! Les AFB en parlent dans la pi\u00e8ce qu\u2019ils ont \u00e9crite cette ann\u00e9e et vous pouvez relire ce que Oc\u00e9ane en dit<a href=\"https:\/\/gazettelpcuzin.wordpress.com\/2017\/01\/03\/atelier-theatre-des-afor-donc-si-jai-ecrit-cette-scene-cest-simplement-parce-que-cest-une-histoire-vraie-smain\/\">\u00a0l\u00e0<\/a>.<\/strong><\/p>\n<p><strong>Par Oc\u00e9ane B., Marjorie, Constance, Myriam, Morgane, Mariana, Lydia, Oc\u00e9ane G. et Svetlana. Tous les dessins sont de Lydia.<\/strong><\/p>\n<p><!--more--><\/p>\n<p style=\"text-align: justify;\">Au lyc\u00e9e Andr\u00e9 Cuzin, il y a treize filles dont neuf lyc\u00e9ennes. Il y a 400 \u00e9l\u00e8ves au total. Nous avons r\u00e9uni huit filles et Nathalie Bonnaire, \u00e9lue des parents au Conseil d\u2019administration a aussi contribu\u00e9. Dans cet article, nous allons nous int\u00e9resser \u00e0 la vie des filles, dans un lyc\u00e9e de gar\u00e7ons pas toujours tr\u00e8s murs. Sont-elles plong\u00e9es dans un univers d\u2019horribles machos\u00a0? Que faire\u00a0des \u00ab\u00a0p\u00e9nibles\u00a0\u00bb ?<\/p>\n<p style=\"text-align: justify;\">\n<h2 style=\"text-align: justify;\"><strong>Comment les filles s\u2019orientent-elles dans un lyc\u00e9e du b\u00e2timent ?<\/strong><\/h2>\n<p style=\"text-align: justify;\">Il y a un m\u00e9lange de hasard et d\u2019envie. Constance explique :<\/p>\n<blockquote>\n<p style=\"text-align: justify;\">\u00ab j\u2019\u00e9tais en troisi\u00e8me et j\u2019avais des v\u0153ux qui n\u2019ont pas \u00e9t\u00e9 accept\u00e9s, j\u2019ai choisi au hasard. La proviseure adjointe du coll\u00e8ge m\u2019a dit dans quelles fili\u00e8res il restait de la place et voil\u00e0. \u00bb<\/p>\n<\/blockquote>\n<figure id=\"attachment_768\" aria-describedby=\"caption-attachment-768\" style=\"width: 342px\" class=\"wp-caption alignleft\"><a href=\"https:\/\/gazettelpcuzin.files.wordpress.com\/2017\/04\/ombre6.jpg\"><img fetchpriority=\"high\" decoding=\"async\" class=\" wp-image-768\" src=\"https:\/\/gazettelpcuzin.files.wordpress.com\/2017\/04\/ombre6.jpg?w=274\" alt=\"\" width=\"342\" height=\"375\" srcset=\"https:\/\/gazette-lyceeandrecuzin.fr\/wp-content\/uploads\/2017\/04\/ombre6.jpg 768w, https:\/\/gazette-lyceeandrecuzin.fr\/wp-content\/uploads\/2017\/04\/ombre6-274x300.jpg 274w\" sizes=\"(max-width: 342px) 100vw, 342px\" \/><\/a><figcaption id=\"caption-attachment-768\" class=\"wp-caption-text\">Dessin de Lydia<\/figcaption><\/figure>\n<p style=\"text-align: justify;\">Oc\u00e9ane, elle, est arriv\u00e9e en 3\u00e8 pr\u00e9pa pro parce qu\u2019au coll\u00e8ge les r\u00e9sultats n\u2019\u00e9taient pas tr\u00e8s bons. Elle est venue aux portes ouvertes et elle s\u2019est inscrite. En troisi\u00e8me, il y avait huit filles, donc un groupe tr\u00e8s solidaire. \u00c0 la fin de l\u2019ann\u00e9e elle est retourn\u00e9e aux portes ouvertes rencontrer les professeurs de TBEE pour devenir \u00e9conomiste de la construction et elle s\u2019est inscrite au lyc\u00e9e.<\/p>\n<p style=\"text-align: justify;\">Mariana avait envie de devenir peintre en b\u00e2timent, alors, elle s\u2019est inscrite \u00e0 Cuzin, c\u2019est la m\u00eame chose pour la seconde Oc\u00e9ane.<\/p>\n<figure id=\"attachment_751\" aria-describedby=\"caption-attachment-751\" style=\"width: 389px\" class=\"wp-caption alignnone\"><img decoding=\"async\" class=\" wp-image-751\" src=\"http:\/\/gazette-lyceeandrecuzin.fr\/wp-content\/uploads\/2017\/04\/1ombre-1-290x300.jpg\" alt=\"\" width=\"389\" height=\"402\" srcset=\"https:\/\/gazette-lyceeandrecuzin.fr\/wp-content\/uploads\/2017\/04\/1ombre-1-290x300.jpg 290w, https:\/\/gazette-lyceeandrecuzin.fr\/wp-content\/uploads\/2017\/04\/1ombre-1-768x796.jpg 768w, https:\/\/gazette-lyceeandrecuzin.fr\/wp-content\/uploads\/2017\/04\/1ombre-1.jpg 890w\" sizes=\"(max-width: 389px) 100vw, 389px\" \/><figcaption id=\"caption-attachment-751\" class=\"wp-caption-text\">Dessin de Lydia<\/figcaption><\/figure>\n<h2><\/h2>\n<h2 style=\"text-align: justify;\"><strong>Quelles ont \u00e9t\u00e9 les premi\u00e8res impressions en arrivant au lyc\u00e9e ?<\/strong><\/h2>\n<p style=\"text-align: justify;\">Constance raconte que son fr\u00e8re l\u2019a accompagn\u00e9e et qu\u2019elle lui a dit<\/p>\n<blockquote>\n<p style=\"text-align: justify;\">\u00ab j\u2019ai peur, y\u2019a que des grands ! \u00bb<\/p>\n<\/blockquote>\n<p style=\"text-align: justify;\">Son fr\u00e8re lui a expliqu\u00e9 que c\u2019\u00e9tait normal puisqu\u2019ils \u00e9taient plus \u00e2g\u00e9s. C\u2019est \u00e0 ce moment-l\u00e0 qu\u2019elle s\u2019est rendu compte qu\u2019il y avait vraiment plus de gar\u00e7ons que de filles. Du coup, elle a vite fait connaissance avec les filles pour se faire des copines.<\/p>\n<p style=\"text-align: justify;\">Pour Marjorie, arriver dans un lyc\u00e9e de gar\u00e7ons, c\u2019\u00e9tait \u00ab\u00a0vraiment bizarre\u00a0\u00bb. Elle est venue d\u00e9poser son CV et se souvient :<\/p>\n<blockquote>\n<p style=\"text-align: justify;\">\u00ab j\u2019ai \u00e9t\u00e9 choqu\u00e9e, je croyais que \u00e7a n\u2019existait plus, les lyc\u00e9es de gar\u00e7ons. C\u2019\u00e9tait des gar\u00e7ons, comment expliquer ? Eux, ils me parlaient comme si on se connaissait depuis toujours. Moi, j\u2019\u00e9tais une fille tout de m\u00eame, pas comme eux quoi ! \u00bb<\/p>\n<\/blockquote>\n<p style=\"text-align: justify;\">Myriam et Morgane admettent que \u00ab la premi\u00e8re ann\u00e9e, on \u00e9taient un peu g\u00ean\u00e9es \u00bb, il fallait tout de m\u00eame s\u2019y faire.<br \/>\nMariana a un jumeau, ils sont arriv\u00e9s au lyc\u00e9e ensemble. Vivre avec les gar\u00e7ons, c\u2019est tout naturel pour elle. En plus, elle connaissait d\u00e9j\u00e0 d\u2019autres \u00e9l\u00e8ves, la vie \u00e9tait donc simple.<br \/>\nNathalie Bonnaire, d\u00e9l\u00e9gu\u00e9e des parents d\u2019\u00e9l\u00e8ves admet qu\u2019elle n\u2019\u00e9tait pas tout \u00e0 fait rassur\u00e9e par la sp\u00e9cialit\u00e9 du lyc\u00e9e :<\/p>\n<blockquote>\n<p style=\"text-align: justify;\">\u00ab\u00a0Je pensais il y a quelques ann\u00e9es que ma fille ne pouvait pas trouver un m\u00e9tier dans un environnement si masculin\u00a0\u00bb.<\/p>\n<\/blockquote>\n<p style=\"text-align: justify;\"><a href=\"https:\/\/gazettelpcuzin.files.wordpress.com\/2017\/04\/ombre8.jpg\"><img decoding=\"async\" class=\" wp-image-769 alignright\" src=\"https:\/\/gazettelpcuzin.files.wordpress.com\/2017\/04\/ombre8.jpg?w=279\" alt=\"\" width=\"307\" height=\"330\" srcset=\"https:\/\/gazette-lyceeandrecuzin.fr\/wp-content\/uploads\/2017\/04\/ombre8.jpg 770w, https:\/\/gazette-lyceeandrecuzin.fr\/wp-content\/uploads\/2017\/04\/ombre8-279x300.jpg 279w, https:\/\/gazette-lyceeandrecuzin.fr\/wp-content\/uploads\/2017\/04\/ombre8-768x827.jpg 768w\" sizes=\"(max-width: 307px) 100vw, 307px\" \/><\/a>La m\u00e8re d\u2019Oc\u00e9ane B. estimait alors que le plus confortable \u00e9tait de demander une seconde g\u00e9n\u00e9rale mais elle a suivi le choix de sa fille. Elle s\u2019est engag\u00e9e dans le lyc\u00e9e. Cela permet de bien connaitre les gens et le fonctionnement, l\u2019ambiance du lyc\u00e9e. Sur cette base, on peut s\u2019investir. Les parents de Constance, eux, ne voyaient pas pourquoi ce serait un probl\u00e8me, pas plus que les parents d\u2019Oc\u00e9ane G. Chez elles, les filles qui b\u00e2tissent, il y en a plein. Elles font l\u2019\u00e9lectricit\u00e9, la ma\u00e7onnerie, tout dans la maison. Sa s\u0153ur s\u2019est aussi orient\u00e9e dans le b\u00e2timent.<\/p>\n<h2 style=\"text-align: justify;\"><strong>Globalement comment se comportent les gar\u00e7ons dans un lyc\u00e9e b\u00e2timent ?<\/strong><\/h2>\n<p style=\"text-align: justify;\">Il y a des gar\u00e7ons tr\u00e8s bien, Brian, Benjamin au Conseil de Vie Lyc\u00e9enne (CVL)\u00a0 sont vraiment tr\u00e8s bien et il y en a d\u2019autres. En terminale, Redouane est certainement un de ceux avec lesquels on discute le plus facilement.<\/p>\n<p style=\"text-align: justify;\">Marjorie remarque :<\/p>\n<blockquote>\n<p style=\"text-align: justify;\">\u00ab Je me suis fait des copains gar\u00e7ons, on va m\u00eame manger des tacos ensemble \u00bb.<\/p>\n<\/blockquote>\n<p style=\"text-align: justify;\">Sans parler de gentlemen, il y a des gar\u00e7ons biens, polis, attentifs, gentils. Elles peuvent rire avec eux et elles sont contentes de les voir le matin, comme les copines. Il y a des histoires d\u2019amour aussi, qui durent et m\u00eame des anciens \u00e9l\u00e8ves qui se sont mis en m\u00e9nage. On ne peut pas dire qu\u2019il n\u2019y a que des gar\u00e7ons p\u00e9nibles.<\/p>\n<figure id=\"attachment_766\" aria-describedby=\"caption-attachment-766\" style=\"width: 342px\" class=\"wp-caption alignleft\"><a href=\"https:\/\/gazettelpcuzin.files.wordpress.com\/2017\/04\/ombre1.jpg\"><img loading=\"lazy\" decoding=\"async\" class=\" wp-image-766\" src=\"https:\/\/gazettelpcuzin.files.wordpress.com\/2017\/04\/ombre1.jpg?w=239\" alt=\"\" width=\"342\" height=\"429\" srcset=\"https:\/\/gazette-lyceeandrecuzin.fr\/wp-content\/uploads\/2017\/04\/ombre1.jpg 962w, https:\/\/gazette-lyceeandrecuzin.fr\/wp-content\/uploads\/2017\/04\/ombre1-239x300.jpg 239w, https:\/\/gazette-lyceeandrecuzin.fr\/wp-content\/uploads\/2017\/04\/ombre1-768x964.jpg 768w, https:\/\/gazette-lyceeandrecuzin.fr\/wp-content\/uploads\/2017\/04\/ombre1-815x1024.jpg 815w\" sizes=\"(max-width: 342px) 100vw, 342px\" \/><\/a><figcaption id=\"caption-attachment-766\" class=\"wp-caption-text\">Dessin de Lydia<\/figcaption><\/figure>\n<h2 style=\"text-align: justify;\"><strong>Est-ce que les enseignants et la vie scolaire traitent les filles autrement que les gar\u00e7ons ?<\/strong><\/h2>\n<p style=\"text-align: justify;\">Il faut dire que les enseignants sont particuli\u00e8rement attentifs\u00a0aux filles, ils leur font de toute mani\u00e8re plus facilement confiance. Certains font attention \u00e0 valoriser leur f\u00e9minit\u00e9, par exemple en faisant un compliment sur une jolie robe. C\u2019est important, Morgane souligne qu\u2019au bout d\u2019un moment, on risque d\u2019adopter des attitudes de gar\u00e7ons :<\/p>\n<blockquote>\n<p style=\"text-align: justify;\">\u00ab on parle comme eux, on marche comme eux, faut se raisonner \u00bb.<\/p>\n<\/blockquote>\n<figure id=\"attachment_755\" aria-describedby=\"caption-attachment-755\" style=\"width: 347px\" class=\"wp-caption aligncenter\"><a href=\"https:\/\/gazettelpcuzin.files.wordpress.com\/2017\/04\/2ombre.jpg\"><img loading=\"lazy\" decoding=\"async\" class=\" wp-image-755\" src=\"https:\/\/gazettelpcuzin.files.wordpress.com\/2017\/04\/2ombre.jpg?w=254\" alt=\"\" width=\"347\" height=\"410\" \/><\/a><figcaption id=\"caption-attachment-755\" class=\"wp-caption-text\">Dessin de Lydia<\/figcaption><\/figure>\n<p style=\"text-align: justify;\">Elle s\u2019est fait la r\u00e9flexion en regardant Myriam et d&rsquo;autres sur le banc de l\u2019abri bus. Leur attitude n\u2019\u00e9tait pas tout \u00e0 fait \u00e9l\u00e9gante : en tenue de sport, affaiss\u00e9es.<br \/>\nEn cours, les enseignants les aident, ils surveillent un peu aussi. Les gar\u00e7ons sentent qu\u2019on attend un certain comportement de leur part et qu\u2019il ne faut pas \u00eatre lourd. Il y a des professeurs qui les reprennent avec humour et ceux qui glacent du regard. Ils ont chacun leur technique.<br \/>\nElles sont plus facilement consid\u00e9r\u00e9es comme des personnes s\u00e9rieuses. C\u2019est\u00a0pas\u00a0forc\u00e9ment\u00a0\u00ab\u00a0juste\u00a0\u00bb, c\u2019est agr\u00e9able selon Marjorie.<br \/>\nMariana nuance, elle n\u2019a jamais relev\u00e9 une diff\u00e9rence de traitement, c\u2019est mieux selon elle, plus \u00e9gal. Elle veut l\u2019\u00e9galit\u00e9.<br \/>\nEt puis les filles s\u2019investissent plus aussi dans le lyc\u00e9e. Elles sont au CVL, elles sont d\u00e9l\u00e9gu\u00e9es, elles sont \u00e9lues au Conseil d\u2019administration. Du coup, elles posent les probl\u00e8mes et elles connaissent bien tout le monde dans l\u2019\u00e9tablissement.<\/p>\n<blockquote>\n<p style=\"text-align: justify;\">\u00ab\u00a0Elles font tout le boulot. Enfin, il y a aussi des gar\u00e7ons mais en proportion, les filles sont plus investies\u00a0\u00bb pensent certaines.<\/p>\n<p style=\"text-align: justify;\">\u00ab\u00a0Elles veulent mettre de la joie, que tout le monde se sente \u00e0 l\u2019aise.\u00a0\u00bb rectifient les \u00e9lues.<\/p>\n<\/blockquote>\n<h2 style=\"text-align: justify;\"><strong>On n\u2019est pas pour autant au pays des Bisounours<\/strong><\/h2>\n<p style=\"text-align: justify;\">Globalement les gar\u00e7ons sont bien, surtout au sein de la classe, on l\u2019a dit. Ceux-l\u00e0 ne se posent pas la question de savoir s\u2019il y a des \u00ab\u00a0m\u00e9tiers d\u2019hommes\u00a0\u00bb. Morgane se souvient de s\u2019\u00eatre disput\u00e9e avec Eddie. Il lui avait fait une r\u00e9flexion d\u00e9sobligeante et ils ont bien failli en venir aux mains. Faut savoir s\u2019imposer.<\/p>\n<figure id=\"attachment_756\" aria-describedby=\"caption-attachment-756\" style=\"width: 336px\" class=\"wp-caption alignleft\"><a href=\"https:\/\/gazettelpcuzin.files.wordpress.com\/2017\/04\/3ombre.jpg\"><img loading=\"lazy\" decoding=\"async\" class=\" wp-image-756\" src=\"https:\/\/gazettelpcuzin.files.wordpress.com\/2017\/04\/3ombre.jpg?w=220\" alt=\"\" width=\"336\" height=\"458\" \/><\/a><figcaption id=\"caption-attachment-756\" class=\"wp-caption-text\">Dessin de Lydia<\/figcaption><\/figure>\n<p style=\"text-align: justify;\">Il y a des lourds. Ils confondent ma\u00e7on et gar\u00e7on. Ils ont peur des filles dans les branches du b\u00e2timent.<\/p>\n<blockquote>\n<p style=\"text-align: justify;\">Selon Myriam\u00a0: \u00ab\u00a0parfois, les hormones atteignent le cerveau. Il n\u2019y en a pas beaucoup mais p\u00e9nibles. Il y en a moins en fin d\u2019ann\u00e9e qu\u2019au d\u00e9but, les lourds, c\u2019est souvent, enfin, surtout des secondes.\u00a0\u00bb<\/p>\n<\/blockquote>\n<p style=\"text-align: justify;\">Morgane pense que c\u2019est parce qu\u2019ils n\u2019ont pas fini de grandir et parce que chez eux, ils ne font pas les courses. Ils n\u2019ont jamais vu un aspirateur et \u00e7a ne les aide pas. Myriam est d\u2019accord.<\/p>\n<p style=\"text-align: justify;\">Mariana se souvient que certains la charriaient parce que les m\u00e9tiers du b\u00e2timent ne seraient pas des m\u00e9tiers de filles. Sans argumenter, ils disaient \u00ab\u00a0c\u2019est pas pour les filles, c\u2019est pas un m\u00e9tier normal\u00a0\u00bb. En fait pour la plupart, c\u2019\u00e9tait une plaisanterie. Pour Svetlana et Oc\u00e9ane, il n\u2019y a jamais eu de r\u00e9flexion parce qu\u2019elles se forment pour \u00eatre \u00e9conomistes de la construction, c\u2019est un m\u00e9tier o\u00f9 on est plus dans les bureaux, peut-\u00eatre\u00a0?<\/p>\n<p style=\"text-align: justify;\">Oc\u00e9ane trouve certains gar\u00e7ons lourds mais elle a des cousins et certains sont aussi, voire plus lourds, que les gar\u00e7ons critiquables du lyc\u00e9e. Ils manquent de respect envers leurs parents parfois. Ils parlent mal, parlent fort, font les rebelles. Certaines filles disent qu\u2019il y en a qui crachent par terre, elles trouvent \u00e7a d\u00e9goutant.<\/p>\n<p style=\"text-align: justify;\">Certains \u00ab\u00a0taquinent\u00a0\u00bb. Et ce n\u2019est pas dr\u00f4le.<\/p>\n<blockquote>\n<p style=\"text-align: justify;\">\u00ab\u00a0Ils savent tous nos pr\u00e9noms. Forc\u00e9ment, nous on ne les conna\u00eet pas mais on est peu nombreuses, eux, ils nous connaissent. Ils nous regardent, cela peut \u00eatre pesant. Certains peuvent adresser des r\u00e9flexions blessantes, jamais devant nous, dans le dos et de pr\u00e9f\u00e9rence apr\u00e8s la grille du lyc\u00e9e. Bravo, tr\u00e8s courageux.\u00a0\u00bb<br \/>\nIls passent un sale quart d\u2019heure quand les profs leur mettent la main dessus. Direction le bureau du CPE ou du proviseur.<\/p>\n<\/blockquote>\n<p style=\"text-align: justify;\">N\u2019emp\u00eache qu\u2019ils peuvent \u00eatre blessants. En presque quatre ans, c\u2019est arriv\u00e9 une fois \u00e0 Oc\u00e9ane et elle n\u2019a pas du tout aim\u00e9.<\/p>\n<p style=\"text-align: justify;\">Myriam pense que quand ils arrivent au lyc\u00e9e, certains gar\u00e7ons sont des b\u00e9b\u00e9s vulgaires, apr\u00e8s, ils grandissent mais il faut \u00eatre ferme. Pour elle, c\u2019est la clef \u00ab\u00a0\u00eatre ferme \u00bb. Il ne faut pas accepter de leur raconter sa vie non plus. Morgane pr\u00e9cise que les lourds posent beaucoup trop de questions personnelles, ensuite ils tentent de faire les chefs. Et puis selon Morgane, ce sont des b\u00e9b\u00e9s maladroits. Ils voudraient draguer et font les machos. Aborder une fille en disant \u00ab oh, comme t\u2019es coiff\u00e9e, on dirait un cheval \u2026. \u00ab\u00a0La classe\u00a0\u00bb\u00a0?\u00a0\u00bb.<\/p>\n<p style=\"text-align: justify;\">Est-ce un probl\u00e8me de gar\u00e7ons seulement ? Oc\u00e9ane a eu en seconde une exp\u00e9rience de harc\u00e8lement par facebook, c\u2019\u00e9tait une fille ! Au coll\u00e8ge, elle \u00e9tait dans une classe de filles et c\u2019\u00e9tait horrible, elles se disputaient et se faisaient des coups bas. Selon les cousines\u00a0de Marjorie,\u00a0c\u2019est parce que les filles sont en comp\u00e9tition tout le temps. En fait malgr\u00e9 les p\u00e9nibles, les filles du lyc\u00e9e aiment bien \u00eatre avec des gar\u00e7ons.<\/p>\n<blockquote>\n<p style=\"text-align: justify;\">\u00ab\u00a0On avait du caract\u00e8re avant, maintenant on a la fermet\u00e9\u00a0\u00bb conclut Morgane.<\/p>\n<\/blockquote>\n<h2 style=\"text-align: justify;\"><strong>Et en stage, quels probl\u00e8mes rencontrent les filles ?<\/strong><\/h2>\n<p style=\"text-align: justify;\">En stage, ni Oc\u00e9ane, ni Constance, ni les autres ne se sont senties sous pression. Mais il y a des entreprises qui ne veulent pas prendre de filles et qui disent que c\u2019est parce qu\u2019il n\u2019y a pas de vestiaires s\u00e9par\u00e9s, ce n\u2019est pas normal. Elles en parlent dans leur pi\u00e8ce de th\u00e9\u00e2tre d\u2019ailleurs,<a href=\"https:\/\/gazettelpcuzin.wordpress.com\/2017\/01\/03\/atelier-theatre-des-afor-donc-si-jai-ecrit-cette-scene-cest-simplement-parce-que-cest-une-histoire-vraie-smain\/\">\u00a0l\u00e0<\/a>.<\/p>\n<figure id=\"attachment_757\" aria-describedby=\"caption-attachment-757\" style=\"width: 345px\" class=\"wp-caption alignleft\"><a href=\"https:\/\/gazettelpcuzin.files.wordpress.com\/2017\/04\/4ombre.jpg\"><img loading=\"lazy\" decoding=\"async\" class=\" wp-image-757\" src=\"https:\/\/gazettelpcuzin.files.wordpress.com\/2017\/04\/4ombre.jpg?w=232\" alt=\"\" width=\"345\" height=\"446\" srcset=\"https:\/\/gazette-lyceeandrecuzin.fr\/wp-content\/uploads\/2017\/04\/4ombre.jpg 1010w, https:\/\/gazette-lyceeandrecuzin.fr\/wp-content\/uploads\/2017\/04\/4ombre-232x300.jpg 232w, https:\/\/gazette-lyceeandrecuzin.fr\/wp-content\/uploads\/2017\/04\/4ombre-768x995.jpg 768w, https:\/\/gazette-lyceeandrecuzin.fr\/wp-content\/uploads\/2017\/04\/4ombre-791x1024.jpg 791w\" sizes=\"(max-width: 345px) 100vw, 345px\" \/><\/a><figcaption id=\"caption-attachment-757\" class=\"wp-caption-text\">Dessin de Lydia<\/figcaption><\/figure>\n<p style=\"text-align: justify;\">Et Oc\u00e9ane se souvient qu\u2019elle a une fois visit\u00e9 un chantier et qu\u2019elle s\u2019est fait siffler. Ensuite elle est revenue sur les lieux avec son ma\u00eetre de stage et, \u00ab\u00a0comme par hasard\u00a0\u00bb, elle n\u2019a rien entendu. C\u2019est bien que certains savent qu\u2019ils sont incorrects. Donc, il ne faut pas se laisser faire ! Constance voudrait bien que les filles se mettent en haut des \u00e9chafaudages et sifflent les siffleurs pour voir s\u2019ils trouvent cela correct.<\/p>\n<p style=\"text-align: justify;\">Mariana a un jour t\u00e9l\u00e9phon\u00e9 \u00e0 une entreprise pour un stage. Elle est tomb\u00e9e sur une dame, la femme du patron certainement, qui s\u2019est mise \u00e0 rire quand elle a su que c\u2019\u00e9tait pour un stage. Elle lui a dit : \u00ab C\u2019est vraiment pour un stage ? Dans ce m\u00e9tier l\u00e0 ? D\u00e9sol\u00e9e, on ne prend pas de stagiaire. \u00bb Elle a trouv\u00e9 un stage, dans ce \u00ab\u00a0m\u00e9tier-l\u00e0\u00a0\u00bb, ailleurs. En peinture, des filles, il y en a plein, alors ce n\u2019est pas cette dame qui allait la d\u00e9courager.<\/p>\n<h2 style=\"text-align: justify;\"><strong>Au lyc\u00e9e, comment faire pour am\u00e9liorer le comportement des quelques gar\u00e7ons p\u00e9nibles?<\/strong><\/h2>\n<blockquote>\n<p style=\"text-align: justify;\">\u00ab\u00a0Il faudrait faire une action en direction des\u00a0secondes, tout\u00a0au d\u00e9but de l\u2019ann\u00e9e, pour bien poser les r\u00e8gles du respect des autres et du mat\u00e9riel aussi. Tout\u00a0part\u00a0du respect, pense Marjorie. Avec plus de politesse, ils seront tous impeccables\u00a0\u00bb selon Myriam.<\/p>\n<\/blockquote>\n<p style=\"text-align: justify;\">Il faudrait informer les filles sur les d\u00e9bouch\u00e9s des m\u00e9tiers du b\u00e2timent, le lyc\u00e9e serait mixte.<\/p>\n<p style=\"text-align: justify;\">Pour les filles, c\u2019est bien de se r\u00e9unir et de se conna\u00eetre.<\/p>\n<p style=\"text-align: justify;\">C\u2019est aussi bien de rencontrer les gar\u00e7ons dans le cadre d\u2019activit\u00e9s hors des cours, la journ\u00e9e intersport par exemple.<\/p>\n<figure id=\"attachment_767\" aria-describedby=\"caption-attachment-767\" style=\"width: 329px\" class=\"wp-caption aligncenter\"><a href=\"https:\/\/gazettelpcuzin.files.wordpress.com\/2017\/04\/ombre2.jpg\"><img loading=\"lazy\" decoding=\"async\" class=\" wp-image-767\" src=\"https:\/\/gazettelpcuzin.files.wordpress.com\/2017\/04\/ombre2.jpg?w=212\" alt=\"\" width=\"329\" height=\"465\" srcset=\"https:\/\/gazette-lyceeandrecuzin.fr\/wp-content\/uploads\/2017\/04\/ombre2.jpg 798w, https:\/\/gazette-lyceeandrecuzin.fr\/wp-content\/uploads\/2017\/04\/ombre2-212x300.jpg 212w, https:\/\/gazette-lyceeandrecuzin.fr\/wp-content\/uploads\/2017\/04\/ombre2-768x1088.jpg 768w, https:\/\/gazette-lyceeandrecuzin.fr\/wp-content\/uploads\/2017\/04\/ombre2-723x1024.jpg 723w\" sizes=\"(max-width: 329px) 100vw, 329px\" \/><\/a><figcaption id=\"caption-attachment-767\" class=\"wp-caption-text\">Dessin de Lydia<\/figcaption><\/figure>\n<p style=\"text-align: justify;\">Une campagne sur la politesse, et les bonnes mani\u00e8res avec de l\u2019humour serait bien.<\/p>\n<blockquote>\n<p style=\"text-align: justify;\">\u00ab\u00a0Il faut de l\u2019humour parce que l\u2019on ne veut pas vexer les gar\u00e7ons bien, on veut faire changer quelques lourds\u00a0\u00bb dit Marjorie.\u00a0\u00ab\u00a0On pourrait faire des affiches.\u00a0\u00bb LOL<\/p>\n<\/blockquote>\n<p style=\"text-align: justify;\">L\u2019exposition sur l\u2019\u00e9galit\u00e9 filles et gar\u00e7ons et les interventions\u00a0au CDI,\u00a0c\u2019est bien.<\/p>\n<blockquote>\n<p style=\"text-align: justify;\">\u00ab\u00a0On pourrait demander aux gar\u00e7ons leur avis et leur demander ce qu\u2019ils pourraient changer. C\u2019est important de leur demander ce qu\u2019ils pensent. \u00bb Oc\u00e9ane soutient qu\u2019\u00a0\u00ab\u00a0il y a des chances pour que les quelques <strong>p\u00e9nibles<\/strong> se mettent \u00e0 parler et du coup on pourra dialoguer. On pourrait faire un d\u00e9bat et cela leur permettra de r\u00e9fl\u00e9chir. Ils vont commencer par essayer de parler plus fort que les autres, c\u2019est s\u00fbr. Mais ensuite, ils vont aussi se rendre compte qu\u2019ils ne se mettent pas en valeur et qu\u2019ils ne sont pas les mod\u00e8les. \u00c7a va les faire r\u00e9fl\u00e9chir.\u00a0\u00bb<\/p>\n<\/blockquote>\n<p style=\"text-align: justify;\"><strong><u>On a trouv\u00e9 au CDI\u00a0:<\/u><\/strong><\/p>\n<p style=\"text-align: justify;\">Une bande dessin\u00e9e avec une h\u00e9ro\u00efne femme qui a un mari \u00ab\u00a0lourd\u00a0\u00bb qui ne sait ni cuisiner, ni passer l\u2019aspirateur, \u00e7a finit mal \u2026 pour lui.<\/p>\n<p style=\"text-align: justify;\"><em><u>Lip\u00a0: des h\u00e9ros ordinaires<\/u><\/em> de \u00a0Laurent Galandon et \u00a0Damien Vidal, \u00a0paru chez Dargaud en 2014.<\/p>\n<p style=\"text-align: justify;\">Aux malpolis, on conseille vivement\u00a0:<\/p>\n<p style=\"text-align: justify;\"><em><u>Aya de Yopugon<\/u><\/em>\u00a0de Marguerite \u00a0Abouet, paru chez Gallimard en 2005<\/p>\n<p style=\"text-align: justify;\">Sur le harc\u00e8lement :<\/p>\n<p style=\"text-align: justify;\"><span class=\"item\"><span style=\"text-decoration: underline;\"><em><span class=\"bold\">Les crocodiles : t\u00e9moignages sur le harc\u00e8lement et le sexisme ordinaire<\/span><\/em><\/span> de Thomas Mathieu, \u00e9dit\u00e9 par Le lombard en 2014<\/span><\/p>\n<p style=\"text-align: justify;\"><strong><u>On a trouv\u00e9 sur le net :<\/u><\/strong><\/p>\n<ul style=\"text-align: justify;\">\n<li>Le figaro :\u00a0<a href=\"http:\/\/madame.lefigaro.fr\/societe\/ces-femmes-qui-simposent-dans-un-metier-dhommes-091214-93334\">M\u00e9tier d\u2019hommes, comment se faire respecter ?\u00a0<\/a><\/li>\n<li>Lib\u00e9ration et <a href=\"http:\/\/www.liberation.fr\/france\/2016\/11\/24\/le-sexisme-un-phenomene-generalise-en-entreprise_1530577\">le sexisme en entreprise<\/a><\/li>\n<li>Article\u00a0<a href=\"http:\/\/www.terrafemina.com\/article\/pourquoi-les-femmes-dans-le-batiment-sont-un-atout-en-beton_a268511\/1\">femmes dans le b\u00e2timent<\/a><\/li>\n<li>F\u00e9d\u00e9ration fran\u00e7aise du b\u00e2timent :\u00a0<a href=\"http:\/\/www.ffbatiment.fr\/federation-francaise-du-batiment\/le-batiment-et-vous\/metiers\/les-femmes-ont-toute-leur-place-dans-le-batiment.html\">leur action pour les femmes<\/a><\/li>\n<li><a href=\"http:\/\/www.batiraufeminin.fr\/\">B\u00e2tir au f\u00e9minin<\/a>, une association pour d\u00e9fendre les femmes dans le b\u00e2timent<\/li>\n<li><a href=\"http:\/\/www.artisans-du-batiment.com\/concours-conjuguez-les-metiers-du-batiment-au-feminin-kqt\/\">Concours b\u00e2tir au f\u00e9minin<\/a><\/li>\n<\/ul>\n<p style=\"text-align: justify;\">Bandes dessin\u00e9es sur la condition et l\u2019histoire des femmes, bibliographies\u00a0:<\/p>\n<ul>\n<li style=\"text-align: justify;\"><a href=\"http:\/\/www.madmoizelle.com\/penelope-bagieu-les-culottees-488329\">Madmoizelle<\/a><\/li>\n<li style=\"text-align: justify;\"><a href=\"http:\/\/www.bdfugue.com\/bd\/selections\/destins-de-femmes\">http:\/\/www.bdfugue.com\/bd\/selections\/destins-de-femmes<\/a><\/li>\n<li style=\"text-align: justify;\"><a href=\"https:\/\/labrechebd.wordpress.com\/bibliographie-commentee-les-femmes-en-bande-dessinee\/\">https:\/\/labrechebd.wordpress.com\/bibliographie-commentee-les-femmes-en-bande-dessinee\/<\/a><\/li>\n<li style=\"text-align: justify;\"><a href=\"http:\/\/www.babelio.com\/liste\/4525\/Femmes-et-bandes-dessinees\">http:\/\/www.babelio.com\/liste\/4525\/Femmes-et-bandes-dessinees<\/a><\/li>\n<\/ul>\n","protected":false},"excerpt":{"rendered":"<p>Dans l\u2019\u00e9tablissement, comme sur les chantiers et dans trop de bureaux d\u2019\u00e9tudes encore, ce n\u2019est pas vraiment la parit\u00e9 ! Les AFB en parlent dans la pi\u00e8ce qu\u2019ils ont \u00e9crite<\/p>\n","protected":false},"author":2,"featured_media":1766,"comment_status":"closed","ping_status":"closed","sticky":false,"template":"","format":"standard","meta":{"jetpack_post_was_ever_published":false,"_jetpack_newsletter_access":"","_jetpack_dont_email_post_to_subs":false,"_jetpack_newsletter_tier_id":0,"_jetpack_memberships_contains_paywalled_content":false,"_jetpack_memberships_contains_paid_content":false,"footnotes":""},"categories":[28,4],"tags":[],"class_list":["post-747","post","type-post","status-publish","format-standard","has-post-thumbnail","hentry","category-citoyennete","category-vie-du-lycee"],"jetpack_sharing_enabled":false,"jetpack_featured_media_url":"https:\/\/gazette-lyceeandrecuzin.fr\/wp-content\/uploads\/2017\/04\/1ombre-e1545146487579.jpg","jetpack_shortlink":"https:\/\/wp.me\/paGPHf-c3","jetpack_likes_enabled":true,"_links":{"self":[{"href":"https:\/\/gazette-lyceeandrecuzin.fr\/index.php?rest_route=\/wp\/v2\/posts\/747","targetHints":{"allow":["GET"]}}],"collection":[{"href":"https:\/\/gazette-lyceeandrecuzin.fr\/index.php?rest_route=\/wp\/v2\/posts"}],"about":[{"href":"https:\/\/gazette-lyceeandrecuzin.fr\/index.php?rest_route=\/wp\/v2\/types\/post"}],"author":[{"embeddable":true,"href":"https:\/\/gazette-lyceeandrecuzin.fr\/index.php?rest_route=\/wp\/v2\/users\/2"}],"replies":[{"embeddable":true,"href":"https:\/\/gazette-lyceeandrecuzin.fr\/index.php?rest_route=%2Fwp%2Fv2%2Fcomments&post=747"}],"version-history":[{"count":3,"href":"https:\/\/gazette-lyceeandrecuzin.fr\/index.php?rest_route=\/wp\/v2\/posts\/747\/revisions"}],"predecessor-version":[{"id":2407,"href":"https:\/\/gazette-lyceeandrecuzin.fr\/index.php?rest_route=\/wp\/v2\/posts\/747\/revisions\/2407"}],"wp:featuredmedia":[{"embeddable":true,"href":"https:\/\/gazette-lyceeandrecuzin.fr\/index.php?rest_route=\/wp\/v2\/media\/1766"}],"wp:attachment":[{"href":"https:\/\/gazette-lyceeandrecuzin.fr\/index.php?rest_route=%2Fwp%2Fv2%2Fmedia&parent=747"}],"wp:term":[{"taxonomy":"category","embeddable":true,"href":"https:\/\/gazette-lyceeandrecuzin.fr\/index.php?rest_route=%2Fwp%2Fv2%2Fcategories&post=747"},{"taxonomy":"post_tag","embeddable":true,"href":"https:\/\/gazette-lyceeandrecuzin.fr\/index.php?rest_route=%2Fwp%2Fv2%2Ftags&post=747"}],"curies":[{"name":"wp","href":"https:\/\/api.w.org\/{rel}","templated":true}]}}