{"id":464,"date":"2016-11-28T14:02:29","date_gmt":"2016-11-28T13:02:29","guid":{"rendered":"https:\/\/gazettelpcuzin.wordpress.com\/?p=464"},"modified":"2019-02-08T14:00:11","modified_gmt":"2019-02-08T13:00:11","slug":"les-eleves-sont-souvent-perches-mais-doivent-imperativement-etre-en-securite","status":"publish","type":"post","link":"https:\/\/gazette-lyceeandrecuzin.fr\/?p=464","title":{"rendered":"Les \u00e9l\u00e8ves sont souvent perch\u00e9s \u2026\u2026Mais doivent imp\u00e9rativement \u00eatre en s\u00e9curit\u00e9."},"content":{"rendered":"<p style=\"text-align: justify;\"><strong>Les \u00e9l\u00e8ves ont d\u00e9couvert avec Monsieur Dupuis comment utiliser un \u00e9chafaudage en seconde et en premi\u00e8re mais ils n\u2019avaient jamais mont\u00e9 d\u2019\u00e9chafaudage. Cette ann\u00e9e, ils ont approfondi leurs comp\u00e9tences avec Monsieur Berry.<\/strong><\/p>\n<p style=\"text-align: justify;\"><strong>Un article r\u00e9dig\u00e9 par Julien, Ayrton et Eric<\/strong><\/p>\n<figure id=\"attachment_466\" aria-describedby=\"caption-attachment-466\" style=\"width: 269px\" class=\"wp-caption alignnone\"><img fetchpriority=\"high\" decoding=\"async\" class=\" wp-image-466\" src=\"https:\/\/gazettelpcuzin.files.wordpress.com\/2016\/11\/julian-beever-street-art-91-anamorphose.jpg?w=239\" alt=\"Julian Beever - Anamorphose, 1991\" width=\"269\" height=\"338\" srcset=\"https:\/\/gazette-lyceeandrecuzin.fr\/wp-content\/uploads\/2016\/11\/julian-beever-street-art-91-anamorphose.jpg 610w, https:\/\/gazette-lyceeandrecuzin.fr\/wp-content\/uploads\/2016\/11\/julian-beever-street-art-91-anamorphose-239x300.jpg 239w\" sizes=\"(max-width: 269px) 100vw, 269px\" \/><figcaption id=\"caption-attachment-466\" class=\"wp-caption-text\">Julian Beever &#8211; Anamorphose, 1991<\/figcaption><\/figure>\n<p style=\"text-align: justify;\"><!--more--><\/p>\n<p style=\"text-align: justify;\"><strong>Attention, danger\u00a0<\/strong><\/p>\n<p style=\"text-align: justify;\">La chute constitue la principale cause d\u2019accidents mortels du travail dans les m\u00e9tiers du b\u00e2timent, le savez-vous\u00a0? Le risque est pr\u00e9sent dans de nombreux cas, autant dire que nous y sommes particuli\u00e8rement sensibles et que nous sommes tr\u00e8s tr\u00e8s tr\u00e8s attentifs aux cours de Monsieur Dupuis et Monsieur Berry. Nous sommes souvent amen\u00e9s \u00e0 travailler sur des fa\u00e7ades, pour les peindre et pour les r\u00e9nover. Il en va de m\u00eame pour les cages d\u2019escaliers, la taille des arbres, la pose de mobiles et de d\u00e9corations dans les collectivit\u00e9s. Autant vous dire qu\u2019il est interdit de faire ce que font les peintres dessin\u00e9s ci-dessous sur la fa\u00e7ade d\u2019une entreprise de la Croix-Rousse. C\u2019est beau, c\u2019est po\u00e9tique mais il ne fait pas le faire, il vaut mieux le peindre \u2026<\/p>\n<p>&nbsp;<\/p>\n<figure id=\"attachment_467\" aria-describedby=\"caption-attachment-467\" style=\"width: 614px\" class=\"wp-caption alignnone\"><img decoding=\"async\" class=\" wp-image-467\" src=\"https:\/\/gazettelpcuzin.files.wordpress.com\/2016\/11\/dsc_0654.jpg?w=300\" alt=\"Fa\u00e7ade de l'entreprise Schuler \u00e0 la Croix-Rousse. Photographie Didier Grappe\" width=\"614\" height=\"409\" srcset=\"https:\/\/gazette-lyceeandrecuzin.fr\/wp-content\/uploads\/2016\/11\/dsc_0654.jpg 4256w, https:\/\/gazette-lyceeandrecuzin.fr\/wp-content\/uploads\/2016\/11\/dsc_0654-300x200.jpg 300w, https:\/\/gazette-lyceeandrecuzin.fr\/wp-content\/uploads\/2016\/11\/dsc_0654-768x511.jpg 768w, https:\/\/gazette-lyceeandrecuzin.fr\/wp-content\/uploads\/2016\/11\/dsc_0654-1024x681.jpg 1024w\" sizes=\"(max-width: 614px) 100vw, 614px\" \/><figcaption id=\"caption-attachment-467\" class=\"wp-caption-text\">Fa\u00e7ade de l&rsquo;entreprise Schuler \u00e0 la Croix-Rousse. Photographie Didier Grappe<\/figcaption><\/figure>\n<p>&nbsp;<\/p>\n<figure id=\"attachment_474\" aria-describedby=\"caption-attachment-474\" style=\"width: 365px\" class=\"wp-caption alignnone\"><img decoding=\"async\" class=\"wp-image-474\" src=\"https:\/\/gazettelpcuzin.files.wordpress.com\/2016\/11\/20161118_103107.jpg?w=300\" alt=\"Photographie M. Berry\" width=\"365\" height=\"206\" \/><figcaption id=\"caption-attachment-474\" class=\"wp-caption-text\">Photographie M. Berry<\/figcaption><\/figure>\n<p style=\"text-align: justify;\"><strong>Avec Monsieur Berry nous avons beaucoup appris.<\/strong><\/p>\n<p style=\"text-align: justify;\">Monsieur Berry nous a fait d\u00e9couvrir le travail en hauteur. Nous avons commenc\u00e9 par monter deux \u00e9chafaudages, attention pas n\u2019importe lesquels\u00a0: un ABC Minet et un Lahyer\u00a0! Nous nous sommes rev\u00eatus des \u00e9quipements de protection individuelle (EPI) c\u2019est-\u00e0-dire d\u2019un casque, de gants, de chaussures de s\u00e9curit\u00e9 ainsi que d\u2019un harnais avec une longe anti-chute. Le harnais, par exemple, doit \u00eatre r\u00e9gl\u00e9 en fonction de la morphologie de son utilisateur et doit \u00eatre confortable pour ne pas rendre le travail p\u00e9nible. Nous avons ensuite suivi un cours th\u00e9orique sur les diff\u00e9rents types d\u2019\u00e9chafaudages, la s\u00e9curit\u00e9 au travail, la r\u00e8glementation. Nous avons aussi appris \u00e0 faire un quantitatif mat\u00e9riaux. Il s\u2019agit de faire l\u2019inventaire des pi\u00e8ces indispensables au montage de l\u2019\u00e9chafaudage.<\/p>\n<figure id=\"attachment_469\" aria-describedby=\"caption-attachment-469\" style=\"width: 427px\" class=\"wp-caption alignnone\"><img loading=\"lazy\" decoding=\"async\" class=\" wp-image-469\" src=\"https:\/\/gazettelpcuzin.files.wordpress.com\/2016\/11\/20161118_084239.jpg?w=300\" alt=\"Photographie M. Berry\" width=\"427\" height=\"241\" srcset=\"https:\/\/gazette-lyceeandrecuzin.fr\/wp-content\/uploads\/2016\/11\/20161118_084239.jpg 1636w, https:\/\/gazette-lyceeandrecuzin.fr\/wp-content\/uploads\/2016\/11\/20161118_084239-300x169.jpg 300w, https:\/\/gazette-lyceeandrecuzin.fr\/wp-content\/uploads\/2016\/11\/20161118_084239-768x432.jpg 768w, https:\/\/gazette-lyceeandrecuzin.fr\/wp-content\/uploads\/2016\/11\/20161118_084239-1024x576.jpg 1024w\" sizes=\"(max-width: 427px) 100vw, 427px\" \/><figcaption id=\"caption-attachment-469\" class=\"wp-caption-text\">Photographie M. Berry<\/figcaption><\/figure>\n<figure id=\"attachment_470\" aria-describedby=\"caption-attachment-470\" style=\"width: 424px\" class=\"wp-caption alignnone\"><img loading=\"lazy\" decoding=\"async\" class=\"wp-image-470 \" src=\"https:\/\/gazettelpcuzin.files.wordpress.com\/2016\/11\/20161118_085849.jpg?w=300\" alt=\"20161118_085849\" width=\"424\" height=\"239\" srcset=\"https:\/\/gazette-lyceeandrecuzin.fr\/wp-content\/uploads\/2016\/11\/20161118_085849.jpg 1636w, https:\/\/gazette-lyceeandrecuzin.fr\/wp-content\/uploads\/2016\/11\/20161118_085849-300x169.jpg 300w, https:\/\/gazette-lyceeandrecuzin.fr\/wp-content\/uploads\/2016\/11\/20161118_085849-768x432.jpg 768w, https:\/\/gazette-lyceeandrecuzin.fr\/wp-content\/uploads\/2016\/11\/20161118_085849-1024x576.jpg 1024w\" sizes=\"(max-width: 424px) 100vw, 424px\" \/><figcaption id=\"caption-attachment-470\" class=\"wp-caption-text\">Photographie M. Berry<\/figcaption><\/figure>\n<p style=\"text-align: justify;\">Quelle que soit la hauteur, une chute peut \u00eatre dangereuse. L\u2019employeur doit mettre en place des moyens de pr\u00e9vention pour que le risque de chute\u00a0soit supprim\u00e9. Il faut donc planifier les travaux et les \u00e9valuer en fonction des dangers. Il faut \u00e9viter au maximum les d\u00e9placements en hauteur par exemple. Il est aussi important de pr\u00e9voir que toutes les op\u00e9rations qui peuvent \u00eatre faites au sol le soient, comme m\u00e9langer les peintures. C\u2019est un domaine o\u00f9 le climat est tr\u00e8s important, il faut surveiller la m\u00e9t\u00e9o, en cas d\u2019orage et de vents violents, de temp\u00e9ratures trop basses, il est raisonnable de s\u2019abstenir.<\/p>\n<figure id=\"attachment_471\" aria-describedby=\"caption-attachment-471\" style=\"width: 362px\" class=\"wp-caption alignleft\"><img loading=\"lazy\" decoding=\"async\" class=\" wp-image-471\" src=\"https:\/\/gazettelpcuzin.files.wordpress.com\/2016\/11\/20161118_091533.jpg?w=300\" alt=\"Photographie M. Berry\" width=\"362\" height=\"204\" srcset=\"https:\/\/gazette-lyceeandrecuzin.fr\/wp-content\/uploads\/2016\/11\/20161118_091533.jpg 3264w, https:\/\/gazette-lyceeandrecuzin.fr\/wp-content\/uploads\/2016\/11\/20161118_091533-300x169.jpg 300w, https:\/\/gazette-lyceeandrecuzin.fr\/wp-content\/uploads\/2016\/11\/20161118_091533-768x432.jpg 768w, https:\/\/gazette-lyceeandrecuzin.fr\/wp-content\/uploads\/2016\/11\/20161118_091533-1024x576.jpg 1024w\" sizes=\"(max-width: 362px) 100vw, 362px\" \/><figcaption id=\"caption-attachment-471\" class=\"wp-caption-text\">Photographie M. Berry<\/figcaption><\/figure>\n<p style=\"text-align: justify;\">Pour les travaux en hauteur, il faut privil\u00e9gier les protections collectives, les protections individuelles sont importantes mais ne suffisent pas. Elles permettent d\u2019arr\u00eater les chutes mais ne les emp\u00eachent pas alors qu\u2019il faut les emp\u00eacher. Les protections collectives s\u2019appellent des garde-corps \u00e9quip\u00e9s de lisses, sous-lisses et les plinthes. En fonction des risques, on choisit une plate-forme individuelle, un \u00e9chafaudage ou une nacelle. Les protections individuelles n\u2019interviennent que si elles prot\u00e8gent mieux que les protections collectives. Julien trouve que c\u2019est tr\u00e8s rassurant de savoir que si les protections ne sont pas mises en place, on peut se retirer du chantier.<\/p>\n<figure id=\"attachment_473\" aria-describedby=\"caption-attachment-473\" style=\"width: 454px\" class=\"wp-caption alignnone\"><img loading=\"lazy\" decoding=\"async\" class=\" wp-image-473\" src=\"https:\/\/gazettelpcuzin.files.wordpress.com\/2016\/11\/20161118_094843.jpg?w=300\" alt=\"Photographie M. Berry\" width=\"454\" height=\"256\" srcset=\"https:\/\/gazette-lyceeandrecuzin.fr\/wp-content\/uploads\/2016\/11\/20161118_094843.jpg 1653w, https:\/\/gazette-lyceeandrecuzin.fr\/wp-content\/uploads\/2016\/11\/20161118_094843-300x169.jpg 300w, https:\/\/gazette-lyceeandrecuzin.fr\/wp-content\/uploads\/2016\/11\/20161118_094843-768x432.jpg 768w, https:\/\/gazette-lyceeandrecuzin.fr\/wp-content\/uploads\/2016\/11\/20161118_094843-1024x576.jpg 1024w\" sizes=\"(max-width: 454px) 100vw, 454px\" \/><figcaption id=\"caption-attachment-473\" class=\"wp-caption-text\">Photographie M. Berry<\/figcaption><\/figure>\n<p style=\"text-align: justify;\">Diego a \u00e9t\u00e9 tr\u00e8s satisfait de monter un \u00e9chafaudage et fier d\u2019y grimper. Eric et Matthias n\u2019ont ni chaud ni froid quand ils montent, ils sont concentr\u00e9s et ne pensent \u00e0 rien d\u2019autre qu\u2019\u00e0 leur travail. K\u00e9vin est rassur\u00e9 \u00e0 l\u2019id\u00e9e de prendre de la hauteur en s\u00e9curit\u00e9. Sasha a eu tout de m\u00eame trop froid, il va s\u2019acheter de nouveaux pulls.<\/p>\n<figure id=\"attachment_472\" aria-describedby=\"caption-attachment-472\" style=\"width: 253px\" class=\"wp-caption alignnone\"><img loading=\"lazy\" decoding=\"async\" class=\"wp-image-472 \" src=\"https:\/\/gazettelpcuzin.files.wordpress.com\/2016\/11\/20161118_094828.jpg?w=169\" alt=\"20161118_094828\" width=\"253\" height=\"451\" srcset=\"https:\/\/gazette-lyceeandrecuzin.fr\/wp-content\/uploads\/2016\/11\/20161118_094828.jpg 920w, https:\/\/gazette-lyceeandrecuzin.fr\/wp-content\/uploads\/2016\/11\/20161118_094828-169x300.jpg 169w, https:\/\/gazette-lyceeandrecuzin.fr\/wp-content\/uploads\/2016\/11\/20161118_094828-768x1366.jpg 768w, https:\/\/gazette-lyceeandrecuzin.fr\/wp-content\/uploads\/2016\/11\/20161118_094828-576x1024.jpg 576w\" sizes=\"(max-width: 253px) 100vw, 253px\" \/><figcaption id=\"caption-attachment-472\" class=\"wp-caption-text\">Photographie M. Berry<\/figcaption><\/figure>\n<p style=\"text-align: justify;\">Oc\u00e9ane est trop petite pour monter sur les \u00e9chafaudages et finalement ce n\u2019est pas tr\u00e8s handicapant parce qu\u2019elle n\u2019aime pas la hauteur. Sasha a trouv\u00e9 Ayrton tr\u00e8s beau en EPI et conseille \u00e0 toutes les filles de venir le voir mais sans le d\u00e9concentrer. Julien aime travailler dehors et aime faire des travaux vari\u00e9s, il a \u00e9t\u00e9 ravi. K\u00e9vin a aim\u00e9 faire de la pratique et avoue, parce qu\u2019il est le plus brave, qu\u2019il a eu tr\u00e8s peur. Loris et Bastien ont des avis diff\u00e9rents. Loris s\u2019est mis \u00e0 quatre pattes la premi\u00e8re fois qu\u2019il est mont\u00e9 sur un \u00e9chafaudage et il a pleur\u00e9. Il sait que travailler en hauteur n\u00e9cessite de l\u2019entrainement et ne s\u2019improvise pas. Bastien appr\u00e9hendait de monter. Monsieur Duchemin lui a tenu la main pour monter et il est mont\u00e9 avec lui. Il a encourag\u00e9 son \u00e9l\u00e8ve et lui a permis de surmonter sa peur. Madame Rosenfeld trouve que Monsieur Duchemin, Loris et Bastien sont des h\u00e9ros au courage exemplaire.<\/p>\n<p style=\"text-align: justify;\">Ayrton pr\u00e9cise que s\u2019il y a chute, il faut appeler les secours et intervenir dans les minutes qui suivent, autant dire que la professeur de fran\u00e7ais tient \u00e0 leur faire r\u00e9viser toutes les proc\u00e9dures de s\u00e9curit\u00e9\u00a0 cent fois par cours et trois cent fois par mois, ce qui sera notre chute\u00a0!<\/p>\n<figure id=\"attachment_475\" aria-describedby=\"caption-attachment-475\" style=\"width: 611px\" class=\"wp-caption aligncenter\"><img loading=\"lazy\" decoding=\"async\" class=\" wp-image-475\" src=\"https:\/\/gazettelpcuzin.files.wordpress.com\/2016\/11\/20161118_104203.jpg?w=300\" alt=\"Photographie M. Berry\" width=\"611\" height=\"344\" srcset=\"https:\/\/gazette-lyceeandrecuzin.fr\/wp-content\/uploads\/2016\/11\/20161118_104203.jpg 1778w, https:\/\/gazette-lyceeandrecuzin.fr\/wp-content\/uploads\/2016\/11\/20161118_104203-300x169.jpg 300w, https:\/\/gazette-lyceeandrecuzin.fr\/wp-content\/uploads\/2016\/11\/20161118_104203-768x432.jpg 768w, https:\/\/gazette-lyceeandrecuzin.fr\/wp-content\/uploads\/2016\/11\/20161118_104203-1024x576.jpg 1024w\" sizes=\"(max-width: 611px) 100vw, 611px\" \/><figcaption id=\"caption-attachment-475\" class=\"wp-caption-text\">Photographie M. Berry<\/figcaption><\/figure>\n","protected":false},"excerpt":{"rendered":"<p>Les \u00e9l\u00e8ves ont d\u00e9couvert avec Monsieur Dupuis comment utiliser un \u00e9chafaudage en seconde et en premi\u00e8re mais ils n\u2019avaient jamais mont\u00e9 d\u2019\u00e9chafaudage. Cette ann\u00e9e, ils ont approfondi leurs comp\u00e9tences avec<\/p>\n","protected":false},"author":2,"featured_media":474,"comment_status":"closed","ping_status":"closed","sticky":false,"template":"","format":"standard","meta":{"jetpack_post_was_ever_published":false,"_jetpack_newsletter_access":"","_jetpack_dont_email_post_to_subs":false,"_jetpack_newsletter_tier_id":0,"_jetpack_memberships_contains_paywalled_content":false,"_jetpack_memberships_contains_paid_content":false,"footnotes":""},"categories":[33,35,7,32],"tags":[],"class_list":["post-464","post","type-post","status-publish","format-standard","has-post-thumbnail","hentry","category-au-travail","category-comme-des-pros","category-decouverte-professionnelle","category-sante"],"jetpack_sharing_enabled":true,"jetpack_featured_media_url":"https:\/\/gazette-lyceeandrecuzin.fr\/wp-content\/uploads\/2016\/11\/20161118_103107-e1545138978581.jpg","jetpack_shortlink":"https:\/\/wp.me\/paGPHf-7u","jetpack_likes_enabled":true,"_links":{"self":[{"href":"https:\/\/gazette-lyceeandrecuzin.fr\/index.php?rest_route=\/wp\/v2\/posts\/464","targetHints":{"allow":["GET"]}}],"collection":[{"href":"https:\/\/gazette-lyceeandrecuzin.fr\/index.php?rest_route=\/wp\/v2\/posts"}],"about":[{"href":"https:\/\/gazette-lyceeandrecuzin.fr\/index.php?rest_route=\/wp\/v2\/types\/post"}],"author":[{"embeddable":true,"href":"https:\/\/gazette-lyceeandrecuzin.fr\/index.php?rest_route=\/wp\/v2\/users\/2"}],"replies":[{"embeddable":true,"href":"https:\/\/gazette-lyceeandrecuzin.fr\/index.php?rest_route=%2Fwp%2Fv2%2Fcomments&post=464"}],"version-history":[{"count":3,"href":"https:\/\/gazette-lyceeandrecuzin.fr\/index.php?rest_route=\/wp\/v2\/posts\/464\/revisions"}],"predecessor-version":[{"id":2436,"href":"https:\/\/gazette-lyceeandrecuzin.fr\/index.php?rest_route=\/wp\/v2\/posts\/464\/revisions\/2436"}],"wp:featuredmedia":[{"embeddable":true,"href":"https:\/\/gazette-lyceeandrecuzin.fr\/index.php?rest_route=\/wp\/v2\/media\/474"}],"wp:attachment":[{"href":"https:\/\/gazette-lyceeandrecuzin.fr\/index.php?rest_route=%2Fwp%2Fv2%2Fmedia&parent=464"}],"wp:term":[{"taxonomy":"category","embeddable":true,"href":"https:\/\/gazette-lyceeandrecuzin.fr\/index.php?rest_route=%2Fwp%2Fv2%2Fcategories&post=464"},{"taxonomy":"post_tag","embeddable":true,"href":"https:\/\/gazette-lyceeandrecuzin.fr\/index.php?rest_route=%2Fwp%2Fv2%2Ftags&post=464"}],"curies":[{"name":"wp","href":"https:\/\/api.w.org\/{rel}","templated":true}]}}