{"id":459,"date":"2016-12-01T10:33:42","date_gmt":"2016-12-01T09:33:42","guid":{"rendered":"https:\/\/gazettelpcuzin.wordpress.com\/?p=459"},"modified":"2019-02-08T13:55:33","modified_gmt":"2019-02-08T12:55:33","slug":"abdel-sefsaf-et-son-equipe-font-tomber-les-murs-au-theatre-de-la-croix-rousse-timon","status":"publish","type":"post","link":"https:\/\/gazette-lyceeandrecuzin.fr\/?p=459","title":{"rendered":"Abdel Sefsaf et son \u00e9quipe font tomber les murs au th\u00e9\u00e2tre de la Croix-Rousse (Timon)"},"content":{"rendered":"<p style=\"text-align: justify;\"><strong>A partir du 15 novembre 2016, le th\u00e9\u00e2tre de la Croix-Rousse a accueilli <u>Murs<\/u>,\u00a0 un spectacle d\u2019Abdel Sefsaf et J\u00e9r\u00f4me Richer avec Marion Guerrero, Toma Roche, Nestor K\u00e9a, Nine d\u2019Urso. Les terminales AFB, ORGO, TISEC et les \u00e9l\u00e8ves de premi\u00e8re TBEE sont all\u00e9s voir le spectacle jeudi 16 novembre.<\/strong><\/p>\n<p style=\"text-align: justify;\"><strong>Un article\u00a0 d\u2019Eric, Diego, Matthias, Timon, Jason, Raphael, Ili\u00e8s, K\u00e9vin B, Julien, Morgane, Bastien, Loris, Valentin, William, Ayrton, K\u00e9vin F.<\/strong><\/p>\n<p>&nbsp;<\/p>\n<p><!--more--><\/p>\n<h4 style=\"text-align: justify;\"><strong>Les murs de Cuzin se d\u00e9placent (Eric)<\/strong><\/h4>\n<p style=\"text-align: justify;\">Ili\u00e8s \u00e9tait tr\u00e8s content d\u2019aller au th\u00e9\u00e2tre, il avait beaucoup aim\u00e9 faire du th\u00e9\u00e2tre en seconde avec Colin Rey.\u00a0 Il \u00e9tait impatient de voir les com\u00e9diens parce qu\u2019il est en 1TBEE et va bient\u00f4t travailler avec eux. Loris \u00e9tait aux anges, m\u00eame Sinan \u00e9tait l\u00e0, en guest star avec un tee-shirt smile tr\u00e8s \u00e9l\u00e9gant.\u00a0 Morgane et Smain f\u00eataient leur pr\u00e9sence apr\u00e8s deux ann\u00e9es de bouderie des sorties. Madame Rosenfeld \u00e9tait passablement agac\u00e9e par l\u2019attitude de certains mais tout \u00e0 fait heureuse du\u00a0 s\u00e9rieux d\u2019autres.\u00a0 Valentin est inquiet que ce soit la derni\u00e8re sortie, William explique que l\u2019excitation \u00e9tait au rendez-vous et que la faute en incombe \u00e0 la joie. La joyeuse troupe a rejoint les autres classes dans la salle comble.<\/p>\n<h4 style=\"text-align: justify;\"><strong>Un d\u00e9but surprenant et d\u00e9stabilisant<\/strong><\/h4>\n<p style=\"text-align: justify;\">Au d\u00e9but du spectacle, les com\u00e9diens se regroupent devant la sc\u00e8ne, devant une rang\u00e9e de cr\u00e2nes d\u00e9cor\u00e9s comme dans la f\u00eate des morts au\u00a0 Mexique. Pour Ili\u00e8s, on pouvait aussi penser \u00e0 d\u2019autres morts, ceux de la Seconde Guerre Mondiale par exemple. Toma Roche commente des panneaux de s\u00e9curit\u00e9 en cas d\u2019attaque terroriste, c\u2019 est pas rassurant mais il utilise l\u2019humour. Ensuite, il tente de rassurer le public en expliquant qu\u2019il y a des cam\u00e9ras partout et qu\u2019il y a des hommes arm\u00e9s pour prot\u00e9ger les spectateurs. Il explique sur un ton \u00ab\u00a0rassurant\u00a0\u00bb qu\u2019en cas d\u2019attaque, tout le monde sera enferm\u00e9 dans le th\u00e9\u00e2tre. L\u2019humour est un peu grin\u00e7ant. Diego ne savait pas ce qu\u2019il fallait en penser, si le spectacle avait commenc\u00e9 ou non, si l\u2019intervention \u00e9tait pr\u00e9vue, bref, il n\u2019\u00e9tait pas tr\u00e8s \u00e0 l\u2019aise. K\u00e9vin non plus.<\/p>\n<p style=\"text-align: justify;\"><strong>Des murs tout autour du monde<\/strong><\/p>\n<p style=\"text-align: justify;\">Lilian explique que le spectacle s\u2019appelle <span style=\"text-decoration: underline;\">Murs<\/span> parce que depuis la chute du mur de Berlin en 1989, annonc\u00e9e comme la fin des murs, et bien, force est de constater qu\u2019il y en a de plus en plus, en les mettant bout \u00e0 bout, on fait le tour du monde. Paradoxe pr\u00e9cise la professeure de fran\u00e7ais.<\/p>\n<p style=\"text-align: justify;\">Le spectacle est plein d\u2019histoires, avec beaucoup d\u2019humour et surtout, c\u2019est tr\u00e8s touchant. Gr\u00e2ce \u00e0 ce spectacle, Adam a appris beaucoup de choses sur les murs s\u00e9paratistes. Il a surtout\u00a0 appris qu\u2019il y en a \u00e9norm\u00e9ment. Le spectacle parle de murs c\u00e9l\u00e8bres\u00a0 et insiste sur leur longueur\u00a0: 42\u00a0000 kilom\u00e8tres de murs. Matthias fait remarquer qu\u2019ils s\u00e9parent les gens, pas le commerce, notamment celui entre le Mexique et les Etats-Unis. Raphael note que les extraits vid\u00e9os de documentaires projet\u00e9s\u00a0 montrent des Am\u00e9ricains qui veulent construire un mur enti\u00e8rement en b\u00e9ton pour emp\u00eacher les gens de passer, les gens passent, c\u2019est juste plus dangereux &#8230; Matthias rel\u00e8ve que les vid\u00e9os montrent que certains murs sont gard\u00e9s par des gens arm\u00e9s, des milices qui semblent pr\u00eates \u00e0 tirer, m\u00eame si elles sont compos\u00e9es de femmes \u00e2g\u00e9es. Tous les \u00e9l\u00e8ves ont aim\u00e9 le m\u00e9lange entre des documents historiques, les relev\u00e9s de faits av\u00e9r\u00e9s et la fiction, c\u2019est un peu difficile de faire la part des choses vraies et fausses, il faut suivre.<\/p>\n<p style=\"text-align: justify;\">Pour Timon, Abdel Sefsaf est tr\u00e8s attach\u00e9 \u00e0 sa cause. ll nous donne une vision diff\u00e9rente des murs qui existent au XXI\u00e8 si\u00e8cle. Pour K\u00e9vin B,\u00a0 il voudrait que tous les murs s\u2019effondrent comme \u00e0 Berlin, pour Julien, il voudrait que les r\u00e9fugi\u00e9s soient mieux accueillis en France. Toma Roche donne des chiffres bouleversants\u00a0 surtout quand il fait une liste avec le nombre de kilom\u00e8tres et le nombre de morts parmi les personnes qui tentent de franchir les murs.<\/p>\n<figure id=\"attachment_500\" aria-describedby=\"caption-attachment-500\" style=\"width: 623px\" class=\"wp-caption alignleft\"><img fetchpriority=\"high\" decoding=\"async\" class=\"wp-image-500\" src=\"https:\/\/gazettelpcuzin.files.wordpress.com\/2016\/12\/banksys-satirical-film-in-gaza.jpg?w=300\" width=\"623\" height=\"416\" \/><figcaption id=\"caption-attachment-500\" class=\"wp-caption-text\">Banksy dessine un chat \u00ab\u00a0afin d&rsquo;attirer l&rsquo;attention sur les destructions commises \u00e0 Gaza\u00a0\u00bb car selon lui \u00ab\u00a0sur internet, les gens ne regardent que les photos de chats.\u00a0\u00bb<\/figcaption><\/figure>\n<p>&nbsp;<\/p>\n<p style=\"text-align: justify;\">Dans le spectacle, il est question de la parole des artistes au sujet des murs. La r\u00e9ponse de Bansky sur les murs de la Palestine touche Matthias.<\/p>\n<figure id=\"attachment_499\" aria-describedby=\"caption-attachment-499\" style=\"width: 628px\" class=\"wp-caption alignnone\"><img decoding=\"async\" class=\" wp-image-499\" src=\"https:\/\/gazettelpcuzin.files.wordpress.com\/2016\/12\/banksy-palestine-previous-murals-468x358.jpg?w=300\" alt=\"Murs peints par Bansky\" width=\"628\" height=\"480\" srcset=\"https:\/\/gazette-lyceeandrecuzin.fr\/wp-content\/uploads\/2016\/12\/banksy-palestine-previous-murals-468x358.jpg 468w, https:\/\/gazette-lyceeandrecuzin.fr\/wp-content\/uploads\/2016\/12\/banksy-palestine-previous-murals-468x358-300x229.jpg 300w\" sizes=\"(max-width: 628px) 100vw, 628px\" \/><figcaption id=\"caption-attachment-499\" class=\"wp-caption-text\">Murs peints par Bansky<\/figcaption><\/figure>\n<p style=\"text-align: justify;\">Jason, lui, estime que le spectacle est tr\u00e8s d\u00e9nonciateur et \u00e9ducatif, qu\u2019il va mettre une grande claque \u00e0 certains pr\u00e9jug\u00e9s et ouvrir les yeux des sceptiques sur les r\u00e9alit\u00e9s humaines derri\u00e8re les murs. Eric est g\u00ean\u00e9 par le discours engag\u00e9, cela le met mal \u00e0 l\u2019aise.<\/p>\n<p style=\"text-align: justify;\"><strong>Des sayn\u00e8tes qui montrent des tensions de toutes sortes, des fronti\u00e8res m\u00eame \u00e0 l\u2019int\u00e9rieur des maisons<\/strong>.<\/p>\n<p style=\"text-align: justify;\">Jason a beaucoup aim\u00e9 pouvoir retrouver des conversations qui pourraient avoir lieu autour de lui, que tous ont v\u00e9cues\u00a0 en observant les parents. Les conversations sont simples alors que les sujets sont parfois compliqu\u00e9s pour les gens. Dans la pi\u00e8ce, il y a une conversation entre un mari musulman et sa femme qui est juive. En fait, ce n\u2019est pas un probl\u00e8me dans leur vie. Sauf que l\u00e0, leur fils est un \u00e2ge de faire la bar mitzvah et la femme veut qu\u2019il la fasse alors que le mari veut que le gar\u00e7on attende d\u2019avoir dix-huit ans pour d\u00e9cider lui-m\u00eame. Bref, ils ne sont plus d\u2019accord sur l\u2019\u00e2ge de la majorit\u00e9 pour cause de grands-m\u00e8res \u2026.banal et parfois stressant \u00e0 table et pas uniquement sur sc\u00e8ne. Bastien trouve tr\u00e8s bien la mani\u00e8re dont le spectacle parle des tensions que la religion peut entrainer m\u00eame chez des gens pour qui ce n\u2019est pas normalement un sujet de dispute. Loris fait tout de m\u00eame remarquer que ce n\u2019est pas si banal de se disputer par internet quand on est en couple et que c\u2019est signe d\u2019une vive tension. Il a trouv\u00e9 la sc\u00e8ne assez dr\u00f4le.<\/p>\n<p style=\"text-align: justify;\"><strong><u>Murs <\/u>est une pi\u00e8ce de th\u00e9\u00e2tre musical.<\/strong><\/p>\n<figure id=\"attachment_503\" aria-describedby=\"caption-attachment-503\" style=\"width: 413px\" class=\"wp-caption alignright\"><img decoding=\"async\" class=\" wp-image-503\" src=\"https:\/\/gazettelpcuzin.files.wordpress.com\/2016\/12\/2-murs04-brunoamsellem-2.jpg?w=300\" alt=\"Photographie de Bruno Amsellem\" width=\"413\" height=\"276\" srcset=\"https:\/\/gazette-lyceeandrecuzin.fr\/wp-content\/uploads\/2016\/12\/2-murs04-brunoamsellem-2.jpg 1050w, https:\/\/gazette-lyceeandrecuzin.fr\/wp-content\/uploads\/2016\/12\/2-murs04-brunoamsellem-2-300x200.jpg 300w, https:\/\/gazette-lyceeandrecuzin.fr\/wp-content\/uploads\/2016\/12\/2-murs04-brunoamsellem-2-768x512.jpg 768w, https:\/\/gazette-lyceeandrecuzin.fr\/wp-content\/uploads\/2016\/12\/2-murs04-brunoamsellem-2-1024x683.jpg 1024w\" sizes=\"(max-width: 413px) 100vw, 413px\" \/><figcaption id=\"caption-attachment-503\" class=\"wp-caption-text\">Photographie de Bruno Amsellem<\/figcaption><\/figure>\n<p style=\"text-align: justify;\">Il y a beaucoup de musique dans le spectacle, et des chansons qui ont \u00e9t\u00e9 \u00e9crites par Abdel Sefsaf et J\u00e9r\u00f4me Richer, \u00e7a a d\u00fb demander beaucoup de travail. Adam a trouv\u00e9 les chansons bien m\u00eame si ce n\u2019est pas son style de musique.\u00a0 Elles \u00e9taient tr\u00e8s entrainantes, prenantes, il y avait beaucoup d\u2019\u00e9motions dans les paroles. Morgane trouve qu\u2019elles ravissent le spectateur et le mettent \u00e0 l\u2019aise.<\/p>\n<p style=\"text-align: justify;\">Les styles \u00e9taient vari\u00e9s parce que certaines chansons \u00e9taient en RAP et d\u2019autres\u00a0 avaient des intonations de musique Berb\u00e8re. Kevin a relev\u00e9 du slam et que les instruments viennent d\u2019horizons diff\u00e9rents\u00a0 puisqu\u2019il y avait un piano \u00e9lectrique, un djemb\u00e9 et une guitare.\u00a0 Julien ajoute une table de DJ et des ordinateurs portables. Raphael a remarqu\u00e9 que les chansons \u00e9taient adapt\u00e9es avec les zones, il y a des paroles en espagnol, en allemand aussi. Timon a trouv\u00e9 le spectacle rythm\u00e9 gr\u00e2ce aux chansons et a trouv\u00e9 que les chor\u00e9graphies et les com\u00e9diens sont parfaits. Matthias explique que la musique redonne un peu d\u2019\u00e9nergie apr\u00e8s des passages d\u00e9primants. Les chansons mettent de l\u2019\u00e9motion. Ili\u00e8s a beaucoup aim\u00e9 la chanson \u00ab\u00a0Il faut partir ou bien mourir\u00a0\u00bb, elle l\u2019a beaucoup touch\u00e9 parce que c\u2019est des choix terribles.<\/p>\n<p style=\"text-align: justify;\">Vous pouvez\u00a0 \u00e9couter trois chansons en cliquant ici : <a href=\"http:\/\/www.croix-rousse.com\/saison\/spectacles\/Murs\">http:\/\/www.croix-rousse.com\/saison\/spectacles\/Murs<\/a><\/p>\n<figure id=\"attachment_502\" aria-describedby=\"caption-attachment-502\" style=\"width: 599px\" class=\"wp-caption alignleft\"><img loading=\"lazy\" decoding=\"async\" class=\" wp-image-502\" src=\"https:\/\/gazettelpcuzin.files.wordpress.com\/2016\/12\/hd-murs02-brunoamsellem-2.jpg?w=300\" alt=\"Photographie de Bruno Amsellem\" width=\"599\" height=\"399\" \/><figcaption id=\"caption-attachment-502\" class=\"wp-caption-text\">Photographie de Bruno Amsellem<\/figcaption><\/figure>\n<p>&nbsp;<\/p>\n<p style=\"text-align: justify;\"><strong>Les \u00e9motions <\/strong><\/p>\n<p style=\"text-align: justify;\">Bastien trouve qu\u2019il n\u2019y a pas que la musique qui fasse naitre des \u00e9motions, les vid\u00e9os, les d\u00e9cors, la lumi\u00e8re participent aux moments dramatiques comme au moment plus joyeux, d\u2019esp\u00e9rance. Il a aim\u00e9 que le spectacle utilise plusieurs proc\u00e9d\u00e9s l\u2019humour comme le dramatique pour faire comprendre les id\u00e9es des auteurs. Il estime qu\u2019en plus, le spectateur reste libre de son interpr\u00e9tation.<\/p>\n<p style=\"text-align: justify;\">A la fin, le d\u00e9cor est couvert de bandes de plastique. Matthias a vu un mur se cr\u00e9er entre les instruments. Kevin B a pens\u00e9 \u00e0 l\u2019eau dans laquelle se noient les migrants, ou au linceul dont on recouvre les morts. Julien a remarqu\u00e9 une chaise roulante qui renvoie aux bless\u00e9s.<\/p>\n<p style=\"text-align: justify;\"><strong>Le bord de sc\u00e8ne<\/strong><\/p>\n<p style=\"text-align: justify;\">Apr\u00e8s le spectacle, nous avons eu la chance d\u2019assister au bord de sc\u00e8ne, c\u2019est le moment o\u00f9 le public peut poser des questions, toutes les questions qu\u2019il voulait. Elles \u00e9taient tr\u00e8s vari\u00e9es. Il y a eu une question sur les d\u00e9cors. Les gens se sont demand\u00e9s pourquoi la compagnie avait eu l\u2019id\u00e9e de travailler sur le th\u00e8me des murs. D\u2019autres personnes ont pos\u00e9 des questions sur le choix des musiques et voulaient savoir qui avait \u00e9crit les paroles. D\u2019autres encore ont pos\u00e9 la question du temps de r\u00e9p\u00e9tition avant la cr\u00e9ation du spectacle, c\u2019est court quatre semaines pour un travail pareil\u00a0! Ayrton se souvient qu\u2019il a fallu plus d\u2019un an pour concevoir en amont le spectacle.<\/p>\n<p style=\"text-align: justify;\"><strong>L\u2019avis des journalistes de la gazette<\/strong><\/p>\n<p style=\"text-align: justify;\">Morgane trouve que le spectacle apaise les rancunes gr\u00e2ce aux chansons et \u00e0 l\u2019humour.<\/p>\n<p style=\"text-align: justify;\">Loris a trouv\u00e9 le spectacle original parce que l\u2019alternance des sc\u00e8nes et des chansons n\u2019est pas courante dans le th\u00e9\u00e2tre \u00ab\u00a0conventionnel\u00a0\u00bb. Les \u00e9l\u00e8ves sont tous d\u2019accord pour dire que jouer et chanter n\u2019est pas donn\u00e9 \u00e0 tout le monde et que les com\u00e9diens sont forts.<\/p>\n<p style=\"text-align: justify;\">Un \u00e9l\u00e8ve a d\u00e9test\u00e9 les si\u00e8ges du th\u00e9\u00e2tre, il n\u2019a pas pu caser ses jambes (trop longues m\u00eame si elles sont magnifiques) et a souffert le martyre. En plus, il a eu la sensation d\u2019un \u00ab\u00a0bourrage de cr\u00e2ne\u00a0\u00bb parce qu\u2019il n\u2019est pas d\u2019accord avec le spectacle.\u00a0 Il trouve que la France doit s\u2019occuper de sa propre population, \u00eatre capable de la loger, de la nourrir, de d\u00e9velopper les emplois et les solidarit\u00e9s avant de s\u2019occuper des autres. Un autre \u00e9l\u00e8ve trouve qu\u2019on ne parle plus que de religion et de migrants et cela le \u00ab\u00a0sao\u00fble\u00a0\u00bb (d\u00e9range). Par contre, le m\u00eame \u00e9l\u00e8ve a trouv\u00e9 tr\u00e8s bien qu\u2019Abdel Sefsaf fasse la diff\u00e9rence entre migrants et r\u00e9fugi\u00e9s, il est bien d\u2019accord que c\u2019est pas du tout la m\u00eame chose, on migre souvent pour le travail et on se r\u00e9fugie pour sauver sa vie. Il conclut que s\u2019il n\u2019a pas aim\u00e9 le spectacle, le voir lui a donn\u00e9 une ouverture d\u2019esprit et un \u00e9clairage sur ce qui se passe dans le monde.<\/p>\n<p style=\"text-align: justify;\">Ayrton n\u2019a pas beaucoup aim\u00e9 parce qu\u2019il a trouv\u00e9 difficile de suivre l\u2019histoire entre les sc\u00e8nes\u00a0 jou\u00e9es et les chansons. Par contre, il a aim\u00e9 les moments\u00a0 qui parlaient des murs, c\u2019\u00e9tait int\u00e9ressant.<\/p>\n<p style=\"text-align: justify;\">Timon trouve que le spectacle s\u2019adresse \u00e0 tous les publics, des plus jeunes aux plus \u00e2g\u00e9s. Lilian s\u2019est rendu compte avec l\u2019histoire de tous ces murs que les hommes font tout pour \u00eatre s\u00e9par\u00e9s et finir seuls.<\/p>\n<p style=\"text-align: justify;\">Eric a aim\u00e9 voir une com\u00e9die musicale et a aim\u00e9 les vid\u00e9os mais n\u2019a pas aim\u00e9 le th\u00e8me, peut-\u00eatre parce qu\u2019il n\u2019a pas l\u2019habitude de ce genre de spectacle, il pr\u00e9f\u00e8rerait aller voir le Djamel\u00a0 Comedy Club.<\/p>\n<p style=\"text-align: justify;\">Adam a trouv\u00e9 le spectacle tr\u00e8s bien et tout le monde tr\u00e8s bien\u00a0: Abdel Sefsaf, J\u00e9r\u00f4me Richer, Marion Guerrero, Toma Roche,\u00a0 Nestor K\u00e9a \u2026\u2026 tout le monde, m\u00eame ceux dont il n\u2019a pas trouv\u00e9 les noms. Pour Jason, en bref, Noir, Blanc, Beur, peuvent aussi faire tomber les murs en allant voir ce spectacle r\u00e9jouissant qui fait r\u00e9fl\u00e9chir les petits et les grands. Pour Valentin, le message est bien pass\u00e9, la pi\u00e8ce lui a beaucoup plu, il voudrait bien que le message passe \u00e0 Calais. Loris est parfaitement d\u2019accord, pour lui, la pi\u00e8ce \u00e9tait enrichissante et on apprend beaucoup de choses, il a vraiment appr\u00e9ci\u00e9 et il reviendra, le spectacle \u00e9tait \u00ab\u00a0trop bien\u00a0\u00bb.<\/p>\n<figure id=\"attachment_501\" aria-describedby=\"caption-attachment-501\" style=\"width: 143px\" class=\"wp-caption alignright\"><img loading=\"lazy\" decoding=\"async\" class=\" wp-image-501\" src=\"https:\/\/gazettelpcuzin.files.wordpress.com\/2016\/12\/faites-le-mur-banksy.jpg?w=178\" alt=\"Faites le mur, un film r\u00e9alis\u00e9 par Bansky\" width=\"143\" height=\"241\" srcset=\"https:\/\/gazette-lyceeandrecuzin.fr\/wp-content\/uploads\/2016\/12\/faites-le-mur-banksy.jpg 297w, https:\/\/gazette-lyceeandrecuzin.fr\/wp-content\/uploads\/2016\/12\/faites-le-mur-banksy-178x300.jpg 178w\" sizes=\"(max-width: 143px) 100vw, 143px\" \/><figcaption id=\"caption-attachment-501\" class=\"wp-caption-text\">Faites le mur, un film r\u00e9alis\u00e9 par Bansky<\/figcaption><\/figure>\n<figure id=\"attachment_498\" aria-describedby=\"caption-attachment-498\" style=\"width: 182px\" class=\"wp-caption alignright\"><img loading=\"lazy\" decoding=\"async\" class=\" wp-image-498\" src=\"https:\/\/gazettelpcuzin.files.wordpress.com\/2016\/12\/banksy-guerre-et-spray.jpg\" alt=\"BANSKY, Guerre et spray, Editions alternatives\" width=\"182\" height=\"225\" \/><figcaption id=\"caption-attachment-498\" class=\"wp-caption-text\">BANSKY, Guerre et spray, Editions alternatives<\/figcaption><\/figure>\n","protected":false},"excerpt":{"rendered":"<p>A partir du 15 novembre 2016, le th\u00e9\u00e2tre de la Croix-Rousse a accueilli Murs,\u00a0 un spectacle d\u2019Abdel Sefsaf et J\u00e9r\u00f4me Richer avec Marion Guerrero, Toma Roche, Nestor K\u00e9a, Nine d\u2019Urso.<\/p>\n","protected":false},"author":2,"featured_media":502,"comment_status":"closed","ping_status":"closed","sticky":false,"template":"","format":"standard","meta":{"jetpack_post_was_ever_published":false,"_jetpack_newsletter_access":"","_jetpack_dont_email_post_to_subs":false,"_jetpack_newsletter_tier_id":0,"_jetpack_memberships_contains_paywalled_content":false,"_jetpack_memberships_contains_paid_content":false,"footnotes":""},"categories":[3,24],"tags":[],"class_list":["post-459","post","type-post","status-publish","format-standard","has-post-thumbnail","hentry","category-culture","category-theatre"],"jetpack_sharing_enabled":false,"jetpack_featured_media_url":"https:\/\/gazette-lyceeandrecuzin.fr\/wp-content\/uploads\/2016\/12\/hd-murs02-brunoamsellem-2-e1545138856597.jpg","jetpack_shortlink":"https:\/\/wp.me\/paGPHf-7p","jetpack_likes_enabled":true,"_links":{"self":[{"href":"https:\/\/gazette-lyceeandrecuzin.fr\/index.php?rest_route=\/wp\/v2\/posts\/459","targetHints":{"allow":["GET"]}}],"collection":[{"href":"https:\/\/gazette-lyceeandrecuzin.fr\/index.php?rest_route=\/wp\/v2\/posts"}],"about":[{"href":"https:\/\/gazette-lyceeandrecuzin.fr\/index.php?rest_route=\/wp\/v2\/types\/post"}],"author":[{"embeddable":true,"href":"https:\/\/gazette-lyceeandrecuzin.fr\/index.php?rest_route=\/wp\/v2\/users\/2"}],"replies":[{"embeddable":true,"href":"https:\/\/gazette-lyceeandrecuzin.fr\/index.php?rest_route=%2Fwp%2Fv2%2Fcomments&post=459"}],"version-history":[{"count":4,"href":"https:\/\/gazette-lyceeandrecuzin.fr\/index.php?rest_route=\/wp\/v2\/posts\/459\/revisions"}],"predecessor-version":[{"id":2434,"href":"https:\/\/gazette-lyceeandrecuzin.fr\/index.php?rest_route=\/wp\/v2\/posts\/459\/revisions\/2434"}],"wp:featuredmedia":[{"embeddable":true,"href":"https:\/\/gazette-lyceeandrecuzin.fr\/index.php?rest_route=\/wp\/v2\/media\/502"}],"wp:attachment":[{"href":"https:\/\/gazette-lyceeandrecuzin.fr\/index.php?rest_route=%2Fwp%2Fv2%2Fmedia&parent=459"}],"wp:term":[{"taxonomy":"category","embeddable":true,"href":"https:\/\/gazette-lyceeandrecuzin.fr\/index.php?rest_route=%2Fwp%2Fv2%2Fcategories&post=459"},{"taxonomy":"post_tag","embeddable":true,"href":"https:\/\/gazette-lyceeandrecuzin.fr\/index.php?rest_route=%2Fwp%2Fv2%2Ftags&post=459"}],"curies":[{"name":"wp","href":"https:\/\/api.w.org\/{rel}","templated":true}]}}