{"id":4249,"date":"2026-03-11T13:53:50","date_gmt":"2026-03-11T12:53:50","guid":{"rendered":"https:\/\/gazette-lyceeandrecuzin.fr\/?p=4249"},"modified":"2026-03-11T13:53:50","modified_gmt":"2026-03-11T12:53:50","slug":"etretat-par-dela-les-falaises-courbet-monet-matisse","status":"publish","type":"post","link":"https:\/\/gazette-lyceeandrecuzin.fr\/?p=4249","title":{"rendered":"\u00ab\u00a0\u00c9tretat, par-del\u00e0 les falaises : Courbet, Monet, Matisse\u00a0\u00bb"},"content":{"rendered":"<p style=\"text-align: justify;\">Visite de l\u2019exposition du mus\u00e9e des Beaux-arts de Lyon. Lundi 2 f\u00e9vrier et mercredi 4 f\u00e9vrier, avec les TTBEA et les TTCIC.<\/p>\n<p style=\"text-align: justify;\"><em>\u00ab\u00a0Le monde aurait pu \u00eatre simple comme le ciel et la mer\u00a0\u00bb. <\/em>Andr\u00e9 Malraux<\/p>\n<p style=\"text-align: justify;\"><strong>Au c\u0153ur d\u2019une semaine rythm\u00e9e par la cadence du bac blanc, les \u00e9l\u00e8ves de terminale ont fait un pas de c\u00f4t\u00e9 en s\u2019offrant du temps pour s\u2019immerger dans la superbe exposition du mus\u00e9e des Beaux-arts. D\u00e9couvrant ce site naturel remarquable de Normandie, rendu plus \u00e9poustouflant encore par le regard pos\u00e9 par les artistes depuis la fin du 18<sup>\u00e8me<\/sup> si\u00e8cle, nous avons d\u00e9ambul\u00e9 au milieu des \u0153uvres, guid\u00e9s par les m\u00e9diatrices du mus\u00e9e. C\u2019est aussi la naissance du tourisme, un art de vivre son temps libre, qui est pr\u00e9sent\u00e9 par les peintres. Ainsi notre th\u00e8me du bac de fran\u00e7ais n\u2019\u00e9tait jamais tr\u00e8s \u00e9loign\u00e9, en embuscade derri\u00e8re les couleurs somptueuses, ou les sc\u00e8nes pittoresques.<\/strong><\/p>\n<p style=\"text-align: justify;\"><!--more--><\/p>\n<h2 style=\"text-align: justify;\">Pourquoi cette exposition est exceptionnelle\u00a0?<\/h2>\n<blockquote>\n<p style=\"text-align: justify;\">C\u2019est exceptionnel car plusieurs tableaux du monde entier ont \u00e9t\u00e9 r\u00e9unis pour la premi\u00e8re fois. Chacun de ces tableaux a une mani\u00e8re d\u2019\u00eatre peint diff\u00e9rente mais c\u2019est \u00e7a qui fait qu\u2019ils sont exceptionnels ensemble.<\/p>\n<p style=\"text-align: right;\">Matis<\/p>\n<\/blockquote>\n<blockquote>\n<p style=\"text-align: justify;\">Elle est exceptionnelle car les \u0153uvres de Claude Monet et Gustave Courbet repr\u00e9sentant \u00c9tretat sont r\u00e9unies, en provenance du monde entier.<\/p>\n<p style=\"text-align: justify;\">On peut contempler les essais puis admirer le chef d\u2019\u0153uvre qu\u2019ont donn\u00e9 les croquis du d\u00e9but et leur \u00e9volution.<\/p>\n<p style=\"text-align: justify;\">Beaucoup de ces \u0153uvres sont des \u0153uvres issues de collections priv\u00e9es, appartenant \u00e0 des particuliers qui ont accept\u00e9 de les pr\u00eater ou de les louer au mus\u00e9e, pour exposer au grand public les richesses artistiques qu\u2019elles r\u00e9servent.<\/p>\n<p style=\"text-align: justify;\">C\u2019est pour \u00e7a qu\u2019on a qualifi\u00e9 cette exposition d\u2019exceptionnelle, car toutes les \u0153uvres sont regroup\u00e9es en un seul lieu pour un court temps, afin de le partager avec un plus grand nombre de personnes.<\/p>\n<p style=\"text-align: right;\">Esteban<\/p>\n<\/blockquote>\n<blockquote>\n<p style=\"text-align: justify;\">Cette exposition nous permet d\u2019observer diff\u00e9rents points de vue d\u2019Etretat en Normandie \u00e0 travers diff\u00e9rentes visions.<\/p>\n<p style=\"text-align: right;\">N. G.<\/p>\n<\/blockquote>\n<h2 style=\"text-align: justify;\">Comment est-on pass\u00e9 d\u2019un village de p\u00eacheurs \u00e0 un site touristique\u00a0?<\/h2>\n<blockquote>\n<p style=\"text-align: justify;\">Gr\u00e2ce aux peintres, \u00e0 la forme sp\u00e9cifique de la falaise, des portes cr\u00e9\u00e9es par la mer sal\u00e9e qui tape contre la roche et la creuse. Egalement gr\u00e2ce \u00e0 la beaut\u00e9 du paysage, de son histoire.<\/p>\n<p style=\"text-align: right;\">N.G.<\/p>\n<\/blockquote>\n<blockquote>\n<p style=\"text-align: justify;\">Gr\u00e2ce aux artistes qui ont donn\u00e9 de la visibilit\u00e9 au site et puis gr\u00e2ce aux beaux paysages : les falaises, l\u2019oc\u00e9an.<\/p>\n<p style=\"text-align: right;\">Matis<\/p>\n<\/blockquote>\n<h2 style=\"text-align: justify;\">Comment les artistes ont peint ce site\u00a0?<\/h2>\n<h3><strong><span style=\"color: #3366ff;\">1.Les touristes et leurs activit\u00e9s : Eug\u00e8ne Le Poittevin, <em>Bains de mer \u00e0 \u00c9tretat<\/em>, 1866<\/span><\/strong><\/h3>\n<figure id=\"attachment_4259\" aria-describedby=\"caption-attachment-4259\" style=\"width: 432px\" class=\"wp-caption aligncenter\"><img fetchpriority=\"high\" decoding=\"async\" class=\" wp-image-4259\" src=\"http:\/\/gazette-lyceeandrecuzin.fr\/wp-content\/uploads\/2026\/02\/IMG_8412-300x202.jpg\" alt=\"\" width=\"432\" height=\"291\" srcset=\"https:\/\/gazette-lyceeandrecuzin.fr\/wp-content\/uploads\/2026\/02\/IMG_8412-300x202.jpg 300w, https:\/\/gazette-lyceeandrecuzin.fr\/wp-content\/uploads\/2026\/02\/IMG_8412-1024x688.jpg 1024w, https:\/\/gazette-lyceeandrecuzin.fr\/wp-content\/uploads\/2026\/02\/IMG_8412-768x516.jpg 768w, https:\/\/gazette-lyceeandrecuzin.fr\/wp-content\/uploads\/2026\/02\/IMG_8412-1536x1032.jpg 1536w, https:\/\/gazette-lyceeandrecuzin.fr\/wp-content\/uploads\/2026\/02\/IMG_8412-2048x1376.jpg 2048w\" sizes=\"(max-width: 432px) 100vw, 432px\" \/><figcaption id=\"caption-attachment-4259\" class=\"wp-caption-text\">Eug\u00e8ne Le Poitevin, Bains de mer \u00e0 Etretat, 1866<\/figcaption><\/figure>\n<p>&nbsp;<\/p>\n<blockquote>\n<p style=\"text-align: justify;\">On voit des hommes et des femmes qui se baignent dans l\u2019eau de mer sur ordonnance m\u00e9dicale car l\u2019eau de mer soigne, donc ils prenaient des petits bains de 15 minutes maximums.<\/p>\n<p style=\"text-align: justify;\">Autrefois la mer inqui\u00e9tait, elle \u00e9tait surtout crainte. Avec ces premiers touristes, la perception de la mer \u00e9volue.<\/p>\n<p style=\"text-align: justify;\">Les femmes pour se baigner sont v\u00eatues de longues robes fonc\u00e9es. Les hommes aiment regarder au loin l\u2019horizon, attitude qui \u00e9tait prescrite pour ses bienfaits pour le corps et l\u2019esprit.<\/p>\n<p style=\"text-align: right;\">N.G.<\/p>\n<\/blockquote>\n<h3 style=\"text-align: justify;\"><strong><span style=\"color: #3366ff;\">2. La plage : Eug\u00e8ne Le Poittevin, <em>Les Bains de mer, plage d\u2019\u00c9tretat<\/em>, 1865<\/span><\/strong><\/h3>\n<figure id=\"attachment_4270\" aria-describedby=\"caption-attachment-4270\" style=\"width: 389px\" class=\"wp-caption alignleft\"><img decoding=\"async\" class=\"wp-image-4270 \" src=\"http:\/\/gazette-lyceeandrecuzin.fr\/wp-content\/uploads\/2026\/02\/IMG_8409-2e-envoi-300x225.jpg\" alt=\"\" width=\"389\" height=\"292\" srcset=\"https:\/\/gazette-lyceeandrecuzin.fr\/wp-content\/uploads\/2026\/02\/IMG_8409-2e-envoi-300x225.jpg 300w, https:\/\/gazette-lyceeandrecuzin.fr\/wp-content\/uploads\/2026\/02\/IMG_8409-2e-envoi-1024x768.jpg 1024w, https:\/\/gazette-lyceeandrecuzin.fr\/wp-content\/uploads\/2026\/02\/IMG_8409-2e-envoi-768x576.jpg 768w, https:\/\/gazette-lyceeandrecuzin.fr\/wp-content\/uploads\/2026\/02\/IMG_8409-2e-envoi-1536x1152.jpg 1536w, https:\/\/gazette-lyceeandrecuzin.fr\/wp-content\/uploads\/2026\/02\/IMG_8409-2e-envoi-2048x1536.jpg 2048w, https:\/\/gazette-lyceeandrecuzin.fr\/wp-content\/uploads\/2026\/02\/IMG_8409-2e-envoi-200x150.jpg 200w\" sizes=\"(max-width: 389px) 100vw, 389px\" \/><figcaption id=\"caption-attachment-4270\" class=\"wp-caption-text\">Eug\u00e8ne Le Poittevin, Les Bains de mer, plage d\u2019\u00c9tretat, 1865<\/figcaption><\/figure>\n<p><img decoding=\"async\" class=\"alignnone wp-image-4271\" src=\"http:\/\/gazette-lyceeandrecuzin.fr\/wp-content\/uploads\/2026\/02\/IMG_8410-2e-envoi-225x300.jpg\" alt=\"\" width=\"267\" height=\"356\" srcset=\"https:\/\/gazette-lyceeandrecuzin.fr\/wp-content\/uploads\/2026\/02\/IMG_8410-2e-envoi-225x300.jpg 225w, https:\/\/gazette-lyceeandrecuzin.fr\/wp-content\/uploads\/2026\/02\/IMG_8410-2e-envoi-768x1024.jpg 768w, https:\/\/gazette-lyceeandrecuzin.fr\/wp-content\/uploads\/2026\/02\/IMG_8410-2e-envoi-1152x1536.jpg 1152w, https:\/\/gazette-lyceeandrecuzin.fr\/wp-content\/uploads\/2026\/02\/IMG_8410-2e-envoi-1536x2048.jpg 1536w, https:\/\/gazette-lyceeandrecuzin.fr\/wp-content\/uploads\/2026\/02\/IMG_8410-2e-envoi-scaled.jpg 1920w\" sizes=\"(max-width: 267px) 100vw, 267px\" \/><\/p>\n<p>&nbsp;<\/p>\n<blockquote>\n<p style=\"text-align: justify;\">Sur la plage, les femmes se baignaient sur prescription m\u00e9dicale. Elles sont en robes longues, elles font de la couture, etc. Les enfants sont calmes, ne jouent pas. Il y avait des cabines pour se changer. Bronzer \u00e9tait mal vu car cela les rapprochaient des travailleurs. Les hommes et les femmes \u00e9taient tr\u00e8s habill\u00e9s lorsqu\u2019ils se baignaient. Compar\u00e9 \u00e0 aujourd\u2019hui, o\u00f9 nous nous habillons comme on le souhaite, on se baigne quand on veut, les enfants jouent et il n\u2019y a plus de cabines pour se changer, ou tr\u00e8s peu.<\/p>\n<p style=\"text-align: right;\">Matis<\/p>\n<\/blockquote>\n<h3><strong><span style=\"color: #3366ff;\">3. Gustave Courbet, <em>La Vague<\/em>, vers 1869-1870<\/span><\/strong><\/h3>\n<figure id=\"attachment_4260\" aria-describedby=\"caption-attachment-4260\" style=\"width: 274px\" class=\"wp-caption aligncenter\"><img loading=\"lazy\" decoding=\"async\" class=\" wp-image-4260\" src=\"http:\/\/gazette-lyceeandrecuzin.fr\/wp-content\/uploads\/2026\/02\/IMG_8414-225x300.jpg\" alt=\"\" width=\"274\" height=\"365\" srcset=\"https:\/\/gazette-lyceeandrecuzin.fr\/wp-content\/uploads\/2026\/02\/IMG_8414-225x300.jpg 225w, https:\/\/gazette-lyceeandrecuzin.fr\/wp-content\/uploads\/2026\/02\/IMG_8414-768x1024.jpg 768w, https:\/\/gazette-lyceeandrecuzin.fr\/wp-content\/uploads\/2026\/02\/IMG_8414-1152x1536.jpg 1152w, https:\/\/gazette-lyceeandrecuzin.fr\/wp-content\/uploads\/2026\/02\/IMG_8414-1536x2048.jpg 1536w, https:\/\/gazette-lyceeandrecuzin.fr\/wp-content\/uploads\/2026\/02\/IMG_8414-scaled.jpg 1920w\" sizes=\"(max-width: 274px) 100vw, 274px\" \/><figcaption id=\"caption-attachment-4260\" class=\"wp-caption-text\">Gustave Courbet, La Vague, vers 1869-1970<\/figcaption><\/figure>\n<p>&nbsp;<\/p>\n<blockquote>\n<p style=\"text-align: justify;\">Beaucoup de vues diff\u00e9rentes, beaucoup de croquis, jusqu\u2019\u00e0 atteindre le chef d\u2019\u0153uvre. Nous avons pu comparer les premi\u00e8res toiles : les cama\u00efeux et les ombres n\u2019\u00e9taient pas parfaits, les impressions de grandeur, d\u2019\u00e9paisseur et la perspective n\u2019\u00e9taient pas tr\u00e8s bien r\u00e9alis\u00e9es. Puis le quatri\u00e8me tableau \u00e9tait plus soigneux et respectait les d\u00e9grad\u00e9s de bleu ainsi que la r\u00e9alisation de la profondeur avec les repr\u00e9sentations pr\u00e9cises des ombres, ce qui cr\u00e9e un chef d\u2019\u0153uvre hors normes, admir\u00e9 par de nombreux peintres, m\u00eame modernes.<\/p>\n<p style=\"text-align: right;\">Esteban<\/p>\n<\/blockquote>\n<h3><strong><span style=\"color: #3366ff;\">4. Henri Matisse, <em>\u00c9tretat, Les laveuses<\/em>, 1920<\/span><\/strong><\/h3>\n<figure id=\"attachment_4264\" aria-describedby=\"caption-attachment-4264\" style=\"width: 320px\" class=\"wp-caption aligncenter\"><img loading=\"lazy\" decoding=\"async\" class=\" wp-image-4264\" src=\"http:\/\/gazette-lyceeandrecuzin.fr\/wp-content\/uploads\/2026\/02\/IMG_8466-254x300.jpg\" alt=\"\" width=\"320\" height=\"378\" srcset=\"https:\/\/gazette-lyceeandrecuzin.fr\/wp-content\/uploads\/2026\/02\/IMG_8466-254x300.jpg 254w, https:\/\/gazette-lyceeandrecuzin.fr\/wp-content\/uploads\/2026\/02\/IMG_8466-868x1024.jpg 868w, https:\/\/gazette-lyceeandrecuzin.fr\/wp-content\/uploads\/2026\/02\/IMG_8466-768x906.jpg 768w, https:\/\/gazette-lyceeandrecuzin.fr\/wp-content\/uploads\/2026\/02\/IMG_8466-1303x1536.jpg 1303w, https:\/\/gazette-lyceeandrecuzin.fr\/wp-content\/uploads\/2026\/02\/IMG_8466.jpg 1629w\" sizes=\"(max-width: 320px) 100vw, 320px\" \/><figcaption id=\"caption-attachment-4264\" class=\"wp-caption-text\">Henri Matisse, \u00c9tretat, les laveuses, 1920<\/figcaption><\/figure>\n<blockquote>\n<p style=\"text-align: justify;\">Au premier abord, le tableau semble \u00eatre peint par un enfant en fin de trimestre 3 de maternelle. Puis, en s\u2019en rapprochant, on se rend compte de la supercherie \u00e9mise par l\u2019hypoth\u00e8se qu\u2019un enfant ait fait cette \u0153uvre. C\u2019est un tout nouveau style, une simplification du traitement du motif. Tout est simplifi\u00e9\u00a0: les couleurs, la profondeur et l\u2019\u00e9chelle du tableau, afin de reconna\u00eetre ce qui est repr\u00e9sent\u00e9 sans y ajouter des d\u00e9tails pr\u00e9cis ou un visuel trop r\u00e9aliste. On se rapproche de la peinture abstraite. Les d\u00e9tails sont flous. N\u00e9anmoins, on peut quand m\u00eame apercevoir des laveuses du bord de la mer, et en arri\u00e8re-plan, on peut observer une des portes embl\u00e9matiques d\u2019\u00c9tretat.<\/p>\n<p style=\"text-align: right;\">Esteban<\/p>\n<\/blockquote>\n<h3><strong><span style=\"color: #3366ff;\">5. Claude Monet,\u00a0<\/span><em><span style=\"color: #3366ff;\"> Etretat, <i>l\u2019Aiguille et la Porte d\u2019Aval<\/i>, 1885<\/span><br \/>\n<\/em><\/strong><\/h3>\n<figure id=\"attachment_4289\" aria-describedby=\"caption-attachment-4289\" style=\"width: 488px\" class=\"wp-caption aligncenter\"><img loading=\"lazy\" decoding=\"async\" class=\" wp-image-4289\" src=\"http:\/\/gazette-lyceeandrecuzin.fr\/wp-content\/uploads\/2026\/02\/GraphiqueColle-1-300x225.png\" alt=\"\" width=\"488\" height=\"366\" srcset=\"https:\/\/gazette-lyceeandrecuzin.fr\/wp-content\/uploads\/2026\/02\/GraphiqueColle-1-300x225.png 300w, https:\/\/gazette-lyceeandrecuzin.fr\/wp-content\/uploads\/2026\/02\/GraphiqueColle-1-768x576.png 768w, https:\/\/gazette-lyceeandrecuzin.fr\/wp-content\/uploads\/2026\/02\/GraphiqueColle-1-200x150.png 200w, https:\/\/gazette-lyceeandrecuzin.fr\/wp-content\/uploads\/2026\/02\/GraphiqueColle-1.png 856w\" sizes=\"(max-width: 488px) 100vw, 488px\" \/><figcaption id=\"caption-attachment-4289\" class=\"wp-caption-text\">Claude Monet, Etretat, l\u2019Aiguille et la Porte d\u2019Aval, 1885<\/figcaption><\/figure>\n<blockquote>\n<p style=\"text-align: justify;\">L\u2019\u0153uvre de Claude Monet,\u00a0<em>Etretat<\/em>, me plait beaucoup. Dans le tableau, on voit bien la montagne, la mer et le ciel color\u00e9s, \u00e7a m\u2019inspire car c\u2019est un endroit beau o\u00f9 on est d\u00e9connect\u00e9 du monde.<\/p>\n<p style=\"text-align: justify;\">Le bruit du vent, l\u2019odeur de l\u2019eau sal\u00e9e, le bruit de l\u2019eau. Je passe un long moment \u00e0 regarder le soleil en train de se coucher.<\/p>\n<p style=\"text-align: right;\">Mo\u00efse<\/p>\n<\/blockquote>\n<figure id=\"attachment_4261\" aria-describedby=\"caption-attachment-4261\" style=\"width: 375px\" class=\"wp-caption alignnone\"><img loading=\"lazy\" decoding=\"async\" class=\" wp-image-4261\" src=\"http:\/\/gazette-lyceeandrecuzin.fr\/wp-content\/uploads\/2026\/02\/IMG_8418-300x225.jpg\" alt=\"\" width=\"375\" height=\"281\" srcset=\"https:\/\/gazette-lyceeandrecuzin.fr\/wp-content\/uploads\/2026\/02\/IMG_8418-300x225.jpg 300w, https:\/\/gazette-lyceeandrecuzin.fr\/wp-content\/uploads\/2026\/02\/IMG_8418-1024x768.jpg 1024w, https:\/\/gazette-lyceeandrecuzin.fr\/wp-content\/uploads\/2026\/02\/IMG_8418-768x576.jpg 768w, https:\/\/gazette-lyceeandrecuzin.fr\/wp-content\/uploads\/2026\/02\/IMG_8418-1536x1152.jpg 1536w, https:\/\/gazette-lyceeandrecuzin.fr\/wp-content\/uploads\/2026\/02\/IMG_8418-2048x1536.jpg 2048w, https:\/\/gazette-lyceeandrecuzin.fr\/wp-content\/uploads\/2026\/02\/IMG_8418-200x150.jpg 200w\" sizes=\"(max-width: 375px) 100vw, 375px\" \/><figcaption id=\"caption-attachment-4261\" class=\"wp-caption-text\">Claude Monet, \u00c9tretat, mer agit\u00e9e, 1883<\/figcaption><\/figure>\n<figure id=\"attachment_4263\" aria-describedby=\"caption-attachment-4263\" style=\"width: 297px\" class=\"wp-caption aligncenter\"><img loading=\"lazy\" decoding=\"async\" class=\" wp-image-4263\" src=\"http:\/\/gazette-lyceeandrecuzin.fr\/wp-content\/uploads\/2026\/02\/IMG_8462-225x300.jpg\" alt=\"\" width=\"297\" height=\"396\" srcset=\"https:\/\/gazette-lyceeandrecuzin.fr\/wp-content\/uploads\/2026\/02\/IMG_8462-225x300.jpg 225w, https:\/\/gazette-lyceeandrecuzin.fr\/wp-content\/uploads\/2026\/02\/IMG_8462-768x1024.jpg 768w, https:\/\/gazette-lyceeandrecuzin.fr\/wp-content\/uploads\/2026\/02\/IMG_8462-1152x1536.jpg 1152w, https:\/\/gazette-lyceeandrecuzin.fr\/wp-content\/uploads\/2026\/02\/IMG_8462-1536x2048.jpg 1536w, https:\/\/gazette-lyceeandrecuzin.fr\/wp-content\/uploads\/2026\/02\/IMG_8462-scaled.jpg 1920w\" sizes=\"(max-width: 297px) 100vw, 297px\" \/><figcaption id=\"caption-attachment-4263\" class=\"wp-caption-text\">Claude Monet, \u00c9tretat, la Manneporte, 1883<\/figcaption><\/figure>\n<figure id=\"attachment_4262\" aria-describedby=\"caption-attachment-4262\" style=\"width: 295px\" class=\"wp-caption alignright\"><img loading=\"lazy\" decoding=\"async\" class=\" wp-image-4262\" src=\"http:\/\/gazette-lyceeandrecuzin.fr\/wp-content\/uploads\/2026\/02\/IMG_8452-225x300.jpg\" alt=\"\" width=\"295\" height=\"393\" srcset=\"https:\/\/gazette-lyceeandrecuzin.fr\/wp-content\/uploads\/2026\/02\/IMG_8452-225x300.jpg 225w, https:\/\/gazette-lyceeandrecuzin.fr\/wp-content\/uploads\/2026\/02\/IMG_8452-768x1024.jpg 768w, https:\/\/gazette-lyceeandrecuzin.fr\/wp-content\/uploads\/2026\/02\/IMG_8452-1152x1536.jpg 1152w, https:\/\/gazette-lyceeandrecuzin.fr\/wp-content\/uploads\/2026\/02\/IMG_8452-1536x2048.jpg 1536w, https:\/\/gazette-lyceeandrecuzin.fr\/wp-content\/uploads\/2026\/02\/IMG_8452-scaled.jpg 1920w\" sizes=\"(max-width: 295px) 100vw, 295px\" \/><figcaption id=\"caption-attachment-4262\" class=\"wp-caption-text\">Claude Monet, Le D\u00e9jeuner, 1868-1869<\/figcaption><\/figure>\n<p>&nbsp;<\/p>\n<p>&nbsp;<\/p>\n<p>&nbsp;<\/p>\n<p>&nbsp;<\/p>\n<p>&nbsp;<\/p>\n<p>&nbsp;<\/p>\n<p>&nbsp;<\/p>\n<p>&nbsp;<\/p>\n<p>&nbsp;<\/p>\n<p><em>Photo de Une : L\u2019entr\u00e9e immersive dans l\u2019exposition<\/em><\/p>\n<p><em>Photographies Emilie Molin<\/em><\/p>\n","protected":false},"excerpt":{"rendered":"<p>Visite de l\u2019exposition du mus\u00e9e des Beaux-arts de Lyon. Lundi 2 f\u00e9vrier et mercredi 4 f\u00e9vrier, avec les TTBEA et les TTCIC. \u00ab\u00a0Le monde aurait pu \u00eatre simple comme le<\/p>\n","protected":false},"author":2,"featured_media":4257,"comment_status":"closed","ping_status":"closed","sticky":false,"template":"","format":"standard","meta":{"jetpack_post_was_ever_published":false,"_jetpack_newsletter_access":"","_jetpack_dont_email_post_to_subs":false,"_jetpack_newsletter_tier_id":0,"_jetpack_memberships_contains_paywalled_content":false,"_jetpack_memberships_contains_paid_content":false,"footnotes":""},"categories":[3,43],"tags":[],"class_list":["post-4249","post","type-post","status-publish","format-standard","has-post-thumbnail","hentry","category-culture","category-musees-expo-histoire-patrimoine"],"jetpack_sharing_enabled":true,"jetpack_featured_media_url":"https:\/\/gazette-lyceeandrecuzin.fr\/wp-content\/uploads\/2026\/02\/IMG_8433-scaled-e1770303915605.jpg","jetpack_shortlink":"https:\/\/wp.me\/paGPHf-16x","jetpack_likes_enabled":false,"_links":{"self":[{"href":"https:\/\/gazette-lyceeandrecuzin.fr\/index.php?rest_route=\/wp\/v2\/posts\/4249","targetHints":{"allow":["GET"]}}],"collection":[{"href":"https:\/\/gazette-lyceeandrecuzin.fr\/index.php?rest_route=\/wp\/v2\/posts"}],"about":[{"href":"https:\/\/gazette-lyceeandrecuzin.fr\/index.php?rest_route=\/wp\/v2\/types\/post"}],"author":[{"embeddable":true,"href":"https:\/\/gazette-lyceeandrecuzin.fr\/index.php?rest_route=\/wp\/v2\/users\/2"}],"replies":[{"embeddable":true,"href":"https:\/\/gazette-lyceeandrecuzin.fr\/index.php?rest_route=%2Fwp%2Fv2%2Fcomments&post=4249"}],"version-history":[{"count":34,"href":"https:\/\/gazette-lyceeandrecuzin.fr\/index.php?rest_route=\/wp\/v2\/posts\/4249\/revisions"}],"predecessor-version":[{"id":4294,"href":"https:\/\/gazette-lyceeandrecuzin.fr\/index.php?rest_route=\/wp\/v2\/posts\/4249\/revisions\/4294"}],"wp:featuredmedia":[{"embeddable":true,"href":"https:\/\/gazette-lyceeandrecuzin.fr\/index.php?rest_route=\/wp\/v2\/media\/4257"}],"wp:attachment":[{"href":"https:\/\/gazette-lyceeandrecuzin.fr\/index.php?rest_route=%2Fwp%2Fv2%2Fmedia&parent=4249"}],"wp:term":[{"taxonomy":"category","embeddable":true,"href":"https:\/\/gazette-lyceeandrecuzin.fr\/index.php?rest_route=%2Fwp%2Fv2%2Fcategories&post=4249"},{"taxonomy":"post_tag","embeddable":true,"href":"https:\/\/gazette-lyceeandrecuzin.fr\/index.php?rest_route=%2Fwp%2Fv2%2Ftags&post=4249"}],"curies":[{"name":"wp","href":"https:\/\/api.w.org\/{rel}","templated":true}]}}