{"id":4154,"date":"2026-01-20T14:17:13","date_gmt":"2026-01-20T13:17:13","guid":{"rendered":"https:\/\/gazette-lyceeandrecuzin.fr\/?p=4154"},"modified":"2026-01-20T14:17:13","modified_gmt":"2026-01-20T13:17:13","slug":"les-2-mem-et-le-cube-de-la-defense","status":"publish","type":"post","link":"https:\/\/gazette-lyceeandrecuzin.fr\/?p=4154","title":{"rendered":"Les 2 MEM et le Cube de la D\u00e9fense"},"content":{"rendered":"<p style=\"text-align: justify;\"><strong>La classe de 2MEM a particip\u00e9 le mardi 9 d\u00e9cembre, \u00e0 la projection du film \u00ab\u00a0L\u2019inconnu de la Grande Arche\u00a0\u00bb, au cin\u00e9ma Le M\u00e9lies, qui se situe \u00e0 Caluire-et-Cuire. On s\u2019y est rendu \u00e0 pied avec toute la classe, accompagn\u00e9 de nos professeurs et on \u00e9tait les seuls \u00e0 regarder le film.<\/strong><\/p>\n<p style=\"text-align: justify;\"><strong>Il parlait de l\u2019architecte danois Johan Otto Von Spreckelsen, venu \u00e0 Paris pour pr\u00e9senter son projet architectural \u00ab\u00a0Le Cube\u00a0\u00bb<\/strong><\/p>\n<p style=\"text-align: justify;\"><strong>Il nous a permis d\u2019en savoir plus sur le m\u00e9tier d\u2019architecte, conna\u00eetre les inconv\u00e9nients et les avantages du m\u00e9tier lui-m\u00eame (tout en passant un bon moment\u00a0!), parce que nous sommes dans une fili\u00e8re o\u00f9 on peut potentiellement devenir assistant architecte ou architecte.<\/strong><\/p>\n<p style=\"text-align: justify;\"><strong>(El\u00e8ves du groupe 2)<\/strong><\/p>\n<p><!--more--><\/p>\n<h2><strong>R\u00e9sum\u00e9 du film\u00a0:<\/strong><\/h2>\n<blockquote>\n<p style=\"text-align: justify;\">\u00ab\u00a0Le film parle d\u2019un architecte danois qui a gagn\u00e9 un concours pour faire un projet \u00e0 Paris\u00a0\u00bb, \u00ab\u00a0dans le quartier de la D\u00e9fense\u00a0\u00bb. \u00ab\u00a0Il est inconnu\u00a0\u00bb. \u00ab\u00a0Il est accueilli par le Pr\u00e9sident et son \u00e9quipe\u00a0\u00bb.<\/p>\n<p style=\"text-align: justify;\">\u00ab\u00a0Il d\u00e9cide de construire un b\u00e2timent de forme carr\u00e9e\u00a0\u00bb. \u00ab\u00a0Son projet s\u2019appelle Le Cube\u00a0\u00bb. [Il] \u00ab\u00a0lui tient \u00e0 coeur\u00a0\u00bb. \u00ab\u00a0Il le commence\u00a0\u00bb mais \u00ab\u00a0les mat\u00e9riaux utilis\u00e9s ne lui conviennent pas\u00a0\u00bb. [Des personnes] \u00ab\u00a0avec qui il collabore veulent lui prendre le projet et lui [cr\u00e9ent] des difficult\u00e9s\u00a0\u00bb. Il \u00ab\u00a0est \u00e0 bout et se sent seul. Il perd sa femme. Il d\u00e9cide donc de d\u00e9missionner pour [la] retrouver.\u00a0\u00bb<\/p>\n<p style=\"text-align: justify;\">\u00ab\u00a0Le monument n\u2019aboutit pas \u00e0 ce que [Johan] Otto [Von Spreckelsen] voulait. Quelque temps apr\u00e8s, il arrive devant le projet et fait un malaise puis meurt \u00e0 la fin.\u00a0\u00bb<\/p>\n<p><span style=\"color: #999999;\"><em>(Soundous, Y.T., E.V., A.S., L.G., D.Z., Geraldo, Y.H. , M.G.)<\/em><\/span><\/p><\/blockquote>\n<h2>Quels sont les personnages principaux ?<\/h2>\n<blockquote><p>Johan Otto Von Spreckelsen, l\u2019architecte danois<\/p>\n<p>Liv, la femme d\u2019Otto<\/p>\n<p>Andreu, le deuxi\u00e8me architecte<\/p>\n<p>Le Pr\u00e9sident fran\u00e7ais Mitterrand<\/p>\n<p>Subilon, l\u2019assistant du Pr\u00e9sident<\/p><\/blockquote>\n<h2><strong>Quels termes professionnels du b\u00e2timent sont employ\u00e9s ?<\/strong><\/h2>\n<blockquote><p>Architecte, ma\u00eetre d\u2019oeuvre, ma\u00eetre d&rsquo;oeuvre de r\u00e9alisation, ma\u00eetre d\u2019ouvrage,<\/p>\n<p>Marbre,<\/p>\n<p>Perspective, \u00e9chelle,<\/p>\n<p>Electricit\u00e9, plomberie,<\/p>\n<p>Ma\u00e7on<\/p><\/blockquote>\n<h2>Quels probl\u00e8mes techniques sont rencontr\u00e9s pendant la construction ?<\/h2>\n<blockquote>\n<p style=\"text-align: justify;\">\u00abLe b\u00e2timent est trop grand et co\u00fbteux. Et l\u2019architecte veut du vrai marbre mais les autres ne veulent pas donc \u00e7a bloque le projet.\u00bb<\/p>\n<p style=\"text-align: justify;\">\u00abIl ne peut pas construire une paroi lisse\u00bb\u00a0 ; \u00abil ne peut pas utiliser de la colle pour les vitres car cette technique est autoris\u00e9e seulement aux Etats-Unis et non en France.\u00bb<\/p>\n<p><span style=\"color: #999999;\"><em>(Soundous, Y.H., D.Z.)<\/em><\/span><\/p><\/blockquote>\n<h2>Qu&rsquo;avez-vous pens\u00e9 du film ?&#8230;<\/h2>\n<blockquote>\n<p style=\"text-align: justify;\">\u00ab\u00a0Le film \u00e9tait bien\u00a0\u00bb <span style=\"color: #999999;\"><em>(E.H.), (M.G.)<\/em><\/span><\/p>\n<p style=\"text-align: justify;\">\u00ab\u00a0J\u2019ai trouv\u00e9 \u00e7a tr\u00e8s beau et moderne pour l\u2019\u00e9poque dans le film\u00a0\u00bb<span style=\"color: #999999;\"> <em>(E.V.)<\/em><\/span><\/p>\n<p style=\"text-align: justify;\">\u00ab\u00a0Je trouve que c\u2019est un bon film int\u00e9ressant qui parle de choses qui peuvent r\u00e9ellement se passer et qui peut inspirer \u00e9norm\u00e9ment de personnes dans le m\u00e9tier d\u2019architecte\u00a0\u00bb<span style=\"color: #999999;\"><em> (L.G.)<\/em><\/span><\/p>\n<\/blockquote>\n<h2>&#8230;et plus particuli\u00e8rement de l&rsquo;architecte ?<\/h2>\n<blockquote>\n<p style=\"text-align: justify;\">\u00abL\u2019architecte est attachant\u00bb<span style=\"color: #999999;\"><em> (M.G.)<\/em><\/span>, \u00abtr\u00e8s dou\u00e9 et motiv\u00e9 par son projet.\u00bb <span style=\"color: #999999;\"><em>(E.V.)<\/em><\/span><\/p>\n<p style=\"text-align: justify;\">\u00ab[Il] \u00e9tait strict sur ce qu\u2019il voulait\u00bb <span style=\"color: #999999;\"><em>(E.H.)<\/em><\/span>, \u00abtr\u00e8s dur sur les choix et les modifications.\u00bb<span style=\"color: #999999;\"> <em>(Y.H.)<\/em><\/span><\/p>\n<p style=\"text-align: justify;\">\u00abMalheureusement il n\u2019a pas eu un bon entourage et le projet aurait pu \u00eatre comme il le voulait mais cela a mal fini pour lui\u00bb <em><span style=\"color: #999999;\">(D.Z.)<\/span>.<\/em> \u00abIl se fait trop trahir.\u00bb<span style=\"color: #999999;\"> <em>(Soundous)<\/em><\/span><\/p>\n<\/blockquote>\n<h2>Est-ce que ce film a chang\u00e9 votre vision du m\u00e9tier d&rsquo;architecte ?&#8230;<\/h2>\n<blockquote>\n<p style=\"text-align: justify;\">\u00abOui car dans le film j\u2019ai bien aim\u00e9 les r\u00e9unions \u00e0 propos des grands b\u00e2timents et les discussions sur les mat\u00e9riaux.\u00bb <span style=\"color: #999999;\"><em>(Y.H.)<\/em><\/span><\/p>\n<p style=\"text-align: justify;\">\u00abLe film n\u2019a pas chang\u00e9 ma vision du m\u00e9tier\u00bb <span style=\"color: #999999;\"><em>(L.G.)<\/em><\/span>, \u00abil m\u2019a juste montr\u00e9 que, des fois, il y a des d\u00e9saccords\u00bb <span style=\"color: #999999;\"><em>(Soundous)<\/em><\/span><\/p>\n<p style=\"text-align: justify;\">\u00abNon, je voyais d\u00e9j\u00e0 le m\u00e9tier comme \u00e7a\u00bb <span style=\"color: #999999;\"><em>(M.G.)<\/em><\/span><\/p>\n<\/blockquote>\n<h2>&#8230;et votre choix futur d&rsquo;orientation ?<\/h2>\n<blockquote><p>\u00ab\u00a0Non, \u00e7a n\u2019a rien chang\u00e9\u00a0\u00bb. <span style=\"color: #999999;\"><em>(Y.T.)<\/em><\/span><\/p>\n<p>\u00ab\u00a0Ce film m\u2019a motiv\u00e9 encore plus\u00a0\u00bb <span style=\"color: #999999;\"><em>(Geraldo)<\/em><\/span><\/p>\n<p>\u00ab Le film m\u2019a inspir\u00e9 car j\u2019aime bien cr\u00e9er des choses, voir si le r\u00e9sultat rend bien. \u00bb <span style=\"color: #999999;\"><em>(E.H.)<\/em><\/span><\/p><\/blockquote>\n<blockquote><p>\u00ab On peut rencontrer des difficult\u00e9s \u00e0 cause de beaucoup de choses comme son entourage ou autre mais si on commence un projet, on ne doit pas l\u2019abandonner m\u00eame si cela semble difficile. \u00bb <span style=\"color: #999999;\"><em>(D.Z.)<\/em><\/span><\/p><\/blockquote>\n<p><em>Une : dessins de Soundous et D.Z.<br \/>\n<\/em><\/p>\n","protected":false},"excerpt":{"rendered":"<p>La classe de 2MEM a particip\u00e9 le mardi 9 d\u00e9cembre, \u00e0 la projection du film \u00ab\u00a0L\u2019inconnu de la Grande Arche\u00a0\u00bb, au cin\u00e9ma Le M\u00e9lies, qui se situe \u00e0 Caluire-et-Cuire. On<\/p>\n","protected":false},"author":2,"featured_media":4160,"comment_status":"closed","ping_status":"closed","sticky":false,"template":"","format":"standard","meta":{"jetpack_post_was_ever_published":false,"_jetpack_newsletter_access":"","_jetpack_dont_email_post_to_subs":false,"_jetpack_newsletter_tier_id":0,"_jetpack_memberships_contains_paywalled_content":false,"_jetpack_memberships_contains_paid_content":false,"footnotes":""},"categories":[45,3,7],"tags":[],"class_list":["post-4154","post","type-post","status-publish","format-standard","has-post-thumbnail","hentry","category-audiovisuel","category-culture","category-decouverte-professionnelle"],"jetpack_sharing_enabled":true,"jetpack_featured_media_url":"https:\/\/gazette-lyceeandrecuzin.fr\/wp-content\/uploads\/2026\/01\/MEM2.png","jetpack_shortlink":"https:\/\/wp.me\/paGPHf-150","jetpack_likes_enabled":false,"_links":{"self":[{"href":"https:\/\/gazette-lyceeandrecuzin.fr\/index.php?rest_route=\/wp\/v2\/posts\/4154","targetHints":{"allow":["GET"]}}],"collection":[{"href":"https:\/\/gazette-lyceeandrecuzin.fr\/index.php?rest_route=\/wp\/v2\/posts"}],"about":[{"href":"https:\/\/gazette-lyceeandrecuzin.fr\/index.php?rest_route=\/wp\/v2\/types\/post"}],"author":[{"embeddable":true,"href":"https:\/\/gazette-lyceeandrecuzin.fr\/index.php?rest_route=\/wp\/v2\/users\/2"}],"replies":[{"embeddable":true,"href":"https:\/\/gazette-lyceeandrecuzin.fr\/index.php?rest_route=%2Fwp%2Fv2%2Fcomments&post=4154"}],"version-history":[{"count":19,"href":"https:\/\/gazette-lyceeandrecuzin.fr\/index.php?rest_route=\/wp\/v2\/posts\/4154\/revisions"}],"predecessor-version":[{"id":4182,"href":"https:\/\/gazette-lyceeandrecuzin.fr\/index.php?rest_route=\/wp\/v2\/posts\/4154\/revisions\/4182"}],"wp:featuredmedia":[{"embeddable":true,"href":"https:\/\/gazette-lyceeandrecuzin.fr\/index.php?rest_route=\/wp\/v2\/media\/4160"}],"wp:attachment":[{"href":"https:\/\/gazette-lyceeandrecuzin.fr\/index.php?rest_route=%2Fwp%2Fv2%2Fmedia&parent=4154"}],"wp:term":[{"taxonomy":"category","embeddable":true,"href":"https:\/\/gazette-lyceeandrecuzin.fr\/index.php?rest_route=%2Fwp%2Fv2%2Fcategories&post=4154"},{"taxonomy":"post_tag","embeddable":true,"href":"https:\/\/gazette-lyceeandrecuzin.fr\/index.php?rest_route=%2Fwp%2Fv2%2Ftags&post=4154"}],"curies":[{"name":"wp","href":"https:\/\/api.w.org\/{rel}","templated":true}]}}