{"id":4146,"date":"2026-01-20T14:16:09","date_gmt":"2026-01-20T13:16:09","guid":{"rendered":"https:\/\/gazette-lyceeandrecuzin.fr\/?p=4146"},"modified":"2026-01-20T14:16:09","modified_gmt":"2026-01-20T13:16:09","slug":"mort-avant-la-fin-de-son-projet","status":"publish","type":"post","link":"https:\/\/gazette-lyceeandrecuzin.fr\/?p=4146","title":{"rendered":"Mort avant la fin de son projet"},"content":{"rendered":"<p style=\"text-align: justify;\"><strong>Le mardi 9 d\u00e9cembre, en d\u00e9but d\u2019apr\u00e8s-midi, nous, les \u00e9l\u00e8ves de seconde MEM, M\u00e9tiers des \u00e9tudes et de la mod\u00e9lisation num\u00e9rique du b\u00e2timent, sommes partis \u00e0 pied jusqu\u2019au cin\u00e9ma Le M\u00e9li\u00e8s, de Caluire, pour voir le film \u00ab\u00a0L\u2019inconnu de la Grande Arche\u00a0\u00bb. Il est tir\u00e9 d\u2019une histoire vraie\u00a0; celle de l\u2019architecte danois Johan Otto Von Spreckelsen et de son \u00ab\u00a0Cube\u00a0\u00bb.<\/strong><\/p>\n<p style=\"text-align: justify;\"><strong>Madame Bessard, notre professeure d\u2019enseignement professionnel, a organis\u00e9 cette s\u00e9ance parce que c\u2019est rare qu\u2019il y ait des films sur l\u2019architecture et donc, en rapport avec notre fili\u00e8re. Nous avons pu r\u00e9aliser les difficult\u00e9s du m\u00e9tier d\u2019architecte et la complexit\u00e9 de la r\u00e9alisation d\u2019un projet.<\/strong><\/p>\n<p style=\"text-align: justify;\"><strong>(El\u00e8ves du groupe 1)<\/strong><!--more--><\/p>\n<h2>R\u00e9sum\u00e9 du film :<\/h2>\n<blockquote>\n<p style=\"text-align: justify;\">\u00ab\u00a0Un architecte d\u2019origine danoise a \u00e9t\u00e9 s\u00e9lectionn\u00e9 lors d\u2019un concours\u00a0\u00bb <em><span style=\"color: #999999;\">(Y.B.)<\/span><\/em> \u00ab\u00a0pour la construction d\u2019un b\u00e2timent\u00a0\u00bb <em><span style=\"color: #999999;\">(Laura)<\/span><\/em> \u00ab\u00a0dans le quartier de la D\u00e9fense\u00a0\u00bb <em><span style=\"color: #999999;\">(Arda)<\/span><\/em>, \u00ab\u00a0\u00e0 Paris\u00a0\u00bb <em><span style=\"color: #999999;\">(F.C.)<\/span><\/em><\/p>\n<p style=\"text-align: justify;\">\u00ab Il voulait construire un cube \u00bb<em> <span style=\"color: #999999;\">(Esra)<\/span><\/em>.<\/p>\n<p style=\"text-align: justify;\">\u00ab Lors de la construction, il y avait eu des d\u00e9saccords \u00bb <em><span style=\"color: #999999;\">(G.D.M.)<\/span><\/em> , \u00ab des difficult\u00e9s \u00bb <em><span style=\"color: #999999;\">(Esra)<\/span><\/em>, \u00ab plusieurs probl\u00e8mes techniques dus aux choix de l\u2019architecte \u00bb <em><span style=\"color: #999999;\">(Laura)<\/span><\/em>, mais \u00e9galement \u00ab des probl\u00e8mes de temps et de budget \u00bb <span style=\"color: #999999;\"><em>(S.E.)<\/em><span style=\"color: #000000;\">.<\/span><\/span><\/p>\n<p style=\"text-align: justify;\">\u00ab Il a donc d\u00e9cid\u00e9 d\u2019abandonner et de d\u00e9missionner car le projet ne correspondait plus \u00e0 son Cube \u00bb <em><span style=\"color: #999999;\">(G.D.M.)<\/span><\/em>. \u00ab Des personnes avaient modifi\u00e9 tout son travail \u00bb. <em><span style=\"color: #999999;\">(M.A.D.)<\/span><\/em><\/p>\n<p style=\"text-align: justify;\">\u00ab Plus tard, il d\u00e9cide de retourner \u00e0 Paris pour voir la construction. Une fois sur place, il fait un malaise et meurt \u00bb<em><span style=\"color: #999999;\"> (G.D.M.)<\/span><\/em><\/p>\n<\/blockquote>\n<h2 style=\"text-align: justify;\">Quels sont les personnages principaux ?<\/h2>\n<blockquote>\n<p style=\"text-align: justify;\">L\u2019architecte danois Johan Otto Von Spreckelsen, sa femme Liv, le deuxi\u00e8me architecte Paul Andreu, le Pr\u00e9sident Mitterrand, son conseiller\u00a0 Jean-Louis Subilon.<\/p>\n<\/blockquote>\n<h2>Quels termes professionnels du b\u00e2timent sont employ\u00e9s\u00a0 ?<\/h2>\n<blockquote><p>Architecte, ma\u00eetre d&rsquo;oeuvre, \u00e9conomiste, ma\u00eetre d&rsquo;ouvrage,<\/p>\n<p>Construction, architecture,<\/p>\n<p>Poutrelle, cube, arche,<\/p>\n<p>Marbre,<\/p>\n<p>Mat\u00e9riel,<\/p>\n<p>Plomberie, \u00e9lectricit\u00e9,<\/p>\n<p>C\u00e2ble<\/p><\/blockquote>\n<h2>Quels probl\u00e8mes techniques sont rencontr\u00e9s pendant la construction ?<\/h2>\n<blockquote>\n<p style=\"text-align: justify;\">\u00ab Les verres coll\u00e9s sont interdits en France \u00bb <em><span style=\"color: #999999;\">(Arda)<\/span><\/em>. \u00ab Il ne peut pas utiliser de la colle pour coller les vitres et que ce soit lisse. Cette technique est autoris\u00e9e aux Etats-Unis ; en France elle est interdite \u00bb. <em><span style=\"color: #999999;\">(Y.B)<\/span><\/em><\/p>\n<p style=\"text-align: justify;\">\u00ab\u00a0Certains mat\u00e9riaux ne correspondent pas\u00a0\u00bb[aux attentes de l\u2019architecte] <em><span style=\"color: #999999;\">(Laura)<\/span><\/em>. \u00ab\u00a0[Ils] co\u00fbtaient trop cher\u00a0\u00bb <em><span style=\"color: #999999;\">(S.E)<\/span><\/em>.<\/p>\n<\/blockquote>\n<h2>Qu&rsquo;avez-vous pens\u00e9 du film ?<\/h2>\n<blockquote><p>\u00ab\u00a0Excellent, je trouve que son histoire est bien faite\u00a0\u00bb <span style=\"color: #999999;\"><em>(A.S.E.)<\/em><\/span><\/p>\n<p><span style=\"color: #333333;\">\u00ab J\u2019ai appr\u00e9ci\u00e9 ce film \u00bb<\/span> <em><span style=\"color: #999999;\">(G.D.M.), <span style=\"color: #333333;\">\u00ab\u00a0J\u2019ai bien aim\u00e9 le film\u00a0\u00bb<\/span> (Arda), (M.A.D)<\/span><\/em><\/p>\n<p>\u00ab Le film \u00e9tait bien \u00bb <span style=\"color: #999999;\"><em>(Y.B.)<\/em><\/span><\/p>\n<p>\u00abJ\u2019ai pens\u00e9 que le film \u00e9tait int\u00e9ressant\u00a0\u00bb <em><span style=\"color: #999999;\">(I.C.),<br \/>\n<\/span><\/em><\/p>\n<p>\u00ab Il montre vraiment la difficult\u00e9 et tout le long [processus] pour faire une grande \u0153uvre comme le cube \u00bb <span style=\"color: #999999;\"><em>(Laura)<\/em><\/span><\/p><\/blockquote>\n<h2>&#8230; et plus particuli\u00e8rement de l\u2019architecte ?<\/h2>\n<blockquote>\n<p style=\"text-align: justify;\">\u00ab\u00a0Je trouve que c\u2019est un architecte de qualit\u00e9 avec des objectifs diff\u00e9rents des autres\u00a0\u00bb. <em><span style=\"color: #999999;\">(S.E.)<\/span><\/em><\/p>\n<p style=\"text-align: justify;\">\u00ab [C\u2019]\u00e9tait une personne tr\u00e8s inventive et a pris son projet tr\u00e8s \u00e0 coeur \u00bb <em><span style=\"color: #999999;\">(G.D.M.)<\/span><\/em><\/p>\n<p style=\"text-align: justify;\">\u00ab [Il] \u00e9tait bon dans son m\u00e9tier, il \u00e9tait impliqu\u00e9 et pr\u00eat \u00e0 tout pour que son architecture soit comme il l\u2019imaginait \u00bb <span style=\"color: #999999;\"><em>(I.C.)<\/em><\/span><\/p>\n<p style=\"text-align: justify;\">\u00ab\u00a0[Il] m\u2019a fait beaucoup de peine car personne ne respectait ce qu\u2019il voulait\u00a0\u00bb <span style=\"color: #999999;\"><em>(Y.B.)<\/em><\/span><\/p>\n<p style=\"text-align: justify;\">\u00ab\u00a0Le r\u00f4le de l\u2019architecte m\u2019a fait un peu mal quand j\u2019ai vu des personnes prendre ses id\u00e9es et les modifier alors que c\u2019\u00e9tait lui l\u2019architecte\u00a0\u00bb <em><span style=\"color: #999999;\">(M.A.D.)<\/span><\/em><\/p>\n<p style=\"text-align: justify;\">\u00ab\u00a0Ses id\u00e9es [\u00e9taient] bonnes mais elles [ont \u00e9t\u00e9] d\u00e9form\u00e9es par d\u2019autres personnes<em><span style=\"color: #999999;\"> (F.C.)<\/span><\/em><\/p>\n<p style=\"text-align: justify;\">\u00ab\u00a0Je pense que l\u2019architecte se pensait sup\u00e9rieur aux autres\u00a0\u00bb <em><span style=\"color: #999999;\">(Arda)<\/span><\/em><\/p>\n<\/blockquote>\n<h2>Ce film a-t-il chang\u00e9 votre vision du m\u00e9tier d\u2019architecte ?&#8230;<\/h2>\n<blockquote>\n<p style=\"text-align: justify;\">\u00ab\u00a0Oui ce film a totalement chang\u00e9 ma vision du m\u00e9tier car nous voyons plus en d\u00e9tail, la difficult\u00e9 que peut apporter un projet\u00a0!\u00a0\u00bb<em><span style=\"color: #999999;\"> (Laura)<\/span><\/em><\/p>\n<p style=\"text-align: justify;\">\u00ab\u00a0Le film a chang\u00e9 ma vision du m\u00e9tier d\u2019architecte car c\u2019est compliqu\u00e9 de se faire comprendre\u00a0\u00bb <em><span style=\"color: #999999;\">(Y.B.)<\/span><\/em><\/p>\n<p style=\"text-align: justify;\">\u00ab\u00a0Apr\u00e8s avoir vu le film, ma vision a chang\u00e9 car j\u2019ai compris que le m\u00e9tier d\u2019architecte est beaucoup plus compliqu\u00e9 que l\u2019on pense\u00a0\u00bb <em><span style=\"color: #999999;\">(Arda)<\/span><\/em><\/p>\n<p style=\"text-align: justify;\">\u00ab\u00a0Pour moi, oui, ce film a chang\u00e9 ma vision du m\u00e9tier car je pensais qu\u2019architecte \u00e9tait un m\u00e9tier assez simple mais non, il faut un travail acharn\u00e9 avec une grande intelligence et de l\u2019imagination\u00a0\u00bb <em><span style=\"color: #999999;\">(I.C.)<\/span><\/em><\/p>\n<p style=\"text-align: justify;\">\u00ab\u00a0Non\u00a0\u00bb <em><span style=\"color: #999999;\">(F.C.)<\/span><\/em><\/p>\n<p style=\"text-align: justify;\">\u00ab Non, juste, \u00e7a m\u2019a appris que des personnes peuvent prendre ton travail et le modifier \u00bb <span style=\"color: #999999;\"><em>(M.A.D.)<\/em><\/span><\/p>\n<\/blockquote>\n<h2>\u2026 et votre choix futur d\u2019orientation ?<\/h2>\n<blockquote>\n<p style=\"text-align: justify;\">\u00ab Oui, \u00e7a m\u2019a donn\u00e9 envie de vraiment devenir architecte et de bosser s\u00e9rieusement \u00bb <em><span style=\"color: #999999;\">(G.D.M.)<\/span><\/em><\/p>\n<p style=\"text-align: justify;\">\u00ab\u00a0Ca m\u2019a juste confirm\u00e9 comment sera ma vie [dans l\u2019] architecture\u00a0\u00bb <em><span style=\"color: #999999;\">(S.E.)<\/span><\/em><\/p>\n<p style=\"text-align: justify;\">\u00ab\u00a0Oui, \u00e7a m\u2019a donn\u00e9 envie d\u2019aller en AA [assistant architecte]\u00a0\u00bb <em><span style=\"color: #999999;\">(A.S.E.)<\/span><\/em><\/p>\n<p style=\"text-align: justify;\">\u00ab\u00a0Pour moi, cela n\u2019a pas chang\u00e9 mon avis sur mon orientation car je veux aller en EE [\u00e9tudes et \u00e9conomie de la construction] et c\u2019est comme je l\u2019imaginais mais en plus simple. Avec de l\u2019implication et de la discipline, je pense r\u00e9ussir dans cette fili\u00e8re\u00a0\u00bb <em><span style=\"color: #999999;\">(I.C.)<\/span><\/em><\/p>\n<\/blockquote>\n<p><em>Une : dessin de Y.B. et mod\u00e9lisation de G.M.D.<\/em><\/p>\n","protected":false},"excerpt":{"rendered":"<p>Le mardi 9 d\u00e9cembre, en d\u00e9but d\u2019apr\u00e8s-midi, nous, les \u00e9l\u00e8ves de seconde MEM, M\u00e9tiers des \u00e9tudes et de la mod\u00e9lisation num\u00e9rique du b\u00e2timent, sommes partis \u00e0 pied jusqu\u2019au cin\u00e9ma Le<\/p>\n","protected":false},"author":2,"featured_media":4152,"comment_status":"closed","ping_status":"closed","sticky":false,"template":"","format":"standard","meta":{"jetpack_post_was_ever_published":false,"_jetpack_newsletter_access":"","_jetpack_dont_email_post_to_subs":false,"_jetpack_newsletter_tier_id":0,"_jetpack_memberships_contains_paywalled_content":false,"_jetpack_memberships_contains_paid_content":false,"footnotes":""},"categories":[45,3,7],"tags":[],"class_list":["post-4146","post","type-post","status-publish","format-standard","has-post-thumbnail","hentry","category-audiovisuel","category-culture","category-decouverte-professionnelle"],"jetpack_sharing_enabled":true,"jetpack_featured_media_url":"https:\/\/gazette-lyceeandrecuzin.fr\/wp-content\/uploads\/2026\/01\/Y-et-GM.png","jetpack_shortlink":"https:\/\/wp.me\/paGPHf-14S","jetpack_likes_enabled":false,"_links":{"self":[{"href":"https:\/\/gazette-lyceeandrecuzin.fr\/index.php?rest_route=\/wp\/v2\/posts\/4146","targetHints":{"allow":["GET"]}}],"collection":[{"href":"https:\/\/gazette-lyceeandrecuzin.fr\/index.php?rest_route=\/wp\/v2\/posts"}],"about":[{"href":"https:\/\/gazette-lyceeandrecuzin.fr\/index.php?rest_route=\/wp\/v2\/types\/post"}],"author":[{"embeddable":true,"href":"https:\/\/gazette-lyceeandrecuzin.fr\/index.php?rest_route=\/wp\/v2\/users\/2"}],"replies":[{"embeddable":true,"href":"https:\/\/gazette-lyceeandrecuzin.fr\/index.php?rest_route=%2Fwp%2Fv2%2Fcomments&post=4146"}],"version-history":[{"count":14,"href":"https:\/\/gazette-lyceeandrecuzin.fr\/index.php?rest_route=\/wp\/v2\/posts\/4146\/revisions"}],"predecessor-version":[{"id":4185,"href":"https:\/\/gazette-lyceeandrecuzin.fr\/index.php?rest_route=\/wp\/v2\/posts\/4146\/revisions\/4185"}],"wp:featuredmedia":[{"embeddable":true,"href":"https:\/\/gazette-lyceeandrecuzin.fr\/index.php?rest_route=\/wp\/v2\/media\/4152"}],"wp:attachment":[{"href":"https:\/\/gazette-lyceeandrecuzin.fr\/index.php?rest_route=%2Fwp%2Fv2%2Fmedia&parent=4146"}],"wp:term":[{"taxonomy":"category","embeddable":true,"href":"https:\/\/gazette-lyceeandrecuzin.fr\/index.php?rest_route=%2Fwp%2Fv2%2Fcategories&post=4146"},{"taxonomy":"post_tag","embeddable":true,"href":"https:\/\/gazette-lyceeandrecuzin.fr\/index.php?rest_route=%2Fwp%2Fv2%2Ftags&post=4146"}],"curies":[{"name":"wp","href":"https:\/\/api.w.org\/{rel}","templated":true}]}}