{"id":3676,"date":"2024-06-18T14:42:39","date_gmt":"2024-06-18T12:42:39","guid":{"rendered":"http:\/\/gazette-lyceeandrecuzin.fr\/?p=3676"},"modified":"2024-09-12T09:56:50","modified_gmt":"2024-09-12T07:56:50","slug":"concours-national-de-la-resistance-et-de-la-deportation-une-sacree-equipe-de-plombiers","status":"publish","type":"post","link":"https:\/\/gazette-lyceeandrecuzin.fr\/?p=3676","title":{"rendered":"Concours National de la R\u00e9sistance et de la D\u00e9portation Une sacr\u00e9e \u00e9quipe de plombiers"},"content":{"rendered":"<p><strong>Nous avons particip\u00e9 \u00e0 l\u2019\u00e9dition 2024 du CNRD sur le th\u00e8me \u00ab R\u00e9sister \u00e0 la D\u00e9portation en France et en Europe \u00bb. <\/strong><\/p>\n<p><!--more--><\/p>\n<h2 style=\"text-align: justify;\">Le sport pour r\u00e9sister et survivre\u00a0; Avant, pendant, apr\u00e8s la guerre<\/h2>\n<p style=\"text-align: justify;\">Nous sommes une classe en CAP Monteur Installateur Sanitaire au Lyc\u00e9e Professionnel Andr\u00e9 Cuzin de Caluire. Notre professeur nous a propos\u00e9 de participer \u00e0 ce concours. Notre objectif \u00e9tait de faire \u00ab un chef d\u2019\u0153uvre \u00bb \u00e0 pr\u00e9senter \u00e0 l\u2019examen de CAP. Il lie plusieurs mati\u00e8res : atelier, fran\u00e7ais, histoire g\u00e9o et arts appliqu\u00e9s. L\u2019id\u00e9e de d\u00e9part est li\u00e9e au programme sur le th\u00e8me d\u2019histoire, la 2<sup>nde <\/sup>guerre mondiale et la d\u00e9portation. Ensuite, nous avons pens\u00e9 au pr\u00e9sent et est venu Les jeux Olympiques de 2024. Alors nous avons d\u00e9cid\u00e9 de r\u00e9fl\u00e9chir aux sportifs d\u00e9port\u00e9s en camp pendant la seconde guerre mondiale sur toute l\u2019Europe et qui ont particip\u00e9 \u00e0 des Jeux Olympiques.<\/p>\n<div style=\"width: 640px;\" class=\"wp-video\"><!--[if lt IE 9]><script>document.createElement('video');<\/script><![endif]-->\n<video class=\"wp-video-shortcode\" id=\"video-3676-1\" width=\"640\" height=\"362\" preload=\"metadata\" controls=\"controls\"><source type=\"video\/mp4\" src=\"http:\/\/gazette-lyceeandrecuzin.fr\/wp-content\/uploads\/2024\/06\/3Video.mp4?_=1\" \/><a href=\"http:\/\/gazette-lyceeandrecuzin.fr\/wp-content\/uploads\/2024\/06\/3Video.mp4\">http:\/\/gazette-lyceeandrecuzin.fr\/wp-content\/uploads\/2024\/06\/3Video.mp4<\/a><\/video><\/div>\n<h2><\/h2>\n<h2><img fetchpriority=\"high\" decoding=\"async\" class=\"alignnone wp-image-3683\" src=\"http:\/\/gazette-lyceeandrecuzin.fr\/wp-content\/uploads\/2024\/06\/Face1-300x210.jpg\" alt=\"\" width=\"326\" height=\"228\" srcset=\"https:\/\/gazette-lyceeandrecuzin.fr\/wp-content\/uploads\/2024\/06\/Face1-300x210.jpg 300w, https:\/\/gazette-lyceeandrecuzin.fr\/wp-content\/uploads\/2024\/06\/Face1.jpg 640w\" sizes=\"(max-width: 326px) 100vw, 326px\" \/><img decoding=\"async\" class=\"alignnone wp-image-3684\" src=\"http:\/\/gazette-lyceeandrecuzin.fr\/wp-content\/uploads\/2024\/06\/Face2-300x233.jpg\" alt=\"\" width=\"292\" height=\"227\" srcset=\"https:\/\/gazette-lyceeandrecuzin.fr\/wp-content\/uploads\/2024\/06\/Face2-300x233.jpg 300w, https:\/\/gazette-lyceeandrecuzin.fr\/wp-content\/uploads\/2024\/06\/Face2.jpg 640w\" sizes=\"(max-width: 292px) 100vw, 292px\" \/><\/h2>\n<h2 style=\"text-align: justify;\">Objectif chef d\u2019\u0153uvre<\/h2>\n<p style=\"text-align: justify;\">Il y a un axe professionnel qui permet de faire de ce travail collectif un chef d\u2019\u0153uvre. C\u2019est la fabrication des anneaux olympiques en atelier, des tubes de cuivre de diam\u00e8tre 14. Avec le chalumeau, nous avons cintr\u00e9 au sable 5 anneaux qui ont \u00e9t\u00e9 peints. Il y a l\u2019axe\u00a0culturel et historique : la recherche des sportifs survivants et qui ont particip\u00e9 \u00e0 des Jeux Olympiques. En histoire, chaque \u00e9l\u00e8ve devait pr\u00e9senter un sportif qui aurait fait les Jeux avant ou apr\u00e8s la guerre et qui aurait \u00e9t\u00e9 d\u00e9port\u00e9. Il y a des sportifs de toute l\u2019Europe, dans des disciplines diff\u00e9rentes, des hommes et des femmes. Il y a des prisonniers de guerre et des d\u00e9port\u00e9s juifs ou tziganes. Puis nous avons r\u00e9alis\u00e9 des petites biographies des sportifs avec leurs photos que nous avons simplifi\u00e9es pour l\u2019\u0153uvre. Enfin, en arts appliqu\u00e9s, on a fait des silhouettes des sportifs. Nous avons termin\u00e9 en assemblant l\u2019\u0153uvre collective.<\/p>\n<p><img decoding=\"async\" class=\"alignnone size-medium wp-image-3679\" src=\"http:\/\/gazette-lyceeandrecuzin.fr\/wp-content\/uploads\/2024\/06\/Realisation-anneaux-225x300.jpg\" alt=\"\" width=\"225\" height=\"300\" srcset=\"https:\/\/gazette-lyceeandrecuzin.fr\/wp-content\/uploads\/2024\/06\/Realisation-anneaux-225x300.jpg 225w, https:\/\/gazette-lyceeandrecuzin.fr\/wp-content\/uploads\/2024\/06\/Realisation-anneaux.jpg 480w\" sizes=\"(max-width: 225px) 100vw, 225px\" \/><img loading=\"lazy\" decoding=\"async\" class=\"alignnone size-medium wp-image-3680\" src=\"http:\/\/gazette-lyceeandrecuzin.fr\/wp-content\/uploads\/2024\/06\/Realisation-anneaux2-225x300.jpg\" alt=\"\" width=\"225\" height=\"300\" srcset=\"https:\/\/gazette-lyceeandrecuzin.fr\/wp-content\/uploads\/2024\/06\/Realisation-anneaux2-225x300.jpg 225w, https:\/\/gazette-lyceeandrecuzin.fr\/wp-content\/uploads\/2024\/06\/Realisation-anneaux2.jpg 480w\" sizes=\"(max-width: 225px) 100vw, 225px\" \/><img loading=\"lazy\" decoding=\"async\" class=\"alignnone size-medium wp-image-3685\" src=\"http:\/\/gazette-lyceeandrecuzin.fr\/wp-content\/uploads\/2024\/06\/Anneaux-rotated-e1718695411618-300x225.jpg\" alt=\"\" width=\"300\" height=\"225\" srcset=\"https:\/\/gazette-lyceeandrecuzin.fr\/wp-content\/uploads\/2024\/06\/Anneaux-rotated-e1718695411618-300x225.jpg 300w, https:\/\/gazette-lyceeandrecuzin.fr\/wp-content\/uploads\/2024\/06\/Anneaux-rotated-e1718695411618-200x150.jpg 200w, https:\/\/gazette-lyceeandrecuzin.fr\/wp-content\/uploads\/2024\/06\/Anneaux-rotated-e1718695411618.jpg 640w\" sizes=\"(max-width: 300px) 100vw, 300px\" \/><\/p>\n<h2 style=\"text-align: justify;\">Que de r\u00e9compenses\u00a0!<\/h2>\n<p style=\"text-align: justify;\">Et nous avons gagn\u00e9\u00a0: le 2<sup>\u00e8me<\/sup> prix d\u00e9partemental qui nous a \u00e9t\u00e9 remis \u00e0 la Pr\u00e9fecture du Rh\u00f4ne par la pr\u00e9f\u00e8te de R\u00e9gion dans un salon extraordinaire. Le bleuet de France nous a aussi d\u00e9cern\u00e9 son prix coup de c\u0153ur. Puis nous avons remport\u00e9 le 4<sup>\u00e8me<\/sup> prix acad\u00e9mique et nous sommes, cette fois, all\u00e9s \u00e0 l\u2019Acad\u00e9mie o\u00f9 le Recteur nous a f\u00e9licit\u00e9s. Maintenant, nous attendons le classement national\u2026 et nous allons lire tous les livres que nous avons re\u00e7us pour nous et le CDI.<\/p>\n<p><strong><img loading=\"lazy\" decoding=\"async\" class=\"alignnone size-medium wp-image-3682\" src=\"http:\/\/gazette-lyceeandrecuzin.fr\/wp-content\/uploads\/2024\/06\/Livre2-225x300.jpg\" alt=\"\" width=\"225\" height=\"300\" srcset=\"https:\/\/gazette-lyceeandrecuzin.fr\/wp-content\/uploads\/2024\/06\/Livre2-225x300.jpg 225w, https:\/\/gazette-lyceeandrecuzin.fr\/wp-content\/uploads\/2024\/06\/Livre2-rotated.jpg 480w\" sizes=\"(max-width: 225px) 100vw, 225px\" \/> <img loading=\"lazy\" decoding=\"async\" class=\"alignnone wp-image-3681 size-medium\" src=\"http:\/\/gazette-lyceeandrecuzin.fr\/wp-content\/uploads\/2024\/06\/Livre1-rotated-e1718695343210-300x225.jpg\" alt=\"\" width=\"300\" height=\"225\" srcset=\"https:\/\/gazette-lyceeandrecuzin.fr\/wp-content\/uploads\/2024\/06\/Livre1-rotated-e1718695343210-300x225.jpg 300w, https:\/\/gazette-lyceeandrecuzin.fr\/wp-content\/uploads\/2024\/06\/Livre1-rotated-e1718695343210-200x150.jpg 200w, https:\/\/gazette-lyceeandrecuzin.fr\/wp-content\/uploads\/2024\/06\/Livre1-rotated-e1718695343210.jpg 640w\" sizes=\"(max-width: 300px) 100vw, 300px\" \/><\/strong><\/p>\n<p>&nbsp;<\/p>\n<p>Rythmes n\u00b0413, p.2 :<\/p>\n<p><a href=\"https:\/\/www.ville-caluire.fr\/sites\/caluireetcuire.inexine.net\/files\/documents\/kiosque\/PDF\/413_rythmes_juillet_2024_web.pdf\">https:\/\/www.ville-caluire.fr\/sites\/caluireetcuire.inexine.net\/files\/documents\/kiosque\/PDF\/413_rythmes_juillet_2024_web.pdf<\/a><\/p>\n<p>&nbsp;<\/p>\n<p><em>Photo de Une :<\/em><\/p>\n<p><em>M Dugrip, Recteur de l\u2019Acad\u00e9mie, remet le prix aux \u00e9l\u00e8ves de 1CAP MIS en pr\u00e9sence de M. Guechi Proviseur du Lyc\u00e9e Professionnel Andr\u00e9 Cuzin et Mme Fabre, enseignante \u00e0 l\u2019initiative du projet.<\/em><\/p>\n","protected":false},"excerpt":{"rendered":"<p>Nous avons particip\u00e9 \u00e0 l\u2019\u00e9dition 2024 du CNRD sur le th\u00e8me \u00ab R\u00e9sister \u00e0 la D\u00e9portation en France et en Europe \u00bb.<\/p>\n","protected":false},"author":2,"featured_media":3678,"comment_status":"closed","ping_status":"closed","sticky":false,"template":"","format":"standard","meta":{"jetpack_post_was_ever_published":false,"_jetpack_newsletter_access":"","_jetpack_dont_email_post_to_subs":false,"_jetpack_newsletter_tier_id":0,"_jetpack_memberships_contains_paywalled_content":false,"_jetpack_memberships_contains_paid_content":false,"footnotes":""},"categories":[3,8,43],"tags":[],"class_list":["post-3676","post","type-post","status-publish","format-standard","has-post-thumbnail","hentry","category-culture","category-la-vie-hors-les-murs","category-musees-expo-histoire-patrimoine"],"jetpack_sharing_enabled":true,"jetpack_featured_media_url":"https:\/\/gazette-lyceeandrecuzin.fr\/wp-content\/uploads\/2024\/06\/Recteur2.jpg","jetpack_shortlink":"https:\/\/wp.me\/paGPHf-Xi","jetpack_likes_enabled":false,"_links":{"self":[{"href":"https:\/\/gazette-lyceeandrecuzin.fr\/index.php?rest_route=\/wp\/v2\/posts\/3676","targetHints":{"allow":["GET"]}}],"collection":[{"href":"https:\/\/gazette-lyceeandrecuzin.fr\/index.php?rest_route=\/wp\/v2\/posts"}],"about":[{"href":"https:\/\/gazette-lyceeandrecuzin.fr\/index.php?rest_route=\/wp\/v2\/types\/post"}],"author":[{"embeddable":true,"href":"https:\/\/gazette-lyceeandrecuzin.fr\/index.php?rest_route=\/wp\/v2\/users\/2"}],"replies":[{"embeddable":true,"href":"https:\/\/gazette-lyceeandrecuzin.fr\/index.php?rest_route=%2Fwp%2Fv2%2Fcomments&post=3676"}],"version-history":[{"count":5,"href":"https:\/\/gazette-lyceeandrecuzin.fr\/index.php?rest_route=\/wp\/v2\/posts\/3676\/revisions"}],"predecessor-version":[{"id":3691,"href":"https:\/\/gazette-lyceeandrecuzin.fr\/index.php?rest_route=\/wp\/v2\/posts\/3676\/revisions\/3691"}],"wp:featuredmedia":[{"embeddable":true,"href":"https:\/\/gazette-lyceeandrecuzin.fr\/index.php?rest_route=\/wp\/v2\/media\/3678"}],"wp:attachment":[{"href":"https:\/\/gazette-lyceeandrecuzin.fr\/index.php?rest_route=%2Fwp%2Fv2%2Fmedia&parent=3676"}],"wp:term":[{"taxonomy":"category","embeddable":true,"href":"https:\/\/gazette-lyceeandrecuzin.fr\/index.php?rest_route=%2Fwp%2Fv2%2Fcategories&post=3676"},{"taxonomy":"post_tag","embeddable":true,"href":"https:\/\/gazette-lyceeandrecuzin.fr\/index.php?rest_route=%2Fwp%2Fv2%2Ftags&post=3676"}],"curies":[{"name":"wp","href":"https:\/\/api.w.org\/{rel}","templated":true}]}}