{"id":3633,"date":"2024-01-22T09:05:56","date_gmt":"2024-01-22T08:05:56","guid":{"rendered":"http:\/\/gazette-lyceeandrecuzin.fr\/?p=3633"},"modified":"2024-01-22T09:05:56","modified_gmt":"2024-01-22T08:05:56","slug":"les-1tcb-au-secours-de-madame-bourlez","status":"publish","type":"post","link":"https:\/\/gazette-lyceeandrecuzin.fr\/?p=3633","title":{"rendered":"Les 1TCB au secours de madame Bourlez"},"content":{"rendered":"<p style=\"text-align: justify;\"><strong>Dans le cadre d\u2019un projet de classe et en partenariat avec le CDI, nous avons r\u00e9alis\u00e9 une dizaine de cadres qui serviront de pr\u00e9sentoirs \u00e0 des fins culturelles. La r\u00e9alisation s\u2019est faite en plusieurs \u00e9tapes.<\/strong><\/p>\n<p><!--more--><\/p>\n<h2 style=\"text-align: justify;\"><strong>A quoi vont servir les panneaux\u00a0?<\/strong><\/h2>\n<p style=\"text-align: justify;\">Les professeurs nous ont propos\u00e9 de travailler en co-intervention Histoire-G\u00e9ographie et charpenterie et de construire des pr\u00e9sentoirs, qui seront utilis\u00e9s pour maintenir des expositions et des informations. Ces panneaux serviront aussi \u00e0 montrer notre savoir-faire et ce que nous avons appris ces deux ann\u00e9es au lyc\u00e9e Andr\u00e9 Cuzin.<\/p>\n<h2 style=\"text-align: justify;\"><strong><img fetchpriority=\"high\" decoding=\"async\" class=\" wp-image-3639 alignleft\" src=\"http:\/\/gazette-lyceeandrecuzin.fr\/wp-content\/uploads\/2024\/01\/Panneaux-sans-eleve-scaled.jpg\" alt=\"\" width=\"253\" height=\"465\" srcset=\"https:\/\/gazette-lyceeandrecuzin.fr\/wp-content\/uploads\/2024\/01\/Panneaux-sans-eleve-scaled.jpg 1394w, https:\/\/gazette-lyceeandrecuzin.fr\/wp-content\/uploads\/2024\/01\/Panneaux-sans-eleve-163x300.jpg 163w, https:\/\/gazette-lyceeandrecuzin.fr\/wp-content\/uploads\/2024\/01\/Panneaux-sans-eleve-558x1024.jpg 558w, https:\/\/gazette-lyceeandrecuzin.fr\/wp-content\/uploads\/2024\/01\/Panneaux-sans-eleve-768x1410.jpg 768w, https:\/\/gazette-lyceeandrecuzin.fr\/wp-content\/uploads\/2024\/01\/Panneaux-sans-eleve-836x1536.jpg 836w, https:\/\/gazette-lyceeandrecuzin.fr\/wp-content\/uploads\/2024\/01\/Panneaux-sans-eleve-1115x2048.jpg 1115w\" sizes=\"(max-width: 253px) 100vw, 253px\" \/>Comment avons-nous cr\u00e9\u00e9 les panneaux\u00a0?<\/strong><\/h2>\n<p style=\"text-align: justify;\">Nous avons r\u00e9alis\u00e9 ces pr\u00e9sentoirs en plusieurs \u00e9tapes\u00a0: 1 heure de conception, 2 heures de taille et 2 heures d\u2019assemblage auront \u00e9t\u00e9 n\u00e9cessaires \u00e0 la r\u00e9alisation de l\u2019\u0153uvre.<\/p>\n<p style=\"text-align: justify;\">Durant la conception nous avons d\u00e9fini la section des pi\u00e8ces afin que la structure soit suffisamment rigide. Puis, nous avons r\u00e9alis\u00e9 les plans de fabrication pour les cadres. Enfin, nous avons r\u00e9alis\u00e9 une estimation du co\u00fbt de revient du projet. Ensuite, nous avons d\u00e9bit\u00e9 des pi\u00e8ces dans de l\u2019\u00e9pic\u00e9a massif. Nous avons eu besoin de scies circulaires radiales \u00e0 format, ainsi que de la d\u00e9gauchisseuse et raboteuse. Enfin, il nous aura fallu 2 heures d\u2019assemblage de l\u2019\u0153uvre dont nous sommes fiers.<\/p>\n<p style=\"text-align: justify;\">Nous esp\u00e9rons que ces pr\u00e9sentoirs seront utilis\u00e9s largement par le lyc\u00e9e et esp\u00e9rons aussi r\u00e9aliser des \u0153uvres plus complexes encore.<\/p>\n<p>&nbsp;<\/p>\n<p>N.D.L.R. Deux \u00e9l\u00e8ves de 1CAP PAR, Madiou et Christian, ont ponc\u00e9 les cadres puis appliqu\u00e9 de l&rsquo;huile de finition.<\/p>\n<p>Le syst\u00e8me d&rsquo;accrochage sera install\u00e9 bient\u00f4t.<\/p>\n<p>&nbsp;<\/p>\n","protected":false},"excerpt":{"rendered":"<p>Dans le cadre d\u2019un projet de classe et en partenariat avec le CDI, nous avons r\u00e9alis\u00e9 une dizaine de cadres qui serviront de pr\u00e9sentoirs \u00e0 des fins culturelles. La r\u00e9alisation<\/p>\n","protected":false},"author":2,"featured_media":3638,"comment_status":"closed","ping_status":"closed","sticky":false,"template":"","format":"standard","meta":{"jetpack_post_was_ever_published":false,"_jetpack_newsletter_access":"","_jetpack_dont_email_post_to_subs":false,"_jetpack_newsletter_tier_id":0,"_jetpack_memberships_contains_paywalled_content":false,"_jetpack_memberships_contains_paid_content":false,"footnotes":""},"categories":[35,7],"tags":[],"class_list":["post-3633","post","type-post","status-publish","format-standard","has-post-thumbnail","hentry","category-comme-des-pros","category-decouverte-professionnelle"],"jetpack_sharing_enabled":true,"jetpack_featured_media_url":"https:\/\/gazette-lyceeandrecuzin.fr\/wp-content\/uploads\/2024\/01\/Une-scaled-e1705909828179.jpg","jetpack_shortlink":"https:\/\/wp.me\/paGPHf-WB","jetpack_likes_enabled":false,"_links":{"self":[{"href":"https:\/\/gazette-lyceeandrecuzin.fr\/index.php?rest_route=\/wp\/v2\/posts\/3633","targetHints":{"allow":["GET"]}}],"collection":[{"href":"https:\/\/gazette-lyceeandrecuzin.fr\/index.php?rest_route=\/wp\/v2\/posts"}],"about":[{"href":"https:\/\/gazette-lyceeandrecuzin.fr\/index.php?rest_route=\/wp\/v2\/types\/post"}],"author":[{"embeddable":true,"href":"https:\/\/gazette-lyceeandrecuzin.fr\/index.php?rest_route=\/wp\/v2\/users\/2"}],"replies":[{"embeddable":true,"href":"https:\/\/gazette-lyceeandrecuzin.fr\/index.php?rest_route=%2Fwp%2Fv2%2Fcomments&post=3633"}],"version-history":[{"count":4,"href":"https:\/\/gazette-lyceeandrecuzin.fr\/index.php?rest_route=\/wp\/v2\/posts\/3633\/revisions"}],"predecessor-version":[{"id":3641,"href":"https:\/\/gazette-lyceeandrecuzin.fr\/index.php?rest_route=\/wp\/v2\/posts\/3633\/revisions\/3641"}],"wp:featuredmedia":[{"embeddable":true,"href":"https:\/\/gazette-lyceeandrecuzin.fr\/index.php?rest_route=\/wp\/v2\/media\/3638"}],"wp:attachment":[{"href":"https:\/\/gazette-lyceeandrecuzin.fr\/index.php?rest_route=%2Fwp%2Fv2%2Fmedia&parent=3633"}],"wp:term":[{"taxonomy":"category","embeddable":true,"href":"https:\/\/gazette-lyceeandrecuzin.fr\/index.php?rest_route=%2Fwp%2Fv2%2Fcategories&post=3633"},{"taxonomy":"post_tag","embeddable":true,"href":"https:\/\/gazette-lyceeandrecuzin.fr\/index.php?rest_route=%2Fwp%2Fv2%2Ftags&post=3633"}],"curies":[{"name":"wp","href":"https:\/\/api.w.org\/{rel}","templated":true}]}}