{"id":3376,"date":"2022-12-15T16:15:53","date_gmt":"2022-12-15T15:15:53","guid":{"rendered":"https:\/\/gazette-lyceeandrecuzin.fr\/?p=3376"},"modified":"2022-12-15T16:24:52","modified_gmt":"2022-12-15T15:24:52","slug":"notre-projet-jeunes-en-librairie-2","status":"publish","type":"post","link":"https:\/\/gazette-lyceeandrecuzin.fr\/?p=3376","title":{"rendered":"Notre projet \u00ab Jeunes en librairie \u00bb"},"content":{"rendered":"<p><strong>Un atelier de\u00a0 typographie au Mus\u00e9e de l&rsquo;Imprimerie pour les \u00e9l\u00e8ves de 2 MEM, les jeudis 1<sup>er\u00a0<\/sup> et 8 d\u00e9cembre 2022<\/strong><\/p>\n<p><!--more--><\/p>\n<p style=\"text-align: justify;\">L\u2019imprimerie a \u00e9t\u00e9 invent\u00e9e par Gutenberg en 1450.<\/p>\n<p style=\"text-align: justify;\">Nous avons \u00e9t\u00e9 accueillis par deux femmes, nomm\u00e9es \u00ab ours \u00bb (nom donn\u00e9 aux imprimeurs dans le temps).<\/p>\n<p style=\"text-align: justify;\">Ces femmes sont des animatrices de l\u2019atelier.<\/p>\n<p style=\"text-align: justify;\">Dans cet atelier, nous avons imprim\u00e9 des textes que nous avions \u00e9crits pendant un atelier d\u2019\u00e9criture avec Patrice Robin, puis r\u00e9\u00e9crits en classe. Sur place nous avons compos\u00e9 ces textes comme au XV\u00e8me si\u00e8cle.<\/p>\n<p style=\"text-align: justify;\">Le lieu poss\u00e8de trois machines accompagn\u00e9es de pupitres. Sur nos pupitres \u00e9taient dispos\u00e9s des casses, des plans de casse et des composteurs afin de permettre d\u2019\u00e9crire nos fameux textes.<\/p>\n<p>Il y avait aussi des rangs o\u00f9 \u00e9taient rang\u00e9es de nombreuses matrices, ce qui nous a permis de rendre nos textes uniques.<\/p>\n<p>Comme polices, on pouvait trouver \u00ab\u00a0mistral 38\u00a0\u00bb qui selon les \u00e9l\u00e8ves \u00e9taient les plus compliqu\u00e9es \u00e0 composter.<\/p>\n<p>Exemple :<\/p>\n<p><img decoding=\"async\" class=\"wp-image-3393 alignleft\" src=\"http:\/\/gazette-lyceeandrecuzin.fr\/wp-content\/uploads\/2022\/12\/20221215_113815-scaled-e1671108914909.jpg\" alt=\"\" width=\"138\" height=\"84\" srcset=\"https:\/\/gazette-lyceeandrecuzin.fr\/wp-content\/uploads\/2022\/12\/20221215_113815-scaled-e1671108914909.jpg 1241w, https:\/\/gazette-lyceeandrecuzin.fr\/wp-content\/uploads\/2022\/12\/20221215_113815-scaled-e1671108914909-300x183.jpg 300w, https:\/\/gazette-lyceeandrecuzin.fr\/wp-content\/uploads\/2022\/12\/20221215_113815-scaled-e1671108914909-1024x623.jpg 1024w, https:\/\/gazette-lyceeandrecuzin.fr\/wp-content\/uploads\/2022\/12\/20221215_113815-scaled-e1671108914909-768x467.jpg 768w\" sizes=\"(max-width: 138px) 100vw, 138px\" \/><\/p>\n<p>&nbsp;<\/p>\n<p>&nbsp;<\/p>\n<p>Ensuite nous avons tous \u00e9t\u00e9 appel\u00e9s pour voter la couleur qui allait sublimer nos textes. Cette couleur est donc le \u00ab\u00a0bleu tahitien\u00a0\u00bb.<\/p>\n<p>Pour souffler un peu, nous avons eu droit \u00e0 une petite pause et pendant celle-ci Madame Bessard (notre professeur de pro) nous a expliqu\u00e9 l\u2019architecture ancienne du mus\u00e9e.<\/p>\n<p>Et pour conclure, quelques t\u00e9moignages personnels :<\/p>\n<figure id=\"attachment_3386\" aria-describedby=\"caption-attachment-3386\" style=\"width: 300px\" class=\"wp-caption alignleft\"><img fetchpriority=\"high\" decoding=\"async\" class=\" wp-image-3386\" src=\"http:\/\/gazette-lyceeandrecuzin.fr\/wp-content\/uploads\/2022\/12\/IMG_8753.jpeg\" alt=\"\" width=\"300\" height=\"400\" srcset=\"https:\/\/gazette-lyceeandrecuzin.fr\/wp-content\/uploads\/2022\/12\/IMG_8753.jpeg 480w, https:\/\/gazette-lyceeandrecuzin.fr\/wp-content\/uploads\/2022\/12\/IMG_8753-225x300.jpeg 225w\" sizes=\"(max-width: 300px) 100vw, 300px\" \/><figcaption id=\"caption-attachment-3386\" class=\"wp-caption-text\">Au fond de la salle, il y avait des machines pour imprimer les textes.<\/figcaption><\/figure>\n<p>\u00ab\u00a0Ce qu\u2019on retient de cette imprimerie ancienne c\u2019est que m\u00eame si les machines sont dans un mus\u00e9e, ils les utilisent encore alors que c\u2019est une vieille m\u00e9thode.\u00a0\u00bb<\/p>\n<p>\u00ab\u00a0Cette visite m\u2019a appris \u00e0 d\u00e9velopper la patience et m\u2019a permis d\u2019apprendre ce qu\u2019est la typographie. Je pensais que \u00e7a n\u2019allait pas me plaire mais finalement si.\u00a0\u00bb<\/p>\n<p>\u00ab\u00a0Cette sortie nous a appris de nouvelles choses int\u00e9ressantes. Le travail que j\u2019ai eu \u00e9tait tr\u00e8s long, il m\u2019a fallu beaucoup de patience mais j\u2019y suis arriv\u00e9e.\u00a0\u00bb<\/p>\n<p>\u00ab\u00a0J\u2019ai bien aim\u00e9 d\u00e9couvrir le monde de l\u2019imprimerie et je remercie les ours de nous avoir appris toutes ces belles choses.\u00a0\u00bb<\/p>\n<p>&nbsp;<\/p>\n<p>Marwa, Marie, Louay, Juliette, Illan, Benjamin, Rapha\u00ebl, Abdoul, Kelva, Abdellah, Ibrahim, Tiago, Fael, Adel, Rayan<\/p>\n<p>Photographies de Mme Molin<\/p>\n<p>&nbsp;<\/p>\n<figure id=\"attachment_3378\" aria-describedby=\"caption-attachment-3378\" style=\"width: 296px\" class=\"wp-caption alignleft\"><img decoding=\"async\" class=\"wp-image-3378\" src=\"http:\/\/gazette-lyceeandrecuzin.fr\/wp-content\/uploads\/2022\/12\/IMG_8662.jpeg\" alt=\"\" width=\"296\" height=\"395\" srcset=\"https:\/\/gazette-lyceeandrecuzin.fr\/wp-content\/uploads\/2022\/12\/IMG_8662.jpeg 480w, https:\/\/gazette-lyceeandrecuzin.fr\/wp-content\/uploads\/2022\/12\/IMG_8662-225x300.jpeg 225w\" sizes=\"(max-width: 296px) 100vw, 296px\" \/><figcaption id=\"caption-attachment-3378\" class=\"wp-caption-text\">Sur nos pupitres, une feuille \u00e9tait plac\u00e9e afin de nous aider \u00e0 nous rep\u00e9rer dans la casse. La \u00ab casse \u00bb est un casier en bois o\u00f9 sont rang\u00e9es les lettres avec lesquelles on a pu \u00e9crire nos textes<\/figcaption><\/figure>\n<figure id=\"attachment_3379\" aria-describedby=\"caption-attachment-3379\" style=\"width: 559px\" class=\"wp-caption aligncenter\"><img loading=\"lazy\" decoding=\"async\" class=\" wp-image-3379\" src=\"http:\/\/gazette-lyceeandrecuzin.fr\/wp-content\/uploads\/2022\/12\/IMG_8665.jpeg\" alt=\"\" width=\"559\" height=\"419\" srcset=\"https:\/\/gazette-lyceeandrecuzin.fr\/wp-content\/uploads\/2022\/12\/IMG_8665.jpeg 640w, https:\/\/gazette-lyceeandrecuzin.fr\/wp-content\/uploads\/2022\/12\/IMG_8665-300x225.jpeg 300w, https:\/\/gazette-lyceeandrecuzin.fr\/wp-content\/uploads\/2022\/12\/IMG_8665-200x150.jpeg 200w\" sizes=\"(max-width: 559px) 100vw, 559px\" \/><figcaption id=\"caption-attachment-3379\" class=\"wp-caption-text\">Gr\u00e2ce au \u00ab composteur \u00bb, nous avons pu r\u00e9diger nos textes. Le composteur est l\u2019instrument utilis\u00e9 par les typographes pour assembler les caract\u00e8res : il sert \u00e0 poser les lettres. Le composteur se r\u00e8gle en fonction de la \u00ab justification \u00bb du texte. La justification est la longueur de la ligne la plus longue du texte<\/figcaption><\/figure>\n<figure id=\"attachment_3387\" aria-describedby=\"caption-attachment-3387\" style=\"width: 298px\" class=\"wp-caption alignnone\"><img loading=\"lazy\" decoding=\"async\" class=\" wp-image-3387\" src=\"http:\/\/gazette-lyceeandrecuzin.fr\/wp-content\/uploads\/2022\/12\/IMG_8755.jpeg\" alt=\"\" width=\"298\" height=\"397\" srcset=\"https:\/\/gazette-lyceeandrecuzin.fr\/wp-content\/uploads\/2022\/12\/IMG_8755.jpeg 480w, https:\/\/gazette-lyceeandrecuzin.fr\/wp-content\/uploads\/2022\/12\/IMG_8755-225x300.jpeg 225w\" sizes=\"(max-width: 298px) 100vw, 298px\" \/><figcaption id=\"caption-attachment-3387\" class=\"wp-caption-text\">\u00ab Les rangs \u00bb plac\u00e9s en dessous de notre pupitre permettent de ranger les casses.<\/figcaption><\/figure>\n<figure id=\"attachment_3380\" aria-describedby=\"caption-attachment-3380\" style=\"width: 355px\" class=\"wp-caption aligncenter\"><img loading=\"lazy\" decoding=\"async\" class=\" wp-image-3380\" src=\"http:\/\/gazette-lyceeandrecuzin.fr\/wp-content\/uploads\/2022\/12\/IMG_8678.jpeg\" alt=\"\" width=\"355\" height=\"266\" srcset=\"https:\/\/gazette-lyceeandrecuzin.fr\/wp-content\/uploads\/2022\/12\/IMG_8678.jpeg 640w, https:\/\/gazette-lyceeandrecuzin.fr\/wp-content\/uploads\/2022\/12\/IMG_8678-300x225.jpeg 300w, https:\/\/gazette-lyceeandrecuzin.fr\/wp-content\/uploads\/2022\/12\/IMG_8678-200x150.jpeg 200w\" sizes=\"(max-width: 355px) 100vw, 355px\" \/><figcaption id=\"caption-attachment-3380\" class=\"wp-caption-text\">Les casiers dans lesquels sont class\u00e9s les caract\u00e8res en fonction de leur \u00ab police \u00bb (taille).<\/figcaption><\/figure>\n<figure id=\"attachment_3385\" aria-describedby=\"caption-attachment-3385\" style=\"width: 347px\" class=\"wp-caption alignnone\"><img loading=\"lazy\" decoding=\"async\" class=\"wp-image-3385\" src=\"http:\/\/gazette-lyceeandrecuzin.fr\/wp-content\/uploads\/2022\/12\/IMG_8709.jpeg\" alt=\"\" width=\"347\" height=\"462\" srcset=\"https:\/\/gazette-lyceeandrecuzin.fr\/wp-content\/uploads\/2022\/12\/IMG_8709.jpeg 480w, https:\/\/gazette-lyceeandrecuzin.fr\/wp-content\/uploads\/2022\/12\/IMG_8709-225x300.jpeg 225w\" sizes=\"(max-width: 347px) 100vw, 347px\" \/><figcaption id=\"caption-attachment-3385\" class=\"wp-caption-text\">Quand nous avons fini de composer les phrases, les animatrices les ont rassembl\u00e9es avec le nom de chacun.<\/figcaption><\/figure>\n<figure id=\"attachment_3384\" aria-describedby=\"caption-attachment-3384\" style=\"width: 338px\" class=\"wp-caption aligncenter\"><img loading=\"lazy\" decoding=\"async\" class=\"wp-image-3384\" src=\"http:\/\/gazette-lyceeandrecuzin.fr\/wp-content\/uploads\/2022\/12\/IMG_8697.jpeg\" alt=\"\" width=\"338\" height=\"451\" srcset=\"https:\/\/gazette-lyceeandrecuzin.fr\/wp-content\/uploads\/2022\/12\/IMG_8697.jpeg 480w, https:\/\/gazette-lyceeandrecuzin.fr\/wp-content\/uploads\/2022\/12\/IMG_8697-225x300.jpeg 225w\" sizes=\"(max-width: 338px) 100vw, 338px\" \/><figcaption id=\"caption-attachment-3384\" class=\"wp-caption-text\">Les diff\u00e9rentes couleurs propos\u00e9es pour l\u2019impression.<\/figcaption><\/figure>\n<figure id=\"attachment_3383\" aria-describedby=\"caption-attachment-3383\" style=\"width: 455px\" class=\"wp-caption alignnone\"><img loading=\"lazy\" decoding=\"async\" class=\" wp-image-3383\" src=\"http:\/\/gazette-lyceeandrecuzin.fr\/wp-content\/uploads\/2022\/12\/IMG_8690.jpeg\" alt=\"\" width=\"455\" height=\"341\" srcset=\"https:\/\/gazette-lyceeandrecuzin.fr\/wp-content\/uploads\/2022\/12\/IMG_8690.jpeg 640w, https:\/\/gazette-lyceeandrecuzin.fr\/wp-content\/uploads\/2022\/12\/IMG_8690-300x225.jpeg 300w, https:\/\/gazette-lyceeandrecuzin.fr\/wp-content\/uploads\/2022\/12\/IMG_8690-200x150.jpeg 200w\" sizes=\"(max-width: 455px) 100vw, 455px\" \/><figcaption id=\"caption-attachment-3383\" class=\"wp-caption-text\">Le premier texte imprim\u00e9, en bleu tahitien.<\/figcaption><\/figure>\n<figure id=\"attachment_3382\" aria-describedby=\"caption-attachment-3382\" style=\"width: 393px\" class=\"wp-caption aligncenter\"><img loading=\"lazy\" decoding=\"async\" class=\" wp-image-3382\" src=\"http:\/\/gazette-lyceeandrecuzin.fr\/wp-content\/uploads\/2022\/12\/IMG_8686.jpeg\" alt=\"\" width=\"393\" height=\"524\" srcset=\"https:\/\/gazette-lyceeandrecuzin.fr\/wp-content\/uploads\/2022\/12\/IMG_8686.jpeg 480w, https:\/\/gazette-lyceeandrecuzin.fr\/wp-content\/uploads\/2022\/12\/IMG_8686-225x300.jpeg 225w\" sizes=\"(max-width: 393px) 100vw, 393px\" \/><figcaption id=\"caption-attachment-3382\" class=\"wp-caption-text\">Sur cette photo, on aper\u00e7oit un \u00e9l\u00e8ve de la classe 2MEM qui compose son texte \u00e0 l\u2019aide des matrices.<\/figcaption><\/figure>\n<p>&nbsp;<\/p>\n<p><img loading=\"lazy\" decoding=\"async\" class=\"alignnone wp-image-3339 size-full\" src=\"http:\/\/gazette-lyceeandrecuzin.fr\/wp-content\/uploads\/2022\/10\/jeunes_en_librairie_twitter_banniere-e1671117552602.png\" alt=\"\" width=\"1500\" height=\"221\" srcset=\"https:\/\/gazette-lyceeandrecuzin.fr\/wp-content\/uploads\/2022\/10\/jeunes_en_librairie_twitter_banniere-e1671117552602.png 1500w, https:\/\/gazette-lyceeandrecuzin.fr\/wp-content\/uploads\/2022\/10\/jeunes_en_librairie_twitter_banniere-e1671117552602-300x44.png 300w, https:\/\/gazette-lyceeandrecuzin.fr\/wp-content\/uploads\/2022\/10\/jeunes_en_librairie_twitter_banniere-e1671117552602-768x113.png 768w, https:\/\/gazette-lyceeandrecuzin.fr\/wp-content\/uploads\/2022\/10\/jeunes_en_librairie_twitter_banniere-e1671117552602-1024x151.png 1024w\" sizes=\"(max-width: 1500px) 100vw, 1500px\" \/><\/p>\n","protected":false},"excerpt":{"rendered":"<p>Un atelier de\u00a0 typographie au Mus\u00e9e de l&rsquo;Imprimerie pour les \u00e9l\u00e8ves de 2 MEM, les jeudis 1er\u00a0 et 8 d\u00e9cembre 2022<\/p>\n","protected":false},"author":2,"featured_media":3390,"comment_status":"closed","ping_status":"closed","sticky":false,"template":"","format":"standard","meta":{"jetpack_post_was_ever_published":false,"_jetpack_newsletter_access":"","_jetpack_dont_email_post_to_subs":false,"_jetpack_newsletter_tier_id":0,"_jetpack_memberships_contains_paywalled_content":false,"_jetpack_memberships_contains_paid_content":false,"footnotes":""},"categories":[3,8,44,43],"tags":[],"class_list":["post-3376","post","type-post","status-publish","format-standard","has-post-thumbnail","hentry","category-culture","category-la-vie-hors-les-murs","category-lire-ecrire","category-musees-expo-histoire-patrimoine"],"jetpack_sharing_enabled":true,"jetpack_featured_media_url":"https:\/\/gazette-lyceeandrecuzin.fr\/wp-content\/uploads\/2022\/12\/IMG_8766-1-rotated-e1671108739185.jpg","jetpack_shortlink":"https:\/\/wp.me\/paGPHf-Ss","jetpack_likes_enabled":false,"_links":{"self":[{"href":"https:\/\/gazette-lyceeandrecuzin.fr\/index.php?rest_route=\/wp\/v2\/posts\/3376","targetHints":{"allow":["GET"]}}],"collection":[{"href":"https:\/\/gazette-lyceeandrecuzin.fr\/index.php?rest_route=\/wp\/v2\/posts"}],"about":[{"href":"https:\/\/gazette-lyceeandrecuzin.fr\/index.php?rest_route=\/wp\/v2\/types\/post"}],"author":[{"embeddable":true,"href":"https:\/\/gazette-lyceeandrecuzin.fr\/index.php?rest_route=\/wp\/v2\/users\/2"}],"replies":[{"embeddable":true,"href":"https:\/\/gazette-lyceeandrecuzin.fr\/index.php?rest_route=%2Fwp%2Fv2%2Fcomments&post=3376"}],"version-history":[{"count":34,"href":"https:\/\/gazette-lyceeandrecuzin.fr\/index.php?rest_route=\/wp\/v2\/posts\/3376\/revisions"}],"predecessor-version":[{"id":3423,"href":"https:\/\/gazette-lyceeandrecuzin.fr\/index.php?rest_route=\/wp\/v2\/posts\/3376\/revisions\/3423"}],"wp:featuredmedia":[{"embeddable":true,"href":"https:\/\/gazette-lyceeandrecuzin.fr\/index.php?rest_route=\/wp\/v2\/media\/3390"}],"wp:attachment":[{"href":"https:\/\/gazette-lyceeandrecuzin.fr\/index.php?rest_route=%2Fwp%2Fv2%2Fmedia&parent=3376"}],"wp:term":[{"taxonomy":"category","embeddable":true,"href":"https:\/\/gazette-lyceeandrecuzin.fr\/index.php?rest_route=%2Fwp%2Fv2%2Fcategories&post=3376"},{"taxonomy":"post_tag","embeddable":true,"href":"https:\/\/gazette-lyceeandrecuzin.fr\/index.php?rest_route=%2Fwp%2Fv2%2Ftags&post=3376"}],"curies":[{"name":"wp","href":"https:\/\/api.w.org\/{rel}","templated":true}]}}