{"id":3302,"date":"2022-10-21T13:31:55","date_gmt":"2022-10-21T11:31:55","guid":{"rendered":"http:\/\/gazette-lyceeandrecuzin.fr\/?p=3302"},"modified":"2022-10-21T14:08:02","modified_gmt":"2022-10-21T12:08:02","slug":"notre-projet-jeunes-en-librairie","status":"publish","type":"post","link":"https:\/\/gazette-lyceeandrecuzin.fr\/?p=3302","title":{"rendered":"Notre projet \u00ab\u00a0Jeunes en librairie\u00a0\u00bb"},"content":{"rendered":"<p><strong>Un atelier d\u2019\u00e9criture au lyc\u00e9e pour les \u00e9l\u00e8ves de 2MEM<br \/>\n<\/strong><\/p>\n<p style=\"text-align: justify;\"><strong>Cette rencontre \u00e9tait vraiment sp\u00e9ciale car on ne rencontre pas tous les jours un \u00e9crivain. Patrice Robin est venu dans notre classe vendredi 7 octobre pour animer un atelier d\u2019\u00e9criture. Il \u00e9tait gentil et souriant, on pouvait voir l\u2019enthousiasme et la joie en lui. Il nous a parl\u00e9 de sa vie d\u2019\u00e9crivain et de son parcours.<\/strong><\/p>\n<p><!--more--><\/p>\n<p style=\"text-align: justify;\">En premier lieu, il nous a expliqu\u00e9 et lu des projets autobiographiques qu\u2019il avait d\u00e9j\u00e0 mis en \u0153uvre avec des jeunes d\u00e9scolaris\u00e9s et des prisonniers lors d\u2019ateliers d\u2019\u00e9criture.<\/p>\n<p style=\"text-align: justify;\">Puis nous avons fait des exercices d\u2019\u00e9criture \u00e0 notre tour\u00a0: tout d\u2019abord nous avons commenc\u00e9 avec des exercices qui nous permettaient de d\u00e9crire nos pens\u00e9es et notre personnalit\u00e9. La classe a aussi d\u00fb se rem\u00e9morer des souvenirs en d\u00e9crivant des lieux et des \u00e9v\u00e9nements de notre enfance, tout en \u00e9crivant une petite r\u00e9daction.<\/p>\n<p style=\"text-align: justify;\">Le fait d\u2019\u00e9crire sur soi-m\u00eame peut para\u00eetre facile mais justement c\u2019est tout le contraire, c\u2019est un r\u00e9el travail de r\u00e9flexion et d\u2019interaction avec nous-m\u00eames.<\/p>\n<p style=\"text-align: justify;\">Pour conclure, cette rencontre avec Patrice Robin \u00e9tait tr\u00e8s enrichissante. L\u2019atelier d\u2019\u00e9criture nous a permis de nous rem\u00e9morer des souvenirs. Il nous a aussi aid\u00e9s \u00e0 en savoir plus sur le m\u00e9tier d\u2019\u00e9crivain et sur la langue fran\u00e7aise.<\/p>\n<p style=\"text-align: justify;\">Thomas, Liz, Na\u00ebl, Genna, Enzo, Volkan, Slimane, C\u00e9lia, Aron, Mohamed, Becaye<\/p>\n<p>&nbsp;<\/p>\n<p><img fetchpriority=\"high\" decoding=\"async\" class=\"size-medium wp-image-3305 aligncenter\" src=\"http:\/\/gazette-lyceeandrecuzin.fr\/wp-content\/uploads\/2022\/10\/MONDE-195x300.jpg\" alt=\"\" width=\"195\" height=\"300\" srcset=\"https:\/\/gazette-lyceeandrecuzin.fr\/wp-content\/uploads\/2022\/10\/MONDE-195x300.jpg 195w, https:\/\/gazette-lyceeandrecuzin.fr\/wp-content\/uploads\/2022\/10\/MONDE-768x1184.jpg 768w, https:\/\/gazette-lyceeandrecuzin.fr\/wp-content\/uploads\/2022\/10\/MONDE-664x1024.jpg 664w, https:\/\/gazette-lyceeandrecuzin.fr\/wp-content\/uploads\/2022\/10\/MONDE.jpg 1280w\" sizes=\"(max-width: 195px) 100vw, 195px\" \/><\/p>\n<p>&nbsp;<\/p>\n<p><img decoding=\"async\" class=\"alignnone size-full wp-image-3339\" src=\"http:\/\/gazette-lyceeandrecuzin.fr\/wp-content\/uploads\/2022\/10\/jeunes_en_librairie_twitter_banniere.png\" alt=\"\" width=\"1500\" height=\"500\" \/><\/p>\n","protected":false},"excerpt":{"rendered":"<p>Un atelier d\u2019\u00e9criture au lyc\u00e9e pour les \u00e9l\u00e8ves de 2MEM Cette rencontre \u00e9tait vraiment sp\u00e9ciale car on ne rencontre pas tous les jours un \u00e9crivain. Patrice Robin est venu dans<\/p>\n","protected":false},"author":2,"featured_media":3306,"comment_status":"closed","ping_status":"closed","sticky":false,"template":"","format":"standard","meta":{"jetpack_post_was_ever_published":false,"_jetpack_newsletter_access":"","_jetpack_dont_email_post_to_subs":false,"_jetpack_newsletter_tier_id":0,"_jetpack_memberships_contains_paywalled_content":false,"_jetpack_memberships_contains_paid_content":false,"footnotes":""},"categories":[3,29,44,4],"tags":[],"class_list":["post-3302","post","type-post","status-publish","format-standard","has-post-thumbnail","hentry","category-culture","category-dans-nos-murs","category-lire-ecrire","category-vie-du-lycee"],"jetpack_sharing_enabled":false,"jetpack_featured_media_url":"https:\/\/gazette-lyceeandrecuzin.fr\/wp-content\/uploads\/2022\/10\/Photo-Rafael-Jos\u00e9-Briceno-Serraalta.jpg","jetpack_shortlink":"https:\/\/wp.me\/paGPHf-Rg","jetpack_likes_enabled":true,"_links":{"self":[{"href":"https:\/\/gazette-lyceeandrecuzin.fr\/index.php?rest_route=\/wp\/v2\/posts\/3302","targetHints":{"allow":["GET"]}}],"collection":[{"href":"https:\/\/gazette-lyceeandrecuzin.fr\/index.php?rest_route=\/wp\/v2\/posts"}],"about":[{"href":"https:\/\/gazette-lyceeandrecuzin.fr\/index.php?rest_route=\/wp\/v2\/types\/post"}],"author":[{"embeddable":true,"href":"https:\/\/gazette-lyceeandrecuzin.fr\/index.php?rest_route=\/wp\/v2\/users\/2"}],"replies":[{"embeddable":true,"href":"https:\/\/gazette-lyceeandrecuzin.fr\/index.php?rest_route=%2Fwp%2Fv2%2Fcomments&post=3302"}],"version-history":[{"count":8,"href":"https:\/\/gazette-lyceeandrecuzin.fr\/index.php?rest_route=\/wp\/v2\/posts\/3302\/revisions"}],"predecessor-version":[{"id":3341,"href":"https:\/\/gazette-lyceeandrecuzin.fr\/index.php?rest_route=\/wp\/v2\/posts\/3302\/revisions\/3341"}],"wp:featuredmedia":[{"embeddable":true,"href":"https:\/\/gazette-lyceeandrecuzin.fr\/index.php?rest_route=\/wp\/v2\/media\/3306"}],"wp:attachment":[{"href":"https:\/\/gazette-lyceeandrecuzin.fr\/index.php?rest_route=%2Fwp%2Fv2%2Fmedia&parent=3302"}],"wp:term":[{"taxonomy":"category","embeddable":true,"href":"https:\/\/gazette-lyceeandrecuzin.fr\/index.php?rest_route=%2Fwp%2Fv2%2Fcategories&post=3302"},{"taxonomy":"post_tag","embeddable":true,"href":"https:\/\/gazette-lyceeandrecuzin.fr\/index.php?rest_route=%2Fwp%2Fv2%2Ftags&post=3302"}],"curies":[{"name":"wp","href":"https:\/\/api.w.org\/{rel}","templated":true}]}}