{"id":3242,"date":"2022-03-21T11:13:24","date_gmt":"2022-03-21T10:13:24","guid":{"rendered":"http:\/\/gazette-lyceeandrecuzin.fr\/?p=3242"},"modified":"2022-04-14T11:34:12","modified_gmt":"2022-04-14T09:34:12","slug":"je-filme-ma-formation","status":"publish","type":"post","link":"https:\/\/gazette-lyceeandrecuzin.fr\/?p=3242","title":{"rendered":"\u00ab Je filme ma formation \u00bb"},"content":{"rendered":"<p style=\"text-align: justify;\"><strong>Cette ann\u00e9e, d\u2019octobre \u00e0 f\u00e9vrier, les 2EL se sont lanc\u00e9s dans la r\u00e9alisation d\u2019une vid\u00e9o avec pour objectif de participer au concours \u00ab\u00a0Je filme ma formation\u00a0\u00bb.<\/strong><\/p>\n<p style=\"text-align: justify;\"><strong>Ce d\u00e9fi a \u00e9t\u00e9 rendu possible gr\u00e2ce \u00e0 l\u2019aide d\u2019une b\u00e9n\u00e9vole de C\u2019Possible\u00a0: <\/strong><strong>Sofia Accebbi.<\/strong><\/p>\n<p>&nbsp;<\/p>\n<p style=\"text-align: justify;\"><!--more--><\/p>\n<p style=\"text-align: justify;\">Sofia est v\u00e9nitienne, elle est \u00e9tudiante en histoire de l\u2019art.<\/p>\n<p style=\"text-align: justify;\">Depuis le mois d\u2019octobre jusqu\u2019en f\u00e9vrier, elle nous a accompagn\u00e9s dans ce parcours. Elle ne s\u2019est jamais d\u00e9courag\u00e9e et nous a transmis les comp\u00e9tences des m\u00e9tiers du cin\u00e9ma. Gr\u00e2ce \u00e0 elle nous avons utilis\u00e9 du mat\u00e9riel professionnel. Il nous a fallu \u00eatre pers\u00e9v\u00e9rants et inventifs. Nous avons travaill\u00e9 en \u00e9quipe et nous avons mis en \u0153uvre des comp\u00e9tences d\u2019\u00e9criture et de l\u2019oral, ainsi que notre savoir-faire d\u2019\u00e9lectriciens.<\/p>\n<p><img fetchpriority=\"high\" decoding=\"async\" class=\"wp-image-3247 aligncenter\" src=\"http:\/\/gazette-lyceeandrecuzin.fr\/wp-content\/uploads\/2022\/03\/IMG_5177-e1647609037385-300x161.jpg\" alt=\"\" width=\"419\" height=\"225\" srcset=\"https:\/\/gazette-lyceeandrecuzin.fr\/wp-content\/uploads\/2022\/03\/IMG_5177-e1647609037385-300x161.jpg 300w, https:\/\/gazette-lyceeandrecuzin.fr\/wp-content\/uploads\/2022\/03\/IMG_5177-e1647609037385.jpg 750w\" sizes=\"(max-width: 419px) 100vw, 419px\" \/><\/p>\n<p style=\"text-align: justify;\">Nous avons connu des hauts et des bas dans cette aventure mais nous sommes fiers du r\u00e9sultat\u00a0:<\/p>\n<p style=\"text-align: justify;\">\u00ab\u00a0<em>L\u2019\u00e9lec, c\u2019est pas un jeu<\/em>\u00a0\u00bb est le titre de notre film.<\/p>\n<h2><\/h2>\n<h2 style=\"text-align: justify;\">NOUS SOMMES EN S\u00c9LECTION OFFICIELLE.<\/h2>\n<p>&nbsp;<\/p>\n<p style=\"text-align: justify;\">Allez sur le <strong>site du concours<\/strong> \u00ab\u00a0Je filme ma formation\u00a0\u00bb, chaque visionnage augmentera nos chances de succ\u00e8s\u00a0! <a href=\"https:\/\/www.parcoursmetiers.tv\/video\/12995-lelec-cest-pas-un-jeu\"><strong><span style=\"color: #0000ff;\">Lien ici<\/span><\/strong><\/a><\/p>\n<p>&nbsp;<\/p>\n<p style=\"text-align: justify;\"><strong>Notre aventure cin\u00e9ma<\/strong>, c\u2019\u00e9tait\u00a0:<\/p>\n<p style=\"text-align: justify;\">8 s\u00e9ances de travail avec Sofia, 13 h consacr\u00e9es \u00e0 notre film,<\/p>\n<p style=\"text-align: justify;\"><img decoding=\"async\" class=\"alignnone size-medium wp-image-3243\" src=\"http:\/\/gazette-lyceeandrecuzin.fr\/wp-content\/uploads\/2022\/03\/GraphiqueColl\u00e9-1-300x225.png\" alt=\"\" width=\"300\" height=\"225\" srcset=\"https:\/\/gazette-lyceeandrecuzin.fr\/wp-content\/uploads\/2022\/03\/GraphiqueColl\u00e9-1-300x225.png 300w, https:\/\/gazette-lyceeandrecuzin.fr\/wp-content\/uploads\/2022\/03\/GraphiqueColl\u00e9-1-200x150.png 200w, https:\/\/gazette-lyceeandrecuzin.fr\/wp-content\/uploads\/2022\/03\/GraphiqueColl\u00e9-1.png 579w\" sizes=\"(max-width: 300px) 100vw, 300px\" \/><\/p>\n<p style=\"text-align: justify;\"><strong>1 story board<\/strong> r\u00e9alis\u00e9 collectivement<\/p>\n<p style=\"text-align: justify;\">et des heures de <strong>tournage<\/strong>, du mat\u00e9riel professionnel transport\u00e9, apport\u00e9 et rapport\u00e9 par Sofia en bus en tram et en m\u00e9tro,<\/p>\n<p><img decoding=\"async\" class=\"size-medium wp-image-3246 aligncenter\" src=\"http:\/\/gazette-lyceeandrecuzin.fr\/wp-content\/uploads\/2022\/03\/IMG_5134-300x225.jpg\" alt=\"\" width=\"300\" height=\"225\" srcset=\"https:\/\/gazette-lyceeandrecuzin.fr\/wp-content\/uploads\/2022\/03\/IMG_5134-300x225.jpg 300w, https:\/\/gazette-lyceeandrecuzin.fr\/wp-content\/uploads\/2022\/03\/IMG_5134-768x576.jpg 768w, https:\/\/gazette-lyceeandrecuzin.fr\/wp-content\/uploads\/2022\/03\/IMG_5134-1024x768.jpg 1024w, https:\/\/gazette-lyceeandrecuzin.fr\/wp-content\/uploads\/2022\/03\/IMG_5134-200x150.jpg 200w\" sizes=\"(max-width: 300px) 100vw, 300px\" \/><\/p>\n<p style=\"text-align: justify;\">la <strong>cam\u00e9ra<\/strong> personnelle et tr\u00e8s pr\u00e9cieuse de Sofia qu\u2019elle nous pr\u00eatait pour filmer,<\/p>\n<p style=\"text-align: justify;\">des <strong>rush<\/strong> \u00e0 visionner<\/p>\n<p style=\"text-align: justify;\">et 1 <strong>montage<\/strong> \u00e0 effectuer,<\/p>\n<p style=\"text-align: justify;\">des lignes de <strong>textes<\/strong> \u00e9crites (bravo Aly Badara)<\/p>\n<p style=\"text-align: justify;\">et 1 <strong>voix<\/strong> enregistr\u00e9e pour la <strong>bande son<\/strong> (merci Pascale des \u00ab\u00a0Vitamin\u00e9s de l\u2019emploi\u00a0\u00bb pour le coaching de la belle voix de Vandeley),<\/p>\n<p style=\"text-align: justify;\">1 <strong>go\u00fbter r\u00e9gie<\/strong> offert par Sofia,<\/p>\n<p style=\"text-align: justify;\"><img loading=\"lazy\" decoding=\"async\" class=\"size-medium wp-image-3245 aligncenter\" src=\"http:\/\/gazette-lyceeandrecuzin.fr\/wp-content\/uploads\/2022\/03\/IMG_5139-300x225.jpg\" alt=\"\" width=\"300\" height=\"225\" srcset=\"https:\/\/gazette-lyceeandrecuzin.fr\/wp-content\/uploads\/2022\/03\/IMG_5139-300x225.jpg 300w, https:\/\/gazette-lyceeandrecuzin.fr\/wp-content\/uploads\/2022\/03\/IMG_5139-768x576.jpg 768w, https:\/\/gazette-lyceeandrecuzin.fr\/wp-content\/uploads\/2022\/03\/IMG_5139-1024x768.jpg 1024w, https:\/\/gazette-lyceeandrecuzin.fr\/wp-content\/uploads\/2022\/03\/IMG_5139-200x150.jpg 200w\" sizes=\"(max-width: 300px) 100vw, 300px\" \/><\/p>\n<p style=\"text-align: justify;\">1 <strong>clap<\/strong><\/p>\n<p style=\"text-align: justify;\">et bien s\u00fbr des <strong>\u00e9clairages<\/strong>, des <strong>lumi\u00e8res<\/strong>, des <strong>LED<\/strong>,<\/p>\n<p style=\"text-align: justify;\">et une <strong>mandarine<\/strong>.<\/p>\n<p style=\"text-align: justify;\"><img loading=\"lazy\" decoding=\"async\" class=\"size-medium wp-image-3244 alignnone\" src=\"http:\/\/gazette-lyceeandrecuzin.fr\/wp-content\/uploads\/2022\/03\/GraphiqueColl\u00e9-3-300x225.png\" alt=\"\" width=\"300\" height=\"225\" srcset=\"https:\/\/gazette-lyceeandrecuzin.fr\/wp-content\/uploads\/2022\/03\/GraphiqueColl\u00e9-3-300x225.png 300w, https:\/\/gazette-lyceeandrecuzin.fr\/wp-content\/uploads\/2022\/03\/GraphiqueColl\u00e9-3-200x150.png 200w, https:\/\/gazette-lyceeandrecuzin.fr\/wp-content\/uploads\/2022\/03\/GraphiqueColl\u00e9-3.png 482w\" sizes=\"(max-width: 300px) 100vw, 300px\" \/><\/p>\n<p>&nbsp;<\/p>\n<p style=\"text-align: justify;\"><strong>\u2026 L\u2019\u00e9lec, c\u2019est pas un jeu.<\/strong><\/p>\n<p>&nbsp;<\/p>\n<p>Les \u00e9l\u00e8ves en 2EL et Mme Molin<\/p>\n<p>&nbsp;<\/p>\n<blockquote class=\"wp-embedded-content\" data-secret=\"BGE6q4NshM\"><p><a href=\"https:\/\/www.cpossible-asso.fr\/je-filme-ma-formation\/\">Auvergne-Rh\u00f4ne-Alpes : \u00ab Je filme ma formation \u00bb, Les coulisses du tournage<\/a><\/p><\/blockquote>\n<p><iframe class=\"wp-embedded-content\" sandbox=\"allow-scripts\" security=\"restricted\" style=\"position: absolute; visibility: hidden;\" title=\"\u00ab\u00a0Auvergne-Rh\u00f4ne-Alpes : \u00ab Je filme ma formation \u00bb, Les coulisses du tournage\u00a0\u00bb &#8212; C&#039;Possible\" src=\"https:\/\/www.cpossible-asso.fr\/je-filme-ma-formation\/embed\/#?secret=n9mJR4yC3s#?secret=BGE6q4NshM\" data-secret=\"BGE6q4NshM\" width=\"600\" height=\"338\" frameborder=\"0\" marginwidth=\"0\" marginheight=\"0\" scrolling=\"no\"><\/iframe><\/p>\n","protected":false},"excerpt":{"rendered":"<p>Cette ann\u00e9e, d\u2019octobre \u00e0 f\u00e9vrier, les 2EL se sont lanc\u00e9s dans la r\u00e9alisation d\u2019une vid\u00e9o avec pour objectif de participer au concours \u00ab\u00a0Je filme ma formation\u00a0\u00bb. Ce d\u00e9fi a \u00e9t\u00e9<\/p>\n","protected":false},"author":2,"featured_media":3251,"comment_status":"closed","ping_status":"closed","sticky":false,"template":"","format":"standard","meta":{"jetpack_post_was_ever_published":false,"_jetpack_newsletter_access":"","_jetpack_dont_email_post_to_subs":false,"_jetpack_newsletter_tier_id":0,"_jetpack_memberships_contains_paywalled_content":false,"_jetpack_memberships_contains_paid_content":false,"footnotes":""},"categories":[45,35,3,29,7,4],"tags":[],"class_list":["post-3242","post","type-post","status-publish","format-standard","has-post-thumbnail","hentry","category-audiovisuel","category-comme-des-pros","category-culture","category-dans-nos-murs","category-decouverte-professionnelle","category-vie-du-lycee"],"jetpack_sharing_enabled":false,"jetpack_featured_media_url":"https:\/\/gazette-lyceeandrecuzin.fr\/wp-content\/uploads\/2022\/03\/Affiche.png","jetpack_shortlink":"https:\/\/wp.me\/paGPHf-Qi","jetpack_likes_enabled":true,"_links":{"self":[{"href":"https:\/\/gazette-lyceeandrecuzin.fr\/index.php?rest_route=\/wp\/v2\/posts\/3242","targetHints":{"allow":["GET"]}}],"collection":[{"href":"https:\/\/gazette-lyceeandrecuzin.fr\/index.php?rest_route=\/wp\/v2\/posts"}],"about":[{"href":"https:\/\/gazette-lyceeandrecuzin.fr\/index.php?rest_route=\/wp\/v2\/types\/post"}],"author":[{"embeddable":true,"href":"https:\/\/gazette-lyceeandrecuzin.fr\/index.php?rest_route=\/wp\/v2\/users\/2"}],"replies":[{"embeddable":true,"href":"https:\/\/gazette-lyceeandrecuzin.fr\/index.php?rest_route=%2Fwp%2Fv2%2Fcomments&post=3242"}],"version-history":[{"count":8,"href":"https:\/\/gazette-lyceeandrecuzin.fr\/index.php?rest_route=\/wp\/v2\/posts\/3242\/revisions"}],"predecessor-version":[{"id":3289,"href":"https:\/\/gazette-lyceeandrecuzin.fr\/index.php?rest_route=\/wp\/v2\/posts\/3242\/revisions\/3289"}],"wp:featuredmedia":[{"embeddable":true,"href":"https:\/\/gazette-lyceeandrecuzin.fr\/index.php?rest_route=\/wp\/v2\/media\/3251"}],"wp:attachment":[{"href":"https:\/\/gazette-lyceeandrecuzin.fr\/index.php?rest_route=%2Fwp%2Fv2%2Fmedia&parent=3242"}],"wp:term":[{"taxonomy":"category","embeddable":true,"href":"https:\/\/gazette-lyceeandrecuzin.fr\/index.php?rest_route=%2Fwp%2Fv2%2Fcategories&post=3242"},{"taxonomy":"post_tag","embeddable":true,"href":"https:\/\/gazette-lyceeandrecuzin.fr\/index.php?rest_route=%2Fwp%2Fv2%2Ftags&post=3242"}],"curies":[{"name":"wp","href":"https:\/\/api.w.org\/{rel}","templated":true}]}}