{"id":3183,"date":"2022-03-10T10:47:09","date_gmt":"2022-03-10T09:47:09","guid":{"rendered":"http:\/\/gazette-lyceeandrecuzin.fr\/?p=3183"},"modified":"2022-03-10T10:47:09","modified_gmt":"2022-03-10T09:47:09","slug":"projet-urdla-empreintes-traces-cap-mac","status":"publish","type":"post","link":"https:\/\/gazette-lyceeandrecuzin.fr\/?p=3183","title":{"rendered":"PROJET URDLA EMPREINTES\/TRACES   CAP MAC"},"content":{"rendered":"<p style=\"text-align: justify;\"><strong>Dans le cadre d\u2019un projet financ\u00e9 par la r\u00e9gion Auvergne Rh\u00f4ne-Alpes, nous avons eu deux ateliers de pratiques artistiques au lyc\u00e9e et nous sommes all\u00e9s \u00e0 l\u2019URDLA\u00a0 \u00e0 Villeurbanne le mardi 25 janvier 2022.<\/strong><!--more--><\/p>\n<h2 style=\"text-align: justify;\">Ateliers avec Laura Ben Haiba et visite \u00e0 l&rsquo;URDLA<\/h2>\n<p style=\"text-align: justify;\">Laura est une plasticienne c\u2019est-\u00e0-dire une artiste qui est en recherche dans l\u2019art et travaille sur de nombreux supports. Elle aime faire parler les objets, voir de quoi ils sont les t\u00e9moins un peu \u00e0 la mani\u00e8re d\u2019une arch\u00e9ologue.<\/p>\n<p><img fetchpriority=\"high\" decoding=\"async\" class=\"alignnone size-medium wp-image-3194\" src=\"http:\/\/gazette-lyceeandrecuzin.fr\/wp-content\/uploads\/2022\/03\/IMG_5758-225x300.jpg\" alt=\"\" width=\"225\" height=\"300\" srcset=\"https:\/\/gazette-lyceeandrecuzin.fr\/wp-content\/uploads\/2022\/03\/IMG_5758-225x300.jpg 225w, https:\/\/gazette-lyceeandrecuzin.fr\/wp-content\/uploads\/2022\/03\/IMG_5758.jpg 480w\" sizes=\"(max-width: 225px) 100vw, 225px\" \/><\/p>\n<p style=\"text-align: justify;\"><img decoding=\"async\" class=\"size-medium wp-image-3193 alignright\" src=\"http:\/\/gazette-lyceeandrecuzin.fr\/wp-content\/uploads\/2022\/03\/IMG_5754-225x300.jpg\" alt=\"\" width=\"225\" height=\"300\" srcset=\"https:\/\/gazette-lyceeandrecuzin.fr\/wp-content\/uploads\/2022\/03\/IMG_5754-225x300.jpg 225w, https:\/\/gazette-lyceeandrecuzin.fr\/wp-content\/uploads\/2022\/03\/IMG_5754.jpg 480w\" sizes=\"(max-width: 225px) 100vw, 225px\" \/>L\u2019URDLA est une galerie d\u2019art qui pr\u00e9sente des estampes, des gravures et est install\u00e9e dans un ancien atelier avec de grandes verri\u00e8res. C\u2019est tr\u00e8s beau. Une estampe est grav\u00e9e sur diff\u00e9rents supports\u00a0:\u00a0 pierre, bois\u00a0; linogravure, cuivre et plexiglass et on peut la reproduire en s\u00e9rie. C\u2019est un peu l\u2019anc\u00eatre de la photocopieuse. On grave avec des gouges ou une pointe s\u00e8che. Il y a d\u2019autres techniques plus compliqu\u00e9es et qui n\u00e9cessitent un r\u00e9el savoir-faire.<\/p>\n<p>&nbsp;<\/p>\n<h2 style=\"text-align: justify;\">Nos ateliers\u00a0:<\/h2>\n<p style=\"text-align: justify;\">Au lyc\u00e9e tout d\u2019abord nous avons choisi un outil de notre caisse, puis nous l\u2019avons dessin\u00e9 sous plusieurs faces.<\/p>\n<p><img decoding=\"async\" class=\"size-medium wp-image-3197 aligncenter\" src=\"http:\/\/gazette-lyceeandrecuzin.fr\/wp-content\/uploads\/2022\/03\/PHOTO-2022-02-1-300x225.jpg\" alt=\"\" width=\"300\" height=\"225\" srcset=\"https:\/\/gazette-lyceeandrecuzin.fr\/wp-content\/uploads\/2022\/03\/PHOTO-2022-02-1-300x225.jpg 300w, https:\/\/gazette-lyceeandrecuzin.fr\/wp-content\/uploads\/2022\/03\/PHOTO-2022-02-1-200x150.jpg 200w, https:\/\/gazette-lyceeandrecuzin.fr\/wp-content\/uploads\/2022\/03\/PHOTO-2022-02-1.jpg 640w\" sizes=\"(max-width: 300px) 100vw, 300px\" \/><\/p>\n<p style=\"text-align: justify;\">Nous voulons r\u00e9aliser une sculpture, une empreinte de l\u2019outil. Nous avons utilis\u00e9 de l\u2019argile pour faire un moule. Il faut \u00eatre pr\u00e9cis, calme et efficace et bien lisser le fond avec le plat de la main, puis on a fait des empreintes. Apr\u00e8s on a coul\u00e9 le pl\u00e2tre, puis on a laiss\u00e9 s\u00e9cher avant de d\u00e9mouler d\u00e9licatement. Nos sculptures sont expos\u00e9es \u00e0 l\u2019accueil du lyc\u00e9e dans la vitre au c\u00f4t\u00e9.<\/p>\n<h2 style=\"text-align: justify;\">A l\u2019URDLA<\/h2>\n<p style=\"text-align: justify;\"><img loading=\"lazy\" decoding=\"async\" class=\" wp-image-3192 alignleft\" src=\"http:\/\/gazette-lyceeandrecuzin.fr\/wp-content\/uploads\/2022\/03\/IMG_5752-225x300.jpg\" alt=\"\" width=\"237\" height=\"316\" srcset=\"https:\/\/gazette-lyceeandrecuzin.fr\/wp-content\/uploads\/2022\/03\/IMG_5752-225x300.jpg 225w, https:\/\/gazette-lyceeandrecuzin.fr\/wp-content\/uploads\/2022\/03\/IMG_5752.jpg 480w\" sizes=\"(max-width: 237px) 100vw, 237px\" \/>Avec les Terminales CAP Ma\u00e7on qui ont b\u00e9n\u00e9fici\u00e9 du m\u00eame projet, en deux groupes, nous avons visit\u00e9 l\u2019atelier avec les superbes machines d\u2019impression qui sont tr\u00e8s anciennes &#8211; 150 ans environ &#8211; ensuite on a visit\u00e9 la galerie avec l\u2019exposition de Val\u00e8re Novarina, <em>l\u2019inqui\u00e9tude rythmique<\/em>. On a d\u00e9couvert ses \u0153uvres qui nous ont surpris et d\u00e9stabilis\u00e9s.\u00a0 Pourtant elles nous ont racont\u00e9 des histoires qui se r\u00e9pondaient ou pas\u2026 On a remarqu\u00e9 que l\u2019accrochage des toiles n\u2019est pas r\u00e9gulier et qu\u2019il est r\u00e9fl\u00e9chi par l\u2019artiste en fonction du titre de l\u2019exposition pour cr\u00e9er un rythme comme une partition de musique.<\/p>\n<p>&nbsp;<\/p>\n<p><img loading=\"lazy\" decoding=\"async\" class=\"alignnone wp-image-3200\" src=\"http:\/\/gazette-lyceeandrecuzin.fr\/wp-content\/uploads\/2022\/03\/PHOTO-2022-02-10-23-45-03-300x225.jpg\" alt=\"\" width=\"243\" height=\"182\" srcset=\"https:\/\/gazette-lyceeandrecuzin.fr\/wp-content\/uploads\/2022\/03\/PHOTO-2022-02-10-23-45-03-300x225.jpg 300w, https:\/\/gazette-lyceeandrecuzin.fr\/wp-content\/uploads\/2022\/03\/PHOTO-2022-02-10-23-45-03-200x150.jpg 200w, https:\/\/gazette-lyceeandrecuzin.fr\/wp-content\/uploads\/2022\/03\/PHOTO-2022-02-10-23-45-03.jpg 640w\" sizes=\"(max-width: 243px) 100vw, 243px\" \/><img loading=\"lazy\" decoding=\"async\" class=\"alignnone wp-image-3199\" src=\"http:\/\/gazette-lyceeandrecuzin.fr\/wp-content\/uploads\/2022\/03\/PHOTO-2022-02-10-2-300x225.jpg\" alt=\"\" width=\"244\" height=\"183\" srcset=\"https:\/\/gazette-lyceeandrecuzin.fr\/wp-content\/uploads\/2022\/03\/PHOTO-2022-02-10-2-300x225.jpg 300w, https:\/\/gazette-lyceeandrecuzin.fr\/wp-content\/uploads\/2022\/03\/PHOTO-2022-02-10-2-200x150.jpg 200w, https:\/\/gazette-lyceeandrecuzin.fr\/wp-content\/uploads\/2022\/03\/PHOTO-2022-02-10-2.jpg 640w\" sizes=\"(max-width: 244px) 100vw, 244px\" \/><\/p>\n<p>&nbsp;<\/p>\n<p style=\"text-align: justify;\">Puis on a dessin\u00e9 nos \u00e9motions en buvant un caf\u00e9 avant d\u2019aller graver \u00e0 la pointe s\u00e8che nos dessins pr\u00e9paratoires des outils que nous avions choisis\u00a0: taloche\/truelle\/scie\/burin\u2026Nous avons reproduit leur forme et certains d\u00e9tails. Nous avons aussi dessin\u00e9 notre main portant l\u2019outil pour mettre en \u00e9vidence le geste professionnel et montrer que notre outil fait partie de nous. On a ensuite encr\u00e9 (et non ancr\u00e9\u00a0!) avant d\u2019imprimer. Nous avons beaucoup aim\u00e9 l\u2019atelier et aimerions recommencer.<\/p>\n<p style=\"text-align: justify;\">Les \u00e9l\u00e8ves de CAP 1 MAC et Mme Mansour<\/p>\n<p><img loading=\"lazy\" decoding=\"async\" class=\"wp-image-3198 aligncenter\" src=\"http:\/\/gazette-lyceeandrecuzin.fr\/wp-content\/uploads\/2022\/03\/PHOTO-2022-02-10--300x225.jpg\" alt=\"\" width=\"324\" height=\"243\" srcset=\"https:\/\/gazette-lyceeandrecuzin.fr\/wp-content\/uploads\/2022\/03\/PHOTO-2022-02-10--300x225.jpg 300w, https:\/\/gazette-lyceeandrecuzin.fr\/wp-content\/uploads\/2022\/03\/PHOTO-2022-02-10--200x150.jpg 200w, https:\/\/gazette-lyceeandrecuzin.fr\/wp-content\/uploads\/2022\/03\/PHOTO-2022-02-10-.jpg 640w\" sizes=\"(max-width: 324px) 100vw, 324px\" \/><\/p>\n<p>&nbsp;<\/p>\n<h2 style=\"text-align: justify;\">Ecriture po\u00e9tique\u00a0:\u00a0 Et si votre outil\u00a0 parlait, que vous dirait-il ?<\/h2>\n<p style=\"text-align: justify;\"><u>Histoires d\u2019objet<\/u><\/p>\n<blockquote>\n<p style=\"text-align: justify;\"><strong><span style=\"color: #0000ff;\"><em>Le burin<\/em> (Pascal)<\/span><\/strong><\/p>\n<p style=\"text-align: justify;\"><strong><span style=\"color: #0000ff;\">Toi burin qui me prot\u00e8ges chaque fois que j\u2019ai besoin de toi, \u00a0tu es toujours l\u00e0, solide et volontaire.<\/span><\/strong><\/p>\n<p style=\"text-align: justify;\"><strong><span style=\"color: #0000ff;\">Sans toi, le burin je ne peux pas faire mon travail de ma\u00e7on qui est si important pour moi. Toi, tu es la cl\u00e9 de mon c\u0153ur.<\/span><\/strong><\/p>\n<p style=\"text-align: justify;\"><strong><span style=\"color: #0000ff;\">Tu es l\u2019avenir de aussi de ce jeune ma\u00e7on qui a \u00e9t\u00e9 attaqu\u00e9 pour le voler<\/span><\/strong><\/p>\n<p style=\"text-align: justify;\"><strong><span style=\"color: #0000ff;\">Sauv\u00e9 par toi cher burin, mena\u00e7ant et protecteur.<\/span><\/strong><\/p>\n<p style=\"text-align: justify;\"><strong><span style=\"color: #0000ff;\">Notre histoire, toi et moi, burin, ne fait que commencer.<\/span><\/strong><\/p>\n<\/blockquote>\n<blockquote><p>&nbsp;<\/p>\n<p style=\"text-align: justify;\"><strong><span style=\"color: #008000;\"><em>LA TRUELLE<\/em> (Luca)<\/span><\/strong><\/p>\n<p style=\"text-align: justify;\"><strong><span style=\"color: #008000;\">Dis-moi, ma truelle, c\u2019est gr\u00e2ce \u00e0 toi que j\u2019ai d\u00e9couvert mon m\u00e9tier et maintenant je ne peux plus me passer de toi. <\/span><\/strong><\/p>\n<p style=\"text-align: justify;\"><strong><span style=\"color: #008000;\">Dis-moi, quand tous les jours, je t\u2019utilise pour m\u00e9langer du mortier, pour regarder si mon mur est droit.<\/span><\/strong><\/p>\n<p style=\"text-align: justify;\"><strong><span style=\"color: #008000;\">Je prends soin de toi, ma truelle\u00a0: je veille \u00e0 ce que personne ne te marche dessus et ne te brise. <\/span><\/strong><\/p>\n<p style=\"text-align: justify;\"><strong><span style=\"color: #008000;\">Je ne peux devenir ma\u00e7on sans toi.<\/span><\/strong><\/p>\n<p>&nbsp;<\/p><\/blockquote>\n<blockquote>\n<p style=\"text-align: justify;\"><strong><span style=\"color: #800080;\"><em>LA TRUELLE<\/em> (Ousseini )<\/span><\/strong><\/p>\n<p style=\"text-align: justify;\"><strong><span style=\"color: #800080;\">De tous les outils, je suis la plus importante. J\u2019ai beaucoup \u00e0 faire. Je peux ramasser le ciment, le sable et les d\u00e9chets, en fait tout ce qui traine sur le chantier. Je suis plus pr\u00e9cise qu\u2019une brosse ou un balai. \u00a0Mais je peux rencontrer des difficult\u00e9s, \u00eatre asperg\u00e9e de mortier, un peu partout et alors je dois me battre pour enlever tout \u00e7a. Je suis limit\u00e9e au niveau de ma dur\u00e9e de vie, je perds ma souplesse, je vieillis et me brise. Alors je ne suis plus utile et me retrouve abandonn\u00e9e \u00e0 la poubelle.<\/span> <\/strong><\/p>\n<p>&nbsp;<\/p>\n<p><strong><span style=\"color: #008080;\"><em>La pince<\/em> (Hamadi)<\/span><\/strong><\/p>\n<p style=\"text-align: justify;\"><strong><span style=\"color: #008080;\">Petite pince,<\/span><\/strong><\/p>\n<p style=\"text-align: justify;\"><strong><span style=\"color: #008080;\">Dis-moi s\u2019il te plait<\/span><\/strong><\/p>\n<p style=\"text-align: justify;\"><strong><span style=\"color: #008080;\">A quoi tu sers\u00a0?<\/span><\/strong><\/p>\n<p style=\"text-align: justify;\"><strong><span style=\"color: #008080;\">C\u2019est la premi\u00e8re fois <\/span><\/strong><\/p>\n<p style=\"text-align: justify;\"><strong><span style=\"color: #008080;\">Que je te vois <\/span><\/strong><\/p>\n<p style=\"text-align: justify;\"><strong><span style=\"color: #008080;\">Et je te trouve un peu<\/span><\/strong><\/p>\n<p style=\"text-align: justify;\"><strong><span style=\"color: #008080;\">Inqui\u00e9tante.<\/span><\/strong><\/p>\n<p style=\"text-align: justify;\"><strong><span style=\"color: #008080;\">\u00ab\u00a0Je suis un dispositif<\/span><\/strong><\/p>\n<p style=\"text-align: justify;\"><strong><span style=\"color: #008080;\">Utilis\u00e9 en m\u00e9canique<\/span><\/strong><\/p>\n<p style=\"text-align: justify;\"><strong><span style=\"color: #008080;\">Ou en biologie<\/span><\/strong><\/p>\n<p style=\"text-align: justify;\"><strong><span style=\"color: #008080;\">On m\u2019utilise pour pincer,<\/span><\/strong><\/p>\n<p style=\"text-align: justify;\"><strong><span style=\"color: #008080;\">Maintenir ou couper,<\/span><\/strong><\/p>\n<p style=\"text-align: justify;\"><strong><span style=\"color: #008080;\">Saisir ou d\u00e9former.<\/span><\/strong><\/p>\n<p style=\"text-align: justify;\"><strong><span style=\"color: #008080;\">J\u2019ai plusieurs fonctions.\u00a0\u00bb<\/span><\/strong><\/p>\n<p style=\"text-align: justify;\"><strong><span style=\"color: #008080;\">Petite Pince, <\/span><\/strong><\/p>\n<p style=\"text-align: justify;\"><strong><span style=\"color: #008080;\">Je suis fier de ton travail et de ton habilet\u00e9<\/span><\/strong><\/p>\n<p style=\"text-align: justify;\"><strong><span style=\"color: #008080;\">\u00a0Entre mes doigts.<\/span><\/strong><\/p>\n<\/blockquote>\n<blockquote><p>&nbsp;<\/p>\n<p style=\"text-align: justify;\"><strong><span style=\"color: #ff0000;\"><em>Mon marteau<\/em> (S\u00e9kou)<\/span><\/strong><\/p>\n<p style=\"text-align: justify;\"><strong><span style=\"color: #ff0000;\">Bonjour mon petit marteau, mon outil pr\u00e9f\u00e9r\u00e9\u00a0!<\/span><\/strong><\/p>\n<p style=\"text-align: justify;\"><strong><span style=\"color: #ff0000;\">Je ne peux pas travailler dans l\u2019atelier<\/span><\/strong><\/p>\n<p style=\"text-align: justify;\"><strong><span style=\"color: #ff0000;\">Sans plusieurs fois te toucher.<\/span><\/strong><\/p>\n<p style=\"text-align: justify;\"><strong><span style=\"color: #ff0000;\">Toujours tu accomplis ta mission d\u00e8s que j\u2019ai besoin de toi.<\/span><\/strong><\/p>\n<p style=\"text-align: justify;\"><strong><span style=\"color: #ff0000;\">Chaque jour je t\u2019utilise un peu plus pour d\u00e9monter, aplanir, enfoncer et redresser.<\/span><\/strong><\/p>\n<\/blockquote>\n<p>&nbsp;<\/p>\n<blockquote>\n<p style=\"text-align: justify;\"><strong><span style=\"color: #333399;\"><em>La scie<\/em> (Mikail) <\/span><\/strong><\/p>\n<p style=\"text-align: justify;\"><strong><span style=\"color: #333399;\">Scie, dis-moi tout\u00a0!<\/span><\/strong><\/p>\n<p style=\"text-align: justify;\"><strong><span style=\"color: #333399;\">Avec tes tranchantes dents de requin<\/span><\/strong><\/p>\n<p style=\"text-align: justify;\"><strong><span style=\"color: #333399;\">Toi la scie qui coupes si bien<\/span><\/strong><\/p>\n<p style=\"text-align: justify;\"><strong><span style=\"color: #333399;\">Quand j\u2019ai besoin de toi<\/span><\/strong><\/p>\n<p style=\"text-align: justify;\"><strong><span style=\"color: #333399;\">Pour mon bois, tu n\u2019es jamais loin de moi<\/span><\/strong><\/p>\n<p style=\"text-align: justify;\"><strong><span style=\"color: #333399;\">Mais attention il ne faut pas couper mes doigts<\/span><\/strong><\/p>\n<p style=\"text-align: justify;\"><strong><span style=\"color: #333399;\">Sinon gare \u00e0 toi\u00a0!<\/span><\/strong><\/p>\n<p style=\"text-align: justify;\"><strong><span style=\"color: #333399;\">Je t\u2019enterrerai tr\u00e8s loin<\/span><\/strong><\/p>\n<p style=\"text-align: justify;\"><strong><span style=\"color: #333399;\">Cach\u00e9e sous le mortier<\/span><\/strong><\/p>\n<p style=\"text-align: justify;\"><strong><span style=\"color: #333399;\">Et \u00e0 pas d\u00e9cid\u00e9s<\/span><\/strong><\/p>\n<p style=\"text-align: justify;\"><strong><span style=\"color: #333399;\">Je quitterai le chantier<\/span><\/strong><\/p>\n<p style=\"text-align: justify;\"><strong><span style=\"color: #333399;\">Sans regretter et sans me retourner<em>\u00a0!<\/em><\/span><\/strong><\/p>\n<\/blockquote>\n<blockquote><p>&nbsp;<\/p>\n<p style=\"text-align: justify;\"><strong><span style=\"color: #ff6600;\"><em>LA PETITE TALOCHE TRIANGULAIRE<\/em> (Husnija)<\/span><\/strong><\/p>\n<p style=\"text-align: justify;\"><strong><span style=\"color: #ff6600;\">Oh, la petite taloche<\/span><\/strong><\/p>\n<p style=\"text-align: justify;\"><strong><span style=\"color: #ff6600;\">Je sais qu\u2019on t\u2019utilise surtout<\/span><\/strong><\/p>\n<p style=\"text-align: justify;\"><strong><span style=\"color: #ff6600;\">Pour les joints,<\/span><\/strong><\/p>\n<p style=\"text-align: justify;\"><strong><span style=\"color: #ff6600;\">Mais dis-moi d\u2019o\u00f9 tu viens\u00a0?<\/span><\/strong><\/p>\n<p style=\"text-align: justify;\"><strong><span style=\"color: #ff6600;\">\u00ab\u00a0Je viens de l\u2019ancien fran\u00e7ais\u00a0!<\/span><\/strong><\/p>\n<p style=\"text-align: justify;\"><strong><span style=\"color: #ff6600;\">Mon nom \u00ab\u00a0taloche\u00a0\u00bb signifiait \u00ab\u00a0petit bouclier\u00a0\u00bb<\/span><\/strong><\/p>\n<p style=\"text-align: justify;\"><strong><span style=\"color: #ff6600;\">Je suis faite en plastique, en bois et en m\u00e9tal.<\/span><\/strong><\/p>\n<p style=\"text-align: justify;\"><strong><span style=\"color: #ff6600;\">Tu mets le mortier sur moi<\/span><\/strong><\/p>\n<p style=\"text-align: justify;\"><strong><span style=\"color: #ff6600;\">Et ta main me fait bouger<\/span><\/strong><\/p>\n<p style=\"text-align: justify;\"><strong><span style=\"color: #ff6600;\">Comme le peintre.<\/span><\/strong><\/p>\n<p style=\"text-align: justify;\"><strong><span style=\"color: #ff6600;\">Tu me tiens d\u2019une main bien ferm\u00e9e<\/span><\/strong><\/p>\n<p style=\"text-align: justify;\"><strong><span style=\"color: #ff6600;\">Et dans l\u2019autre main<\/span><\/strong><\/p>\n<p style=\"text-align: justify;\"><strong><span style=\"color: #ff6600;\">Tu as la truelle mon amie.\u00a0<\/span><\/strong><\/p>\n<p style=\"text-align: justify;\"><strong><span style=\"color: #ff6600;\">Nous avons fait de toi un ma\u00e7on\u00a0! \u00ab\u00a0<\/span><\/strong><\/p>\n<\/blockquote>\n<p>&nbsp;<\/p>\n<p>Contribution des \u00e9l\u00e8ves en 2MAC et Mme Molin<\/p>\n<p class=\"Corps\" style=\"text-align: justify;\"><span class=\"\">Nous avons rencontr\u00e9 une artiste qui est venue animer deux ateliers de deux heures au lyc\u00e9e.<\/span><\/p>\n<p class=\"Corps\" style=\"text-align: justify;\"><span class=\"\">Pendant le 1<sup class=\"\">er<\/sup> atelier nous avons dessin\u00e9 un outil de ma\u00e7onnerie.<\/span><\/p>\n<p class=\"Corps\" style=\"text-align: justify;\"><span class=\"\">Elle nous a donn\u00e9 de la terre pour faire une forme. On fait la trace de l\u2019outil dans la terre. On a vers\u00e9 le pl\u00e2tre sur l\u2019empreinte. On a laiss\u00e9 quelques jours pour que \u00e7a s\u00e8che, et ensuite on a d\u00e9moul\u00e9. Et voil\u00e0 les \u0153uvres.<\/span><\/p>\n<p class=\"Corps\" style=\"text-align: justify;\"><span class=\"\">Puis nous sommes all\u00e9s \u00e0 URDLA \u00e0 Villeurbanne pour faire des gravures.<\/span><span class=\"\" style=\"font-size: small;\">\u00a0<\/span><\/p>\n<p><img loading=\"lazy\" decoding=\"async\" class=\"wp-image-3196 aligncenter\" src=\"http:\/\/gazette-lyceeandrecuzin.fr\/wp-content\/uploads\/2022\/03\/IMG_5764-1-225x300.jpg\" alt=\"\" width=\"170\" height=\"227\" srcset=\"https:\/\/gazette-lyceeandrecuzin.fr\/wp-content\/uploads\/2022\/03\/IMG_5764-1-225x300.jpg 225w, https:\/\/gazette-lyceeandrecuzin.fr\/wp-content\/uploads\/2022\/03\/IMG_5764-1.jpg 480w\" sizes=\"(max-width: 170px) 100vw, 170px\" \/><\/p>\n<p>&nbsp;<\/p>\n<p>Vernissage au lyc\u00e9e<\/p>\n<p><img loading=\"lazy\" decoding=\"async\" class=\"alignnone wp-image-3205\" src=\"http:\/\/gazette-lyceeandrecuzin.fr\/wp-content\/uploads\/2022\/03\/PHOTO-2022-02-10-23-45-11-1-300x225.jpg\" alt=\"\" width=\"252\" height=\"189\" srcset=\"https:\/\/gazette-lyceeandrecuzin.fr\/wp-content\/uploads\/2022\/03\/PHOTO-2022-02-10-23-45-11-1-300x225.jpg 300w, https:\/\/gazette-lyceeandrecuzin.fr\/wp-content\/uploads\/2022\/03\/PHOTO-2022-02-10-23-45-11-1-200x150.jpg 200w, https:\/\/gazette-lyceeandrecuzin.fr\/wp-content\/uploads\/2022\/03\/PHOTO-2022-02-10-23-45-11-1.jpg 640w\" sizes=\"(max-width: 252px) 100vw, 252px\" \/><img loading=\"lazy\" decoding=\"async\" class=\"wp-image-3204 alignnone\" src=\"http:\/\/gazette-lyceeandrecuzin.fr\/wp-content\/uploads\/2022\/03\/PHOTO-2022-02-10-23-45-07-300x225.jpg\" alt=\"\" width=\"255\" height=\"192\" srcset=\"https:\/\/gazette-lyceeandrecuzin.fr\/wp-content\/uploads\/2022\/03\/PHOTO-2022-02-10-23-45-07-300x225.jpg 300w, https:\/\/gazette-lyceeandrecuzin.fr\/wp-content\/uploads\/2022\/03\/PHOTO-2022-02-10-23-45-07-200x150.jpg 200w, https:\/\/gazette-lyceeandrecuzin.fr\/wp-content\/uploads\/2022\/03\/PHOTO-2022-02-10-23-45-07.jpg 640w\" sizes=\"(max-width: 255px) 100vw, 255px\" \/><\/p>\n<p>&nbsp;<\/p>\n<p>&nbsp;<\/p>\n<p>Photos de E. Molin et J. Auroy<\/p>\n<p><img loading=\"lazy\" decoding=\"async\" class=\"wp-image-3187 alignright\" src=\"http:\/\/gazette-lyceeandrecuzin.fr\/wp-content\/uploads\/2022\/03\/logo-partenaire-region-auvergne-rhone-alpes-rvb-300x150.png\" alt=\"\" width=\"198\" height=\"99\" srcset=\"https:\/\/gazette-lyceeandrecuzin.fr\/wp-content\/uploads\/2022\/03\/logo-partenaire-region-auvergne-rhone-alpes-rvb-300x150.png 300w, https:\/\/gazette-lyceeandrecuzin.fr\/wp-content\/uploads\/2022\/03\/logo-partenaire-region-auvergne-rhone-alpes-rvb.png 600w\" sizes=\"(max-width: 198px) 100vw, 198px\" \/><\/p>\n","protected":false},"excerpt":{"rendered":"<p>Dans le cadre d\u2019un projet financ\u00e9 par la r\u00e9gion Auvergne Rh\u00f4ne-Alpes, nous avons eu deux ateliers de pratiques artistiques au lyc\u00e9e et nous sommes all\u00e9s \u00e0 l\u2019URDLA\u00a0 \u00e0 Villeurbanne le<\/p>\n","protected":false},"author":2,"featured_media":3206,"comment_status":"closed","ping_status":"closed","sticky":false,"template":"","format":"standard","meta":{"jetpack_post_was_ever_published":false,"_jetpack_newsletter_access":"","_jetpack_dont_email_post_to_subs":false,"_jetpack_newsletter_tier_id":0,"_jetpack_memberships_contains_paywalled_content":false,"_jetpack_memberships_contains_paid_content":false,"footnotes":""},"categories":[40,3,43],"tags":[],"class_list":["post-3183","post","type-post","status-publish","format-standard","has-post-thumbnail","hentry","category-beaux-arts-arts-plastiques","category-culture","category-musees-expo-histoire-patrimoine"],"jetpack_sharing_enabled":false,"jetpack_featured_media_url":"https:\/\/gazette-lyceeandrecuzin.fr\/wp-content\/uploads\/2022\/03\/Vernissage-expo.png","jetpack_shortlink":"https:\/\/wp.me\/paGPHf-Pl","jetpack_likes_enabled":true,"_links":{"self":[{"href":"https:\/\/gazette-lyceeandrecuzin.fr\/index.php?rest_route=\/wp\/v2\/posts\/3183","targetHints":{"allow":["GET"]}}],"collection":[{"href":"https:\/\/gazette-lyceeandrecuzin.fr\/index.php?rest_route=\/wp\/v2\/posts"}],"about":[{"href":"https:\/\/gazette-lyceeandrecuzin.fr\/index.php?rest_route=\/wp\/v2\/types\/post"}],"author":[{"embeddable":true,"href":"https:\/\/gazette-lyceeandrecuzin.fr\/index.php?rest_route=\/wp\/v2\/users\/2"}],"replies":[{"embeddable":true,"href":"https:\/\/gazette-lyceeandrecuzin.fr\/index.php?rest_route=%2Fwp%2Fv2%2Fcomments&post=3183"}],"version-history":[{"count":10,"href":"https:\/\/gazette-lyceeandrecuzin.fr\/index.php?rest_route=\/wp\/v2\/posts\/3183\/revisions"}],"predecessor-version":[{"id":3210,"href":"https:\/\/gazette-lyceeandrecuzin.fr\/index.php?rest_route=\/wp\/v2\/posts\/3183\/revisions\/3210"}],"wp:featuredmedia":[{"embeddable":true,"href":"https:\/\/gazette-lyceeandrecuzin.fr\/index.php?rest_route=\/wp\/v2\/media\/3206"}],"wp:attachment":[{"href":"https:\/\/gazette-lyceeandrecuzin.fr\/index.php?rest_route=%2Fwp%2Fv2%2Fmedia&parent=3183"}],"wp:term":[{"taxonomy":"category","embeddable":true,"href":"https:\/\/gazette-lyceeandrecuzin.fr\/index.php?rest_route=%2Fwp%2Fv2%2Fcategories&post=3183"},{"taxonomy":"post_tag","embeddable":true,"href":"https:\/\/gazette-lyceeandrecuzin.fr\/index.php?rest_route=%2Fwp%2Fv2%2Ftags&post=3183"}],"curies":[{"name":"wp","href":"https:\/\/api.w.org\/{rel}","templated":true}]}}