{"id":3073,"date":"2021-05-28T09:32:34","date_gmt":"2021-05-28T07:32:34","guid":{"rendered":"http:\/\/gazette-lyceeandrecuzin.fr\/?p=3073"},"modified":"2021-05-28T09:32:34","modified_gmt":"2021-05-28T07:32:34","slug":"exposition-nos-puzzles-amoureux-par-les-classes-de-1-ortc-et-1-afti","status":"publish","type":"post","link":"https:\/\/gazette-lyceeandrecuzin.fr\/?p=3073","title":{"rendered":"Exposition \u00ab  Nos puzzles amoureux \u00bb par les classes de 1 ORTC et 1 AFTI"},"content":{"rendered":"<p style=\"text-align: left;\"><strong>\u00ab\u00a0 Que la beaut\u00e9 soit dans ton regard et non dans la chose regard\u00e9e\u00a0\u00bb Andr\u00e9 Gide<\/strong><\/p>\n<p style=\"text-align: justify;\"><strong>En cette p\u00e9riode de pand\u00e9mie o\u00f9 nos habitudes scolaires ont \u00e9t\u00e9 quelque peu \u00ab secou\u00e9es\u00a0\u00bb et nos nerfs \u00e0 tous mis \u00e0 rude \u00e9preuve, nous avons eu l\u2019id\u00e9e, Madame Gorur, professeur d\u2019Arts appliqu\u00e9s et moi-m\u00eame (Madame Donati), professeur de Lettres-Histoire, de proposer \u00e0 nos \u00e9l\u00e8ves de 1 ORTC et 1 AFTI d\u2019adopter cette devise et d\u2019aborder le th\u00e8me au programme de premi\u00e8re \u00ab Cr\u00e9er, Fabriquer\u00a0: L\u2019invention et l\u2019imaginaire\u00a0\u00bb, sous cet angle.<\/strong><\/p>\n<p><!--more--><\/p>\n<p style=\"text-align: justify;\">C\u2019est ainsi qu\u2019apr\u00e8s l\u2019\u00e9tude d\u2019un corpus de 5 textes po\u00e9tiques (<em>Les enfants qui s\u2019aiment<\/em> de Jacques Pr\u00e9vert, <em>L\u2019Amoureuse<\/em> de Paul Eluard, <em>Le bouquet de tes r\u00eaves<\/em> de Max-Pol Fouchet, <em>Avec au bord des l\u00e8vres<\/em> de Jean Malrieu, <em>Il y a certainement quelqu\u2019un<\/em> d\u2019Anne Hebert), nos \u00e9l\u00e8ves ont \u00e9t\u00e9 invit\u00e9s \u00e0 cr\u00e9er des puzzles po\u00e9tiques en se r\u00e9appropriant les textes des auteurs pour mieux construire leurs propres oeuvres.<\/p>\n<p>&nbsp;<\/p>\n<figure id=\"attachment_3086\" aria-describedby=\"caption-attachment-3086\" style=\"width: 259px\" class=\"wp-caption alignleft\"><img fetchpriority=\"high\" decoding=\"async\" class=\"wp-image-3086\" src=\"http:\/\/gazette-lyceeandrecuzin.fr\/wp-content\/uploads\/2021\/05\/DSCN1860-e1621934340985-184x300.jpg\" alt=\"\" width=\"259\" height=\"422\" srcset=\"https:\/\/gazette-lyceeandrecuzin.fr\/wp-content\/uploads\/2021\/05\/DSCN1860-e1621934340985-184x300.jpg 184w, https:\/\/gazette-lyceeandrecuzin.fr\/wp-content\/uploads\/2021\/05\/DSCN1860-e1621934340985-768x1249.jpg 768w, https:\/\/gazette-lyceeandrecuzin.fr\/wp-content\/uploads\/2021\/05\/DSCN1860-e1621934340985-630x1024.jpg 630w, https:\/\/gazette-lyceeandrecuzin.fr\/wp-content\/uploads\/2021\/05\/DSCN1860-e1621934340985.jpg 1438w\" sizes=\"(max-width: 259px) 100vw, 259px\" \/><figcaption id=\"caption-attachment-3086\" class=\"wp-caption-text\"><em>de Maxence, Fabrice et Nassim, 1ORTC<\/em><\/figcaption><\/figure>\n<blockquote><p>&nbsp;<\/p>\n<p>&nbsp;<\/p>\n<p style=\"text-align: justify;\">\u00ab Nous sommes partis des textes, il fallait s\u00e9lectionner deux vers ou plus qui nous plaisaient dans chaque texte, les remettre dans l\u2019ordre qu\u2019on voulait, puis modifier tout \u00e7a pour en faire notre propre po\u00e8me\u00a0\u00bb commente Fabrice, \u00e9l\u00e8ve de 1 ORTC .<\/p>\n<\/blockquote>\n<p>&nbsp;<\/p>\n<p>&nbsp;<\/p>\n<p>&nbsp;<\/p>\n<p>&nbsp;<\/p>\n<p>&nbsp;<\/p>\n<p>&nbsp;<\/p>\n<figure id=\"attachment_3082\" aria-describedby=\"caption-attachment-3082\" style=\"width: 271px\" class=\"wp-caption alignright\"><img decoding=\"async\" class=\"wp-image-3082\" src=\"http:\/\/gazette-lyceeandrecuzin.fr\/wp-content\/uploads\/2021\/05\/DSCN1864-e1621933968413.jpg\" alt=\"\" width=\"271\" height=\"395\" srcset=\"https:\/\/gazette-lyceeandrecuzin.fr\/wp-content\/uploads\/2021\/05\/DSCN1864-e1621933968413.jpg 1587w, https:\/\/gazette-lyceeandrecuzin.fr\/wp-content\/uploads\/2021\/05\/DSCN1864-e1621933968413-206x300.jpg 206w, https:\/\/gazette-lyceeandrecuzin.fr\/wp-content\/uploads\/2021\/05\/DSCN1864-e1621933968413-768x1119.jpg 768w, https:\/\/gazette-lyceeandrecuzin.fr\/wp-content\/uploads\/2021\/05\/DSCN1864-e1621933968413-703x1024.jpg 703w\" sizes=\"(max-width: 271px) 100vw, 271px\" \/><figcaption id=\"caption-attachment-3082\" class=\"wp-caption-text\"><em>de Abdelrahmane, Rom\u00e9o, et Christian, 1ORTC<\/em><\/figcaption><\/figure>\n<p>&nbsp;<\/p>\n<p>&nbsp;<\/p>\n<p>&nbsp;<\/p>\n<blockquote>\n<p style=\"text-align: justify;\">\u00ab\u00a0 Ce qui m\u2019a le plus plu , c\u2019est le fait d\u2019avoir une base pour pouvoir ensuite trouver mes propres mots\u00a0;\u00a0 \u00e7a m\u2019a paru plus facile et les mots me sont venus tout seul alors que d\u2019habitude j\u2019ai un peu de mal avec la po\u00e9sie\u00a0\u00bb poursuit Christian, 1 ORTC.<\/p>\n<\/blockquote>\n<p>&nbsp;<\/p>\n<p>&nbsp;<\/p>\n<p>&nbsp;<\/p>\n<p>&nbsp;<\/p>\n<p>&nbsp;<\/p>\n<figure id=\"attachment_3087\" aria-describedby=\"caption-attachment-3087\" style=\"width: 269px\" class=\"wp-caption alignleft\"><img decoding=\"async\" class=\" wp-image-3087\" src=\"http:\/\/gazette-lyceeandrecuzin.fr\/wp-content\/uploads\/2021\/05\/DSCN1859-e1621934276865-191x300.jpg\" alt=\"\" width=\"269\" height=\"423\" srcset=\"https:\/\/gazette-lyceeandrecuzin.fr\/wp-content\/uploads\/2021\/05\/DSCN1859-e1621934276865-191x300.jpg 191w, https:\/\/gazette-lyceeandrecuzin.fr\/wp-content\/uploads\/2021\/05\/DSCN1859-e1621934276865-768x1209.jpg 768w, https:\/\/gazette-lyceeandrecuzin.fr\/wp-content\/uploads\/2021\/05\/DSCN1859-e1621934276865-651x1024.jpg 651w, https:\/\/gazette-lyceeandrecuzin.fr\/wp-content\/uploads\/2021\/05\/DSCN1859-e1621934276865.jpg 1581w\" sizes=\"(max-width: 269px) 100vw, 269px\" \/><figcaption id=\"caption-attachment-3087\" class=\"wp-caption-text\"><em>de Far\u00e8s, 1 AFTI<\/em><\/figcaption><\/figure>\n<p>&nbsp;<\/p>\n<p>&nbsp;<\/p>\n<p>&nbsp;<\/p>\n<p style=\"text-align: justify;\">La po\u00e9sie, un \u00ab\u00a0 truc de vieux\u00a0\u00bb\u00a0? Et bien non\u00a0!<\/p>\n<blockquote>\n<p style=\"text-align: justify;\">\u00ab Le son qui passe dans mes \u00e9couteurs, dit Far\u00e8s de 1 AFTI, \u00a0c\u2019est bien de la po\u00e9sie en musique. Y\u2019a le c\u00f4t\u00e9 musical mais aussi le texte qui compte\u00a0; ce qu\u2019on nous dit, \u00e7a nous touche ou pas selon qu\u2019on aime l\u2019artiste\u00a0\u00bb.<\/p>\n<\/blockquote>\n<p>&nbsp;<\/p>\n<p>&nbsp;<\/p>\n<p>&nbsp;<\/p>\n<p>&nbsp;<\/p>\n<p>&nbsp;<\/p>\n<p>&nbsp;<\/p>\n<figure id=\"attachment_3085\" aria-describedby=\"caption-attachment-3085\" style=\"width: 277px\" class=\"wp-caption alignleft\"><img loading=\"lazy\" decoding=\"async\" class=\"wp-image-3085\" src=\"http:\/\/gazette-lyceeandrecuzin.fr\/wp-content\/uploads\/2021\/05\/DSCN1861-e1621934140392-192x300.jpg\" alt=\"\" width=\"277\" height=\"432\" srcset=\"https:\/\/gazette-lyceeandrecuzin.fr\/wp-content\/uploads\/2021\/05\/DSCN1861-e1621934140392-192x300.jpg 192w, https:\/\/gazette-lyceeandrecuzin.fr\/wp-content\/uploads\/2021\/05\/DSCN1861-e1621934140392-768x1200.jpg 768w, https:\/\/gazette-lyceeandrecuzin.fr\/wp-content\/uploads\/2021\/05\/DSCN1861-e1621934140392-655x1024.jpg 655w, https:\/\/gazette-lyceeandrecuzin.fr\/wp-content\/uploads\/2021\/05\/DSCN1861-e1621934140392.jpg 1613w\" sizes=\"(max-width: 277px) 100vw, 277px\" \/><figcaption id=\"caption-attachment-3085\" class=\"wp-caption-text\"><em>de Far\u00e8s, Mouhamadi et Kilian, 1 ORTC<\/em><\/figcaption><\/figure>\n<figure id=\"attachment_3084\" aria-describedby=\"caption-attachment-3084\" style=\"width: 274px\" class=\"wp-caption alignright\"><img loading=\"lazy\" decoding=\"async\" class=\" wp-image-3084\" src=\"http:\/\/gazette-lyceeandrecuzin.fr\/wp-content\/uploads\/2021\/05\/DSCN1862-e1621934214833-192x300.jpg\" alt=\"\" width=\"274\" height=\"428\" srcset=\"https:\/\/gazette-lyceeandrecuzin.fr\/wp-content\/uploads\/2021\/05\/DSCN1862-e1621934214833-192x300.jpg 192w, https:\/\/gazette-lyceeandrecuzin.fr\/wp-content\/uploads\/2021\/05\/DSCN1862-e1621934214833-768x1197.jpg 768w, https:\/\/gazette-lyceeandrecuzin.fr\/wp-content\/uploads\/2021\/05\/DSCN1862-e1621934214833-657x1024.jpg 657w, https:\/\/gazette-lyceeandrecuzin.fr\/wp-content\/uploads\/2021\/05\/DSCN1862-e1621934214833.jpg 1509w\" sizes=\"(max-width: 274px) 100vw, 274px\" \/><figcaption id=\"caption-attachment-3084\" class=\"wp-caption-text\">de Ousman et Alexis, 1 AFTI<\/figcaption><\/figure>\n<p>&nbsp;<\/p>\n<p>&nbsp;<\/p>\n<p>&nbsp;<\/p>\n<p>&nbsp;<\/p>\n<p>&nbsp;<\/p>\n<p>&nbsp;<\/p>\n<p>&nbsp;<\/p>\n<p>&nbsp;<\/p>\n<p>&nbsp;<\/p>\n<p>&nbsp;<\/p>\n<p>&nbsp;<\/p>\n<p>&nbsp;<\/p>\n<p>&nbsp;<\/p>\n<p>&nbsp;<\/p>\n<p>Qu\u2019on se rassure donc, la po\u00e9sie est toujours bien pr\u00e9sente dans notre soci\u00e9t\u00e9 et elle en a plus que jamais \u00a0besoin, comme elle a besoin de beaut\u00e9 plastique\u00a0!<\/p>\n<p style=\"text-align: justify;\">C\u2019est pourquoi \u00e0 partir de ce travail sur les mots, ces vers pr\u00e9lev\u00e9s dans les textes originaux, redistribu\u00e9s, remani\u00e9s, r\u00e9invent\u00e9s, pour devenir un texte nouveau, propre \u00e0 chaque participant, nous avons d\u00e9cid\u00e9 de proposer avec la professeur d\u2019Arts appliqu\u00e9s d\u2019aller plus loin.<\/p>\n<p>&nbsp;<\/p>\n<p><img loading=\"lazy\" decoding=\"async\" class=\"wp-image-3077 alignleft\" src=\"http:\/\/gazette-lyceeandrecuzin.fr\/wp-content\/uploads\/2021\/05\/DSCN1874-e1621928903431.jpg\" alt=\"Recueil\" width=\"265\" height=\"367\" srcset=\"https:\/\/gazette-lyceeandrecuzin.fr\/wp-content\/uploads\/2021\/05\/DSCN1874-e1621928903431.jpg 1500w, https:\/\/gazette-lyceeandrecuzin.fr\/wp-content\/uploads\/2021\/05\/DSCN1874-e1621928903431-217x300.jpg 217w, https:\/\/gazette-lyceeandrecuzin.fr\/wp-content\/uploads\/2021\/05\/DSCN1874-e1621928903431-768x1062.jpg 768w, https:\/\/gazette-lyceeandrecuzin.fr\/wp-content\/uploads\/2021\/05\/DSCN1874-e1621928903431-741x1024.jpg 741w\" sizes=\"(max-width: 265px) 100vw, 265px\" \/><\/p>\n<p>&nbsp;<\/p>\n<p style=\"text-align: justify;\">Alors que les po\u00e8mes de nos jeunes ont trouv\u00e9 place dans un recueil complet de 32 textes originaux baptis\u00e9 <em>Nos puzzles amoureux<\/em> relativement au th\u00e8me choisi en commun, l\u2019aventure cr\u00e9ative de l\u2019\u00e9criture s\u2019est poursuivie par le collage et la peinture. Madame Mehri Gorur a ainsi propos\u00e9 aux \u00e9l\u00e8ves des deux classes un travail permettant non seulement d\u2019illustrer leurs textes, mais de laisser le texte prendre place au sein m\u00eame d\u2019affiches cr\u00e9\u00e9es \u00e0 partir de collages r\u00e9alis\u00e9s en s\u2019inspirant du travail du peintre contemporain \u00a0Richard Burlet dont les \u00e9l\u00e8ves ont d\u00e9couvert les oeuvres \u00e0 la fois abstraites et figuratives.<\/p>\n<p>&nbsp;<\/p>\n<p>&nbsp;<\/p>\n<p>&nbsp;<\/p>\n<p>&nbsp;<\/p>\n<p>&nbsp;<\/p>\n<figure id=\"attachment_3083\" aria-describedby=\"caption-attachment-3083\" style=\"width: 270px\" class=\"wp-caption aligncenter\"><img loading=\"lazy\" decoding=\"async\" class=\" wp-image-3083\" src=\"http:\/\/gazette-lyceeandrecuzin.fr\/wp-content\/uploads\/2021\/05\/DSCN1863-e1621934039670-191x300.jpg\" alt=\"\" width=\"270\" height=\"424\" srcset=\"https:\/\/gazette-lyceeandrecuzin.fr\/wp-content\/uploads\/2021\/05\/DSCN1863-e1621934039670-191x300.jpg 191w, https:\/\/gazette-lyceeandrecuzin.fr\/wp-content\/uploads\/2021\/05\/DSCN1863-e1621934039670-768x1204.jpg 768w, https:\/\/gazette-lyceeandrecuzin.fr\/wp-content\/uploads\/2021\/05\/DSCN1863-e1621934039670-653x1024.jpg 653w, https:\/\/gazette-lyceeandrecuzin.fr\/wp-content\/uploads\/2021\/05\/DSCN1863-e1621934039670.jpg 1645w\" sizes=\"(max-width: 270px) 100vw, 270px\" \/><figcaption id=\"caption-attachment-3083\" class=\"wp-caption-text\"><em>de Nsimba, Alya et Ali, 1 ORTC<\/em><\/figcaption><\/figure>\n<p>&nbsp;<\/p>\n<blockquote>\n<p style=\"text-align: justify;\">\u00ab\u00a0Ce que j\u2019ai aim\u00e9, c\u2019est le travail de groupe\u00a0; nous avons d\u00fb collaborer et tout le monde a amen\u00e9 quelque chose \u00e0 l\u2019affiche sur laquelle on travaillait \u00e0 3 ou 4\u00a0; c\u2019\u00e9tait int\u00e9ressant de discuter pour se mettre d\u2019accord et de voir \u00e0 la fin ce que \u00e7a donnait\u00a0\u00bb commente Nidhal, 1 AFTI.<\/p>\n<\/blockquote>\n<p>&nbsp;<\/p>\n<p style=\"text-align: justify;\">Certains \u00e9l\u00e8ves, \u00e0 l\u2019instar de ce qui s\u2019est fait en po\u00e9sie, ont choisi de se d\u00e9marquer des \u0153uvres de Burlet, d\u2019autres les ont faites figurer dans leurs affiches. Tout en conservant des contraintes formelles tant en litt\u00e9rature qu\u2019en Art plastique, une marge de libert\u00e9 propre \u00e0 tout travail de cr\u00e9ation a \u00e9t\u00e9 laiss\u00e9e aux \u00e9l\u00e8ves, pour leur plus grand plaisir et le n\u00f4tre.<\/p>\n<p style=\"text-align: justify;\">\u00a0Ces affiches donnent lieu actuellement \u00e0 une exposition au CDI ainsi qu\u2019\u00e0 la libre consultation du recueil de po\u00e8mes ainsi \u00e9labor\u00e9 par ces deux classes de premi\u00e8re, dont il faut souligner l\u2019implication dans le projet. C\u2019est cette exp\u00e9rience de cr\u00e9ation artistique globale que nous vous invitons \u00e0 d\u00e9couvrir au CDI jusqu\u2019\u00e0 fin septembre 2021.<\/p>\n<p><img loading=\"lazy\" decoding=\"async\" class=\"alignnone wp-image-3089 size-full\" src=\"http:\/\/gazette-lyceeandrecuzin.fr\/wp-content\/uploads\/2021\/05\/DSCN1867-e1621933923995.jpg\" alt=\"\" width=\"2462\" height=\"1509\" srcset=\"https:\/\/gazette-lyceeandrecuzin.fr\/wp-content\/uploads\/2021\/05\/DSCN1867-e1621933923995.jpg 2462w, https:\/\/gazette-lyceeandrecuzin.fr\/wp-content\/uploads\/2021\/05\/DSCN1867-e1621933923995-300x184.jpg 300w, https:\/\/gazette-lyceeandrecuzin.fr\/wp-content\/uploads\/2021\/05\/DSCN1867-e1621933923995-768x471.jpg 768w, https:\/\/gazette-lyceeandrecuzin.fr\/wp-content\/uploads\/2021\/05\/DSCN1867-e1621933923995-1024x628.jpg 1024w\" sizes=\"(max-width: 2462px) 100vw, 2462px\" \/><\/p>\n<p style=\"text-align: justify;\">Venez nombreux\u00a0!!!<\/p>\n<p style=\"text-align: justify;\">Madame Julia Donati, PLP Lettres Histoire, Madame Mehri Gorur, professeur d\u2019Arts appliqu\u00e9s, avec la participation de Nathalie Bourlez, professeur documentaliste que nous remercions pour son accueil et sa gentillesse.<\/p>\n<p>&nbsp;<\/p>\n<p><em>Photo de Une : affiche de Anthony, Mohamed-Amine, et Nidhal, en 1 AFTI.\u00a0<\/em><\/p>\n","protected":false},"excerpt":{"rendered":"<p>\u00ab\u00a0 Que la beaut\u00e9 soit dans ton regard et non dans la chose regard\u00e9e\u00a0\u00bb Andr\u00e9 Gide En cette p\u00e9riode de pand\u00e9mie o\u00f9 nos habitudes scolaires ont \u00e9t\u00e9 quelque peu \u00ab<\/p>\n","protected":false},"author":2,"featured_media":3090,"comment_status":"closed","ping_status":"closed","sticky":false,"template":"","format":"standard","meta":{"jetpack_post_was_ever_published":false,"_jetpack_newsletter_access":"","_jetpack_dont_email_post_to_subs":false,"_jetpack_newsletter_tier_id":0,"_jetpack_memberships_contains_paywalled_content":false,"_jetpack_memberships_contains_paid_content":false,"footnotes":""},"categories":[40,3,29,44,4],"tags":[],"class_list":["post-3073","post","type-post","status-publish","format-standard","has-post-thumbnail","hentry","category-beaux-arts-arts-plastiques","category-culture","category-dans-nos-murs","category-lire-ecrire","category-vie-du-lycee"],"jetpack_sharing_enabled":false,"jetpack_featured_media_url":"https:\/\/gazette-lyceeandrecuzin.fr\/wp-content\/uploads\/2021\/05\/DSCN1876-e1621932489944.jpg","jetpack_shortlink":"https:\/\/wp.me\/paGPHf-Nz","jetpack_likes_enabled":true,"_links":{"self":[{"href":"https:\/\/gazette-lyceeandrecuzin.fr\/index.php?rest_route=\/wp\/v2\/posts\/3073","targetHints":{"allow":["GET"]}}],"collection":[{"href":"https:\/\/gazette-lyceeandrecuzin.fr\/index.php?rest_route=\/wp\/v2\/posts"}],"about":[{"href":"https:\/\/gazette-lyceeandrecuzin.fr\/index.php?rest_route=\/wp\/v2\/types\/post"}],"author":[{"embeddable":true,"href":"https:\/\/gazette-lyceeandrecuzin.fr\/index.php?rest_route=\/wp\/v2\/users\/2"}],"replies":[{"embeddable":true,"href":"https:\/\/gazette-lyceeandrecuzin.fr\/index.php?rest_route=%2Fwp%2Fv2%2Fcomments&post=3073"}],"version-history":[{"count":17,"href":"https:\/\/gazette-lyceeandrecuzin.fr\/index.php?rest_route=\/wp\/v2\/posts\/3073\/revisions"}],"predecessor-version":[{"id":3108,"href":"https:\/\/gazette-lyceeandrecuzin.fr\/index.php?rest_route=\/wp\/v2\/posts\/3073\/revisions\/3108"}],"wp:featuredmedia":[{"embeddable":true,"href":"https:\/\/gazette-lyceeandrecuzin.fr\/index.php?rest_route=\/wp\/v2\/media\/3090"}],"wp:attachment":[{"href":"https:\/\/gazette-lyceeandrecuzin.fr\/index.php?rest_route=%2Fwp%2Fv2%2Fmedia&parent=3073"}],"wp:term":[{"taxonomy":"category","embeddable":true,"href":"https:\/\/gazette-lyceeandrecuzin.fr\/index.php?rest_route=%2Fwp%2Fv2%2Fcategories&post=3073"},{"taxonomy":"post_tag","embeddable":true,"href":"https:\/\/gazette-lyceeandrecuzin.fr\/index.php?rest_route=%2Fwp%2Fv2%2Ftags&post=3073"}],"curies":[{"name":"wp","href":"https:\/\/api.w.org\/{rel}","templated":true}]}}