{"id":2820,"date":"2020-01-07T08:31:11","date_gmt":"2020-01-07T07:31:11","guid":{"rendered":"http:\/\/gazette-lyceeandrecuzin.fr\/?p=2820"},"modified":"2020-01-07T08:31:11","modified_gmt":"2020-01-07T07:31:11","slug":"confluence-un-quartier-eco-responsable","status":"publish","type":"post","link":"https:\/\/gazette-lyceeandrecuzin.fr\/?p=2820","title":{"rendered":"Confluence : un quartier \u00e9co-responsable"},"content":{"rendered":"<p style=\"text-align: justify;\"><strong>Le vendredi 29 Novembre, notre classe (2TBEA) a effectu\u00e9 une sortie dans l\u2019\u00e9co-quartier de Confluence.<\/strong> <!--more--><\/p>\n<p style=\"text-align: justify;\">Nous avons visit\u00e9 ce quartier qui s\u2019est transform\u00e9 de zone industrielle en un quartier responsable, dot\u00e9 de b\u00e2timents modernes aux mat\u00e9riaux durables et \u00e9cologiques.<\/p>\n<p><img fetchpriority=\"high\" decoding=\"async\" class=\"alignnone wp-image-2827\" src=\"http:\/\/gazette-lyceeandrecuzin.fr\/wp-content\/uploads\/2019\/12\/DSC_0920-300x169.jpg\" alt=\"\" width=\"485\" height=\"273\" \/><\/p>\n<p style=\"text-align: justify;\">Nous avons pu observer de plus pr\u00e8s des immeubles de styles architecturaux diff\u00e9rents, qui rappelaient n\u00e9anmoins des formes g\u00e9om\u00e9triques simples comme des cubes, des rectangles\u2026<\/p>\n<p>&nbsp;<\/p>\n<p><img decoding=\"async\" class=\"alignnone size-medium wp-image-2824\" src=\"http:\/\/gazette-lyceeandrecuzin.fr\/wp-content\/uploads\/2019\/12\/DSC_0917-300x169.jpg\" alt=\"\" width=\"300\" height=\"169\" srcset=\"https:\/\/gazette-lyceeandrecuzin.fr\/wp-content\/uploads\/2019\/12\/DSC_0917-300x169.jpg 300w, https:\/\/gazette-lyceeandrecuzin.fr\/wp-content\/uploads\/2019\/12\/DSC_0917-768x432.jpg 768w, https:\/\/gazette-lyceeandrecuzin.fr\/wp-content\/uploads\/2019\/12\/DSC_0917-1024x576.jpg 1024w\" sizes=\"(max-width: 300px) 100vw, 300px\" \/><\/p>\n<p style=\"text-align: justify;\">Une guide nous a montr\u00e9 une maquette du quartier de Confluence, qui nous a permis de visualiser les travaux d\u2019am\u00e9nagement d\u00e9j\u00e0 r\u00e9alis\u00e9s en m\u00eame temps que des projets \u00e0 venir. Certains projets sont \u00e0 confirmer.<\/p>\n<p>&nbsp;<\/p>\n<p style=\"text-align: justify;\">Ce projet a pour but d\u2019augmenter l\u2019attractivit\u00e9 du quartier, en cr\u00e9ant plus de commerces et plus d\u2019habitations.<\/p>\n<p>&nbsp;<\/p>\n<p><img decoding=\"async\" class=\"size-medium wp-image-2826 alignright\" src=\"http:\/\/gazette-lyceeandrecuzin.fr\/wp-content\/uploads\/2019\/12\/DSC_0919-300x169.jpg\" alt=\"\" width=\"300\" height=\"169\" srcset=\"https:\/\/gazette-lyceeandrecuzin.fr\/wp-content\/uploads\/2019\/12\/DSC_0919-300x169.jpg 300w, https:\/\/gazette-lyceeandrecuzin.fr\/wp-content\/uploads\/2019\/12\/DSC_0919-768x432.jpg 768w, https:\/\/gazette-lyceeandrecuzin.fr\/wp-content\/uploads\/2019\/12\/DSC_0919-1024x576.jpg 1024w\" sizes=\"(max-width: 300px) 100vw, 300px\" \/><\/p>\n<p style=\"text-align: justify;\">L\u2019am\u00e9nagement des espaces verts est l\u2019une des priorit\u00e9s de ce projet, pour que les habitants se sentent \u00e0 la fois en ville et dans la nature.<\/p>\n<p>&nbsp;<\/p>\n<p>&nbsp;<\/p>\n<p style=\"text-align: justify;\">Ce projet respecte les nouveaux engagements des collectivit\u00e9s territoriales de pr\u00e9server l\u2019environnement pour les g\u00e9n\u00e9rations \u00e0 venir.<\/p>\n","protected":false},"excerpt":{"rendered":"<p>Le vendredi 29 Novembre, notre classe (2TBEA) a effectu\u00e9 une sortie dans l\u2019\u00e9co-quartier de Confluence.<\/p>\n","protected":false},"author":2,"featured_media":2828,"comment_status":"closed","ping_status":"closed","sticky":false,"template":"","format":"standard","meta":{"jetpack_post_was_ever_published":false,"_jetpack_newsletter_access":"","_jetpack_dont_email_post_to_subs":false,"_jetpack_newsletter_tier_id":0,"_jetpack_memberships_contains_paywalled_content":false,"_jetpack_memberships_contains_paid_content":false,"footnotes":""},"categories":[8,43],"tags":[],"class_list":["post-2820","post","type-post","status-publish","format-standard","has-post-thumbnail","hentry","category-la-vie-hors-les-murs","category-musees-expo-histoire-patrimoine"],"jetpack_sharing_enabled":false,"jetpack_featured_media_url":"https:\/\/gazette-lyceeandrecuzin.fr\/wp-content\/uploads\/2019\/12\/DSC_0921-e1578381743696.jpg","jetpack_shortlink":"https:\/\/wp.me\/paGPHf-Ju","jetpack_likes_enabled":true,"_links":{"self":[{"href":"https:\/\/gazette-lyceeandrecuzin.fr\/index.php?rest_route=\/wp\/v2\/posts\/2820","targetHints":{"allow":["GET"]}}],"collection":[{"href":"https:\/\/gazette-lyceeandrecuzin.fr\/index.php?rest_route=\/wp\/v2\/posts"}],"about":[{"href":"https:\/\/gazette-lyceeandrecuzin.fr\/index.php?rest_route=\/wp\/v2\/types\/post"}],"author":[{"embeddable":true,"href":"https:\/\/gazette-lyceeandrecuzin.fr\/index.php?rest_route=\/wp\/v2\/users\/2"}],"replies":[{"embeddable":true,"href":"https:\/\/gazette-lyceeandrecuzin.fr\/index.php?rest_route=%2Fwp%2Fv2%2Fcomments&post=2820"}],"version-history":[{"count":3,"href":"https:\/\/gazette-lyceeandrecuzin.fr\/index.php?rest_route=\/wp\/v2\/posts\/2820\/revisions"}],"predecessor-version":[{"id":2837,"href":"https:\/\/gazette-lyceeandrecuzin.fr\/index.php?rest_route=\/wp\/v2\/posts\/2820\/revisions\/2837"}],"wp:featuredmedia":[{"embeddable":true,"href":"https:\/\/gazette-lyceeandrecuzin.fr\/index.php?rest_route=\/wp\/v2\/media\/2828"}],"wp:attachment":[{"href":"https:\/\/gazette-lyceeandrecuzin.fr\/index.php?rest_route=%2Fwp%2Fv2%2Fmedia&parent=2820"}],"wp:term":[{"taxonomy":"category","embeddable":true,"href":"https:\/\/gazette-lyceeandrecuzin.fr\/index.php?rest_route=%2Fwp%2Fv2%2Fcategories&post=2820"},{"taxonomy":"post_tag","embeddable":true,"href":"https:\/\/gazette-lyceeandrecuzin.fr\/index.php?rest_route=%2Fwp%2Fv2%2Ftags&post=2820"}],"curies":[{"name":"wp","href":"https:\/\/api.w.org\/{rel}","templated":true}]}}