{"id":280,"date":"2016-06-13T08:06:05","date_gmt":"2016-06-13T06:06:05","guid":{"rendered":"https:\/\/gazettelpcuzin.wordpress.com\/?p=280"},"modified":"2019-02-08T14:41:59","modified_gmt":"2019-02-08T13:41:59","slug":"les-premiere-afor-au-theatre-de-lastree-quelle-catastrophe-une-belle-experience","status":"publish","type":"post","link":"https:\/\/gazette-lyceeandrecuzin.fr\/?p=280","title":{"rendered":"Les Premi\u00e8re AFOR au th\u00e9\u00e2tre de l\u2019Astr\u00e9e  \u00ab Quelle catastrophe ! \u00bb  \u00ab Une belle exp\u00e9rience !!! \u00bb"},"content":{"rendered":"<p style=\"text-align: justify;\"><strong>Le lundi 9 mai 2016, les 1\u00e8res AFOR du lyc\u00e9e Andr\u00e9 Cuzin ont jou\u00e9 des extraits de Macbett de Ionesco au th\u00e9\u00e2tre de l\u2019Astr\u00e9e en compagnie du club th\u00e9\u00e2tre du Lyc\u00e9e Notre Dame de Bellegarde dans le cadre du festival des Art\u00e9miades.<\/strong><\/p>\n<p>&nbsp;<\/p>\n<p style=\"text-align: justify;\"><!--more--><\/p>\n<p style=\"text-align: justify;\">\n<p style=\"text-align: justify;\">Tout a commenc\u00e9 lorsque Madame Rosenfeld a contact\u00e9 Colin Rey pour qu\u2019il vienne enseigner l\u2019art de jouer la com\u00e9die aux \u00e9l\u00e8ves.<\/p>\n<p style=\"text-align: justify;\">Il a choisi une trag\u00e9die ! Pas n\u2019importe laquelle, une pi\u00e8ce d\u2019Eug\u00e8ne Ionesco <span style=\"text-decoration: underline;\">Macbett<\/span>, inspir\u00e9e de la trag\u00e9die maudite, la plus sanglante de Shakespeare, <span style=\"text-decoration: underline;\">Macbeth<\/span>. Tout au long de l\u2019ann\u00e9e, Colin Rey a entrain\u00e9 les \u00e9l\u00e8ves. William pense que, quoi qu\u2019il en soit, on a d\u00e9velopp\u00e9 les capacit\u00e9s \u00e0 l\u2019oral et am\u00e9lior\u00e9 l\u2019expression de tous les \u00e9l\u00e8ves de la classe. Il trouve que les \u00e9l\u00e8ves se sont bien investis.<\/p>\n<p style=\"text-align: justify;\"><strong>Le lundi 9 mai au matin, arm\u00e9 de petits pains au chocolat, nous avons r\u00e9p\u00e9t\u00e9 en salle Fourtoul une derni\u00e8re fois.<\/strong><\/p>\n<p style=\"text-align: justify;\">C\u2019\u00e9tait la panique. Entre ceux qui n\u2019avaient pas pu interrompre leur stage (Bastien, reviens ! Tu nous manques !), ceux qui ne veulent pas monter sur sc\u00e8ne m\u00eame quand ce sont des graines de stars et qu\u2019ils savent leurs textes (pas de noms !), ceux qui sont tr\u00e8s occup\u00e9s (on ne cite personne !) et bien il fallait au moins Loris. Loris qui apprend les textes des copains, construit les personnages et joue de mieux en mieux ce que l\u2019on pensait impossible en ORGO. Bravo, chapeau, bravo : la perfection ! Oc\u00e9ane jouait la reine, Lady Duncan, un personnage qui n\u2019a peur de rien et, il faut le dire qui est compl\u00e8tement folle. C\u2019est une sorci\u00e8re. Elle aime faire mourir tout le monde. Le r\u00f4le \u00e9tait tr\u00e8s difficile, Oc\u00e9ane c\u2019est plut\u00f4t une f\u00e9e.<\/p>\n<p style=\"text-align: justify;\"><img fetchpriority=\"high\" decoding=\"async\" class=\" wp-image-285 aligncenter\" src=\"https:\/\/gazettelpcuzin.files.wordpress.com\/2016\/06\/photos_macbett_2016-03807comment-colin-et-loris-ont-sauvc3a9-les-absents.jpg?w=300\" alt=\"Photos_Macbett_2016-03807Comment Colin et Loris ont sauv\u00e9 les absents\" width=\"645\" height=\"484\" srcset=\"https:\/\/gazette-lyceeandrecuzin.fr\/wp-content\/uploads\/2016\/06\/photos_macbett_2016-03807comment-colin-et-loris-ont-sauvc3a9-les-absents.jpg 5184w, https:\/\/gazette-lyceeandrecuzin.fr\/wp-content\/uploads\/2016\/06\/photos_macbett_2016-03807comment-colin-et-loris-ont-sauvc3a9-les-absents-300x225.jpg 300w, https:\/\/gazette-lyceeandrecuzin.fr\/wp-content\/uploads\/2016\/06\/photos_macbett_2016-03807comment-colin-et-loris-ont-sauvc3a9-les-absents-768x576.jpg 768w, https:\/\/gazette-lyceeandrecuzin.fr\/wp-content\/uploads\/2016\/06\/photos_macbett_2016-03807comment-colin-et-loris-ont-sauvc3a9-les-absents-1024x768.jpg 1024w\" sizes=\"(max-width: 645px) 100vw, 645px\" \/><\/p>\n<p style=\"text-align: justify;\">Apr\u00e8s une derni\u00e8re tentative de r\u00e9confort \u00e0 la cantine, et apr\u00e8s avoir confi\u00e9 \u00e0 Colin notre \u00e9norme et copieux go\u00fbter (merci, merci) nous avons pris l\u2019autobus en direction du campus universitaire de la Doua. Nous avons trouv\u00e9 le th\u00e9\u00e2tre, puis la salle. Tout \u00e9tait calme mais on s\u2019est rendu compte alors que le festival des Arth\u00e9miades regroupe surtout des troupes d\u2019\u00e9tudiants. Nous nous sommes sentis jeunes, tr\u00e8s jeunes \u2026 mais vaillants !<\/p>\n<p style=\"text-align: justify;\"><strong>L\u00e0 sur le plateau, nous avons d\u00e9couvert nos compagnons de spectacle.<\/strong><\/p>\n<p style=\"text-align: justify;\"><img decoding=\"async\" class=\"wp-image-290 alignnone\" src=\"https:\/\/gazettelpcuzin.files.wordpress.com\/2016\/06\/photos_macbett_2016-03784.jpg?w=300\" alt=\"Photos_Macbett_2016-03784\" width=\"440\" height=\"338\" srcset=\"https:\/\/gazette-lyceeandrecuzin.fr\/wp-content\/uploads\/2016\/06\/photos_macbett_2016-03784.jpg 1541w, https:\/\/gazette-lyceeandrecuzin.fr\/wp-content\/uploads\/2016\/06\/photos_macbett_2016-03784-300x230.jpg 300w, https:\/\/gazette-lyceeandrecuzin.fr\/wp-content\/uploads\/2016\/06\/photos_macbett_2016-03784-768x588.jpg 768w, https:\/\/gazette-lyceeandrecuzin.fr\/wp-content\/uploads\/2016\/06\/photos_macbett_2016-03784-1024x784.jpg 1024w\" sizes=\"(max-width: 440px) 100vw, 440px\" \/>\u00a0\u00a0\u00a0<img decoding=\"async\" class=\"alignnone wp-image-283\" src=\"https:\/\/gazettelpcuzin.files.wordpress.com\/2016\/06\/glamis-candor-et-banco-version-cuzin-et-version-bellegarde.jpg?w=300\" alt=\"Glamis, Candor et Banco version Cuzin et version Bellegarde\" width=\"440\" height=\"330\" srcset=\"https:\/\/gazette-lyceeandrecuzin.fr\/wp-content\/uploads\/2016\/06\/glamis-candor-et-banco-version-cuzin-et-version-bellegarde.jpg 5184w, https:\/\/gazette-lyceeandrecuzin.fr\/wp-content\/uploads\/2016\/06\/glamis-candor-et-banco-version-cuzin-et-version-bellegarde-300x225.jpg 300w, https:\/\/gazette-lyceeandrecuzin.fr\/wp-content\/uploads\/2016\/06\/glamis-candor-et-banco-version-cuzin-et-version-bellegarde-768x576.jpg 768w, https:\/\/gazette-lyceeandrecuzin.fr\/wp-content\/uploads\/2016\/06\/glamis-candor-et-banco-version-cuzin-et-version-bellegarde-1024x768.jpg 1024w\" sizes=\"(max-width: 440px) 100vw, 440px\" \/><\/p>\n<p style=\"text-align: justify;\">Sur le plateau, deux rangs de chaises \u00e9taient install\u00e9s et Colin nous a m\u00e9lang\u00e9 avec les \u00e9l\u00e8ves de Notre Dame de Bellegarde. Les chaises formaient un angle qui bordait le plateau. Madame Rosenfeld a trouv\u00e9 l\u2019id\u00e9e tr\u00e8s astucieuse, et tr\u00e8s jolie. Elle a tout de suite sympathis\u00e9 avec sa coll\u00e8gue, elles bavardaient. Madame Rosenfeld n\u2019avait pas du tout l\u2019air stress\u00e9. En fait, elle l\u2019\u00e9tait !<\/p>\n<p style=\"text-align: justify;\">Nous avons tr\u00e8s vite sympathis\u00e9 avec les \u00e9l\u00e8ves de Neuville mais nous n\u2019en menions pas large. Ils \u00e9taient bien plus entrain\u00e9s que nous. Ils avaient des costumes, ils \u00e9taient grands et semblaient tr\u00e8s \u00e0 l\u2019aise. Pour William, il faut bien le dire, les \u00e9l\u00e8ves de terminales avaient un petit peu plus travaill\u00e9. On se vengera l\u2019ann\u00e9e prochaine. Nous avons sympathis\u00e9 surtout au go\u00fbter en conversant et comparant nos diff\u00e9rentes interpr\u00e9tations de la pi\u00e8ce. Les r\u00e9p\u00e9titions se sont pass\u00e9es dans la bonne humeur.<\/p>\n<p style=\"text-align: justify;\"><strong>Ensuite, les spectateurs sont arriv\u00e9s.<\/strong><\/p>\n<p style=\"text-align: justify;\">Nous avons vu s\u2019installer plusieurs professeurs du lyc\u00e9e Andr\u00e9 Cuzin, Monsieur Crouzet \u00e9tait \u00e0 la cam\u00e9ra, Madame Marcq \u00e0 la photo. Madame Fauveau \u00e9tait au premier rang, vive le sport ! Madame Eichenlaub \u00e9tait tout sourire, elle changeait les id\u00e9es de Madame Rosenfeld. Il y avait des parents et des amis, Madame Rosenfeld \u00e9tait ravie, elle trainait dans le couloir et bavardait, elle semblait parfaitement d\u00e9tendue. Il y avait des personnes de tous les \u00e2ges, des grands-m\u00e8res et des enfants. Le papa de Sasha est rest\u00e9 dans les bouchons, William a interdit \u00e0 ses parents de venir, d\u2019autres pensaient \u00e0 nous en finissant leur journ\u00e9e de travail, 18H18 c\u2019est t\u00f4t.<\/p>\n<p style=\"text-align: justify;\">Certains \u00e9l\u00e8ves \u00e9taient stress\u00e9s, d\u2019autres pas du tout, d\u2019autres disent que pas du tout. Oc\u00e9ane tranche en disant que le stress \u00e9tait l\u00e0 mais une fois sur sc\u00e8ne, on ne voit plus le temps passer.<\/p>\n<p style=\"text-align: justify;\"><strong>A 18H18 le spectacle a commenc\u00e9, ouverture sur Valentin, Loris et Matthias\u2026.<\/strong><\/p>\n<p style=\"text-align: justify;\">\u00c7a passe, c\u2019est parti, on enchaine ! Les \u00e9l\u00e8ves de Cuzin proposaient leur version d\u2019une sc\u00e8ne puis les \u00e9l\u00e8ves de Bellegarde proposaient la leur. Il y avait de beaux contrastes. Entre les deux Lady Duncan par exemple, l\u2019une aux cheveux rouge, fluette et v\u00eatue de noir et l\u2019autre en manteau de fourrure, grande et blonde.<\/p>\n<p style=\"text-align: justify;\"><img loading=\"lazy\" decoding=\"async\" class=\"alignnone wp-image-286\" src=\"https:\/\/gazettelpcuzin.files.wordpress.com\/2016\/06\/photos_macbett_2016-03822-personne-ne-rc3a9siste-c3a0-lady-duncan.jpg?w=300\" alt=\"Photos_Macbett_2016-03822 Personne ne r\u00e9siste \u00e0 Lady Duncan\" width=\"621\" height=\"466\" srcset=\"https:\/\/gazette-lyceeandrecuzin.fr\/wp-content\/uploads\/2016\/06\/photos_macbett_2016-03822-personne-ne-rc3a9siste-c3a0-lady-duncan.jpg 5184w, https:\/\/gazette-lyceeandrecuzin.fr\/wp-content\/uploads\/2016\/06\/photos_macbett_2016-03822-personne-ne-rc3a9siste-c3a0-lady-duncan-300x225.jpg 300w, https:\/\/gazette-lyceeandrecuzin.fr\/wp-content\/uploads\/2016\/06\/photos_macbett_2016-03822-personne-ne-rc3a9siste-c3a0-lady-duncan-768x576.jpg 768w, https:\/\/gazette-lyceeandrecuzin.fr\/wp-content\/uploads\/2016\/06\/photos_macbett_2016-03822-personne-ne-rc3a9siste-c3a0-lady-duncan-1024x768.jpg 1024w\" sizes=\"(max-width: 621px) 100vw, 621px\" \/><\/p>\n<p style=\"text-align: justify;\">Deux mani\u00e8res tr\u00e8s diff\u00e9rentes de jouer, de faire rire ou d\u2019inqui\u00e9ter le public.<\/p>\n<p style=\"text-align: justify;\">Et puis de nombreux r\u00f4les sont endoss\u00e9s par des gar\u00e7ons \u00e0 Cuzin et des filles \u00e0 Bellegarde. Du coup, c\u2019\u00e9tait surprenant. Et on ne s\u2019ennuyait pas du tout, les spectateurs sont unanimes. Les \u00e9l\u00e8ves de Cuzin ont une lecture plus tragique, font ressortir l\u2019absurdit\u00e9 de la violence, sont poignants. Les \u00e9l\u00e8ves de Bellegarde ont pouss\u00e9 les effets comiques, les grotesques. Le limonadier \u00e9tait en maillot de bain, le roi traine Lady Ducan. Ils ont m\u00eame ins\u00e9r\u00e9 un passage chant\u00e9, une sc\u00e8ne sur la plage.<br \/>\nOn ne se posait pas du tout la question de savoir qui \u00e9tait le meilleur, on \u00e9tait pris dans l\u2019histoire et les cercles vicieux qu\u2019elle met en sc\u00e8ne. Colin nous a bluff\u00e9 !!! Bravo !!!<\/p>\n<p style=\"text-align: justify;\"><img loading=\"lazy\" decoding=\"async\" class=\" wp-image-292 aligncenter\" src=\"https:\/\/gazettelpcuzin.files.wordpress.com\/2016\/06\/photos_macbett_2016-03815.jpg?w=300\" alt=\"Photos_Macbett_2016-03815\" width=\"628\" height=\"471\" srcset=\"https:\/\/gazette-lyceeandrecuzin.fr\/wp-content\/uploads\/2016\/06\/photos_macbett_2016-03815.jpg 1772w, https:\/\/gazette-lyceeandrecuzin.fr\/wp-content\/uploads\/2016\/06\/photos_macbett_2016-03815-300x225.jpg 300w, https:\/\/gazette-lyceeandrecuzin.fr\/wp-content\/uploads\/2016\/06\/photos_macbett_2016-03815-768x576.jpg 768w, https:\/\/gazette-lyceeandrecuzin.fr\/wp-content\/uploads\/2016\/06\/photos_macbett_2016-03815-1024x768.jpg 1024w\" sizes=\"(max-width: 628px) 100vw, 628px\" \/><\/p>\n<p style=\"text-align: justify;\"><strong>Les jeunes ont commenc\u00e9 la repr\u00e9sentation avec la boule au ventre \u2026<\/strong><\/p>\n<p style=\"text-align: justify;\">Mais tout s\u2019est bien pass\u00e9 ! Le com\u00e9dien et metteur en sc\u00e8ne Colin a aussi fait fonction de souffleur avec talent ! Tout le monde a tent\u00e9 d\u2019\u00eatre au plus haut de sa forme.<br \/>\nChaque classe jouait son interpr\u00e9tation de la sc\u00e8ne \u00e0 tour de r\u00f4le. On a fait ainsi tout le premier \u00ab acte \u00bb en un peu plus d\u2019une heure.<\/p>\n<p style=\"text-align: justify;\"><strong>Et \u00e0 la fin, sous une pluie d\u2019applaudissements, soulagement !<\/strong><\/p>\n<p style=\"text-align: justify;\">Les \u00e9l\u00e8ves d\u2019AFB qui faisaient leurs premiers pas sur sc\u00e8ne sont tr\u00e8s contents, Colin aussi. Tous \u00e9taient en fait ravis.<\/p>\n<p style=\"text-align: justify;\">Pour Julien, les \u00e9l\u00e8ves ont ador\u00e9 cette exp\u00e9rience et ils esp\u00e8rent remettre \u00e7a rapidement.<\/p>\n<p style=\"text-align: justify;\">Matthias aime bien l\u2019atelier th\u00e9\u00e2tre qui est une mani\u00e8re bien diff\u00e9rente de faire cours, une mani\u00e8re de s\u2019amuser en d\u00e9couvrant des choses. Il a trouv\u00e9 que la pi\u00e8ce montrait vraiment la haine et la violence des hommes entre eux. Il trouve que les \u00e9l\u00e8ves ont beaucoup \u00e9volu\u00e9 et que pour sa part, il a plus confiance en lui. Il a eu vraiment le trac avant de monter sur sc\u00e8ne mais \u00e0 la fin, il \u00e9tait content et fier. Jouer avec une autre classe a \u00e9t\u00e9 une belle exp\u00e9rience aussi parce que les \u00e9l\u00e8ves \u00e9taient sympathiques et parce qu\u2019il a pu d\u00e9couvrir un nouveau point de vue sur la pi\u00e8ce.<\/p>\n<p style=\"text-align: justify;\">Loris au d\u00e9part \u00e9tait un peu d\u00e9\u00e7u de travailler une pi\u00e8ce qui parle de l\u2019absurdit\u00e9 de la guerre, il aurait pr\u00e9f\u00e9r\u00e9 jouer une pi\u00e8ce comique comme <span style=\"text-decoration: underline;\">R\u00e9fection<\/span> de David Lescot, qu\u2019il a jou\u00e9e l\u2019an dernier, Valentin \u00e9tait du m\u00eame avis. Et puis, petit \u00e0 petit il a trouv\u00e9 le th\u00e8me int\u00e9ressant et a aim\u00e9 la jouer. La professeure ajoute qu\u2019il a m\u00eame jou\u00e9 plusieurs r\u00f4les brillamment. Loris a trouv\u00e9 \u00ab super enrichissant \u00bb de travailler avec une autre classe. Il estime clair qu\u2019il faut encore am\u00e9liorer l\u2019assimilation des textes et que la classe peut encore s\u2019am\u00e9liorer en jeu et en cons\u00e9quence souhaite refaire du th\u00e9\u00e2tre l\u2019an prochain. Il veut aussi que l\u2019on s\u2019occupe \u00e0 l\u2019avenir des costumes et autres accessoires avec plus de s\u00e9rieux.<\/p>\n<p style=\"text-align: justify;\"><img loading=\"lazy\" decoding=\"async\" class=\" wp-image-287 aligncenter\" src=\"https:\/\/gazettelpcuzin.files.wordpress.com\/2016\/06\/photos_macbett_2016-03838etlesapplaudissements.jpg?w=300\" alt=\"Photos_Macbett_2016-03838etlesapplaudissements\" width=\"602\" height=\"452\" srcset=\"https:\/\/gazette-lyceeandrecuzin.fr\/wp-content\/uploads\/2016\/06\/photos_macbett_2016-03838etlesapplaudissements.jpg 5184w, https:\/\/gazette-lyceeandrecuzin.fr\/wp-content\/uploads\/2016\/06\/photos_macbett_2016-03838etlesapplaudissements-300x225.jpg 300w, https:\/\/gazette-lyceeandrecuzin.fr\/wp-content\/uploads\/2016\/06\/photos_macbett_2016-03838etlesapplaudissements-768x576.jpg 768w, https:\/\/gazette-lyceeandrecuzin.fr\/wp-content\/uploads\/2016\/06\/photos_macbett_2016-03838etlesapplaudissements-1024x768.jpg 1024w\" sizes=\"(max-width: 602px) 100vw, 602px\" \/><\/p>\n<p style=\"text-align: justify;\">Ayrton trouve que l\u2019exp\u00e9rience lui a pas mal apport\u00e9, il est timide et cela aide \u00e0 d\u00e9passer sa timidit\u00e9 et ce n\u2019est pas d\u00e9sagr\u00e9able du tout, m\u00eame devant tant de monde. Kevin B. est d\u2019accord et trouve qu\u2019il est devenu encore plus sociable (c\u2019est Madame Rosenfeld qui ajoute \u00ab encore \u00bb parce qu&rsquo;il \u00e9tait d\u00e9j\u00e0 sociable, bougon mais sociable, maintenant, il est sociable et plus bougon). Il trouve que la classe a appris l\u2019entraide et que la camaraderie s\u2019est d\u00e9velopp\u00e9e. Oc\u00e9ane a aim\u00e9 jouer, m\u00eame avoir un petit stress le jour de la repr\u00e9sentation, elle recommencera volontiers avec une autre pi\u00e8ce. K\u00e9vin a bien rigol\u00e9, s\u2019est bien amus\u00e9.. Il attend bien entendu le programme de l\u2019an prochain. Diego est tout \u00e0 fait d\u2019accord, il trouve que l\u2019exp\u00e9rience a \u00e9t\u00e9 b\u00e9n\u00e9fique pour tout le monde. Une superbe repr\u00e9sentation pour William. Pour K\u00e9vin B. l\u2019entente entre les deux groupes \u00e9tait magnifique et le m\u00e9lange entre deux mondes tr\u00e8s diff\u00e9rents a produit un spectacle sublime.<\/p>\n<p style=\"text-align: justify;\">La grand-m\u00e8re de Kevin lui a envoy\u00e9 un SMS parce qu\u2019elle devait partir vite apr\u00e8s la repr\u00e9sentation \u00ab Je ne regrette pas d\u2019\u00eatre venue, l\u2019accueil a \u00e9t\u00e9 sympa, les \u00e9l\u00e8ves ont tr\u00e8s bien interpr\u00e9t\u00e9 leur r\u00f4le, ils \u00e9taient vraiment dans leurs personnages, le spectacle fut jou\u00e9 avec plaisir par les \u00e9l\u00e8ves, on ressent une bonne entente. \u00bb.<\/p>\n<p style=\"text-align: justify;\">Monsieur Bernard Crouzet nous a envoy\u00e9 un message. \u00ab J\u2019ai pass\u00e9 un tr\u00e8s bon moment \u00e0 la soir\u00e9e th\u00e9\u00e2tre o\u00f9 les \u00e9l\u00e8ves de 1 AFOR ont jou\u00e9 plusieurs extraits d&rsquo;une pi\u00e8ce de Shakespeare. Je trouve qu&rsquo;ils se sont tous bien investis dans ce projet men\u00e9 par un com\u00e9dien et leur professeur de Fran\u00e7ais.<br \/>\nJe pense que ces moments particuliers des r\u00e9p\u00e9titions jusqu&rsquo;au spectacle leurs auront apport\u00e9 un plus. Ils auront appris la pers\u00e9v\u00e9rance, le go\u00fbt de l&rsquo;effort et pour plusieurs d&rsquo;entre eux, \u00e0 vaincre leur timidit\u00e9 face \u00e0 un public. Je pense aussi que cette exp\u00e9rience leur a permis de mieux se conna\u00eetre individuellement et a renforc\u00e9 la coh\u00e9sion du groupe.<br \/>\nPour terminer, je f\u00e9licite chacun pour ses efforts et esp\u00e8re aller les revoir l&rsquo;ann\u00e9e prochaine pour un nouveau spectacle de th\u00e9\u00e2tre. \u00bb<\/p>\n<p style=\"text-align: justify;\">Voil\u00e0 ! Bient\u00f4t un DVD disponible au CDI<\/p>\n<p>\u00a0<img loading=\"lazy\" decoding=\"async\" class=\"alignnone wp-image-300 aligncenter\" src=\"https:\/\/gazettelpcuzin.files.wordpress.com\/2016\/06\/photos_macbett_2016-03837.jpg?w=300\" alt=\"Photos_Macbett_2016-03837\" width=\"630\" height=\"472\" srcset=\"https:\/\/gazette-lyceeandrecuzin.fr\/wp-content\/uploads\/2016\/06\/photos_macbett_2016-03837.jpg 5184w, https:\/\/gazette-lyceeandrecuzin.fr\/wp-content\/uploads\/2016\/06\/photos_macbett_2016-03837-300x225.jpg 300w, https:\/\/gazette-lyceeandrecuzin.fr\/wp-content\/uploads\/2016\/06\/photos_macbett_2016-03837-768x576.jpg 768w, https:\/\/gazette-lyceeandrecuzin.fr\/wp-content\/uploads\/2016\/06\/photos_macbett_2016-03837-1024x768.jpg 1024w\" sizes=\"(max-width: 630px) 100vw, 630px\" \/><\/p>\n","protected":false},"excerpt":{"rendered":"<p>Le lundi 9 mai 2016, les 1\u00e8res AFOR du lyc\u00e9e Andr\u00e9 Cuzin ont jou\u00e9 des extraits de Macbett de Ionesco au th\u00e9\u00e2tre de l\u2019Astr\u00e9e en compagnie du club th\u00e9\u00e2tre du<\/p>\n","protected":false},"author":2,"featured_media":284,"comment_status":"closed","ping_status":"closed","sticky":false,"template":"","format":"standard","meta":{"jetpack_post_was_ever_published":false,"_jetpack_newsletter_access":"","_jetpack_dont_email_post_to_subs":false,"_jetpack_newsletter_tier_id":0,"_jetpack_memberships_contains_paywalled_content":false,"_jetpack_memberships_contains_paid_content":false,"footnotes":""},"categories":[20,3,24],"tags":[],"class_list":["post-280","post","type-post","status-publish","format-standard","has-post-thumbnail","hentry","category-macbett-cie-la-nouvelle-fabrique-2016","category-culture","category-theatre"],"jetpack_sharing_enabled":true,"jetpack_featured_media_url":"https:\/\/gazette-lyceeandrecuzin.fr\/wp-content\/uploads\/2016\/06\/photos_macbett_2016-03782-e1545135922852.jpg","jetpack_shortlink":"https:\/\/wp.me\/paGPHf-4w","jetpack_likes_enabled":true,"_links":{"self":[{"href":"https:\/\/gazette-lyceeandrecuzin.fr\/index.php?rest_route=\/wp\/v2\/posts\/280","targetHints":{"allow":["GET"]}}],"collection":[{"href":"https:\/\/gazette-lyceeandrecuzin.fr\/index.php?rest_route=\/wp\/v2\/posts"}],"about":[{"href":"https:\/\/gazette-lyceeandrecuzin.fr\/index.php?rest_route=\/wp\/v2\/types\/post"}],"author":[{"embeddable":true,"href":"https:\/\/gazette-lyceeandrecuzin.fr\/index.php?rest_route=\/wp\/v2\/users\/2"}],"replies":[{"embeddable":true,"href":"https:\/\/gazette-lyceeandrecuzin.fr\/index.php?rest_route=%2Fwp%2Fv2%2Fcomments&post=280"}],"version-history":[{"count":2,"href":"https:\/\/gazette-lyceeandrecuzin.fr\/index.php?rest_route=\/wp\/v2\/posts\/280\/revisions"}],"predecessor-version":[{"id":2448,"href":"https:\/\/gazette-lyceeandrecuzin.fr\/index.php?rest_route=\/wp\/v2\/posts\/280\/revisions\/2448"}],"wp:featuredmedia":[{"embeddable":true,"href":"https:\/\/gazette-lyceeandrecuzin.fr\/index.php?rest_route=\/wp\/v2\/media\/284"}],"wp:attachment":[{"href":"https:\/\/gazette-lyceeandrecuzin.fr\/index.php?rest_route=%2Fwp%2Fv2%2Fmedia&parent=280"}],"wp:term":[{"taxonomy":"category","embeddable":true,"href":"https:\/\/gazette-lyceeandrecuzin.fr\/index.php?rest_route=%2Fwp%2Fv2%2Fcategories&post=280"},{"taxonomy":"post_tag","embeddable":true,"href":"https:\/\/gazette-lyceeandrecuzin.fr\/index.php?rest_route=%2Fwp%2Fv2%2Ftags&post=280"}],"curies":[{"name":"wp","href":"https:\/\/api.w.org\/{rel}","templated":true}]}}