{"id":2599,"date":"2019-05-06T13:59:37","date_gmt":"2019-05-06T11:59:37","guid":{"rendered":"http:\/\/gazette-lyceeandrecuzin.fr\/?p=2599"},"modified":"2019-05-06T14:12:32","modified_gmt":"2019-05-06T12:12:32","slug":"la-querelle-des-deux-lezards-mis-en-voix-par-les-2proe","status":"publish","type":"post","link":"https:\/\/gazette-lyceeandrecuzin.fr\/?p=2599","title":{"rendered":"La querelle des deux l\u00e9zards mis en voix par les 2PROE"},"content":{"rendered":"<p style=\"text-align: justify;\"><strong>Quand on est n\u00e9 en Afrique, travailler l\u2019\u0153uvre d\u2019un grand et tr\u00e8s sage \u00e9crivain africain de langue fran\u00e7aise comme Amadou Hampat\u00e9 B\u00e2, c\u2019est vraiment int\u00e9ressant, surtout quand on partage tout cela avec les autres \u00e9l\u00e8ves du lyc\u00e9e. R\u00e9cit d\u2019une mise en voix et en espace.<\/strong><\/p>\n<p style=\"text-align: justify;\"><!--more--><\/p>\n<h2><\/h2>\n<h2 style=\"text-align: justify;\">Tout a commenc\u00e9 en cours<\/h2>\n<p style=\"text-align: justify;\">Nous avons lu et travaill\u00e9 le texte en cours avec Madame Rosenfeld. Dans la classe, il y a des gens qui ont grandi en France mais ont des parents ou des grands-parents qui viennent parfois d\u2019autres pays et il y a des gens qui ont pass\u00e9 leur enfance ailleurs. C\u2019\u00e9tait agr\u00e9able de m\u00ealer les horizons, on d\u00e9couvrait du fran\u00e7ais mais aussi, on partageait avec les autres sa culture. Alhassane connaissait bien Amadou Hampat\u00e9 B\u00e2, il avait d\u00e9j\u00e0 lu certains de ses livres. Il y avait beaucoup de mots tr\u00e8s difficiles, tr\u00e8s pr\u00e9cis. Les phrases n\u2019\u00e9taient pas simples non plus. L\u2019action se passe en Afrique, dans un petit village, il y a tr\u00e8s longtemps, c\u2019est un conte. Le chef de famille doit partir et confie la maison et sa vieille maman aux animaux de la ferme qui doivent ob\u00e9ir au chien. Dans la case de la vieille maman, deux l\u00e9zards se battent au plafond mais ni le coq, ni le bouc, ni le b\u0153uf, ni le cheval ne veulent intervenir pour les s\u00e9parer et le chien n\u2019a pas le droit de bouger de la porte de l\u2019enclos. Et l\u00e0, c\u2019est l\u2019accident. Le chien l\u2019avait dit\u00a0:<\/p>\n<blockquote>\n<p style=\"text-align: justify;\">\u00ab\u00a0il n\u2019y a pas de petite querelle comme il n\u2019y a pas de petit incendie\u00a0\u00bb.<\/p>\n<\/blockquote>\n<p>&nbsp;<\/p>\n<h2 style=\"text-align: justify;\">Selon Aboubakar<\/h2>\n<blockquote>\n<p style=\"text-align: justify;\">La morale rappelle des situations que l\u2019on a pu vivre, o\u00f9 on se dit qu\u2019il faut intervenir sinon elle vont d\u00e9g\u00e9n\u00e9rer. J\u2019ai vu mes meilleurs amis se battre pour une raison pas importante. J\u2019ai essay\u00e9 d\u2019intervenir et j\u2019ai eu des probl\u00e8mes avec un tiers. Il faut arr\u00eater les discussions avant qu\u2019elles ne finissent mal.<\/p>\n<p style=\"text-align: justify;\">Nous avions un peu peur de faire du th\u00e9\u00e2tre. Lire un texte long, est difficile mais alors devoir le lire \u00e0 haute voix devant des gens que nous ne connaissons pas, nous n\u2019\u00e9tions pas tous partants. Quand la professeure a dit que nous allions le faire devant d\u2019autres classes, certains ont juste dit\u00a0: \u00ab\u00a0pas question\u00a0!\u00a0\u00bb.<\/p>\n<\/blockquote>\n<h2><\/h2>\n<h2 style=\"text-align: justify;\">L\u2019arriv\u00e9e de Colin<\/h2>\n<p style=\"text-align: justify;\">Nous avons travaill\u00e9 une mise en voix. Nous nous sommes r\u00e9partis des r\u00f4les. Nous avons tent\u00e9 de bouger pour donner de la vie au conte. C\u2019\u00e9tait tr\u00e8s tr\u00e8s difficile, m\u00eame si on avait compris le sens de l\u2019histoire, on s\u2019est rendu compte que parfois, il fallait revenir dessus et que m\u00eame si on avait la d\u00e9finition de certains mots, on les oublie vite. Caqueter par exemple, il a fallu le r\u00e9expliquer plusieurs fois.<\/p>\n<h2><\/h2>\n<h2 style=\"text-align: justify;\">La distribution<\/h2>\n<p style=\"text-align: justify;\">Dans le r\u00f4le du coq\u00a0: Redwan champion toute cat\u00e9gorie de cris de coq. Il \u00e9tait tr\u00e8s fort pour picorer, frimer, crier, comme le roi de la basse cour. Nous avions du mal \u00e0 rester s\u00e9rieux quand c\u2019\u00e9tait son tour.<\/p>\n<p style=\"text-align: justify;\">Le bouc \u00e9tait interpr\u00e9t\u00e9 par Aboubakar. Il a une voix grave et douce et il sait montrer le d\u00e9sespoir de l\u2019animal quand il se rend compte qu\u2019il va laisser sa peau dans une querelle qu\u2019il a regard\u00e9e de haut.<\/p>\n<p style=\"text-align: justify;\">Ayman faisait le b\u0153uf. Comme il est tr\u00e8s calme, il pouvait \u00eatre tr\u00e8s impressionnant. Il faisait aussi le ma\u00eetre de la maison.<\/p>\n<p style=\"text-align: justify;\">Mamadou \u00e9tait le cheval de course le plus noble de tous les temps, il en imposait vraiment. Personne n\u2019avait envie de le contrarier, c\u2019est d\u2019ailleurs dommage pour lui parce qu\u2019il aurait vraiment d\u00fb \u00e9couter le chien \u00e0 temps.<\/p>\n<p style=\"text-align: justify;\">Nicolas faisait le chien, tr\u00e8s bien d\u2019ailleurs mais le jour du spectacle, Marilyn Matt\u00e9i a jou\u00e9 le chien, Nicolas n\u2019\u00e9tait pas l\u00e0. La pauvre, elle venait pour les ORGO et les 1TEMSEC et elle est mont\u00e9e sur sc\u00e8ne avec nous. Elle \u00e9tait bien aussi.<\/p>\n<p style=\"text-align: justify;\">Alhassane et Colin faisaient le narrateur. C\u2019est un \u00e9norme travail. Colin c\u2019est son m\u00e9tier mais Alhassane c\u2019est une performance. Au d\u00e9but, Colin voulait lui donner un peu de texte mais la professeure de fran\u00e7ais voulait qu\u2019il en ait plus.<\/p>\n<p style=\"text-align: justify;\">Plus on r\u00e9p\u00e9tait et plus on trouvait que l\u2019histoire \u00e9tait int\u00e9ressante et amusante aussi. On donnait des caract\u00e8res aux animaux et c\u2019\u00e9tait dr\u00f4le.<\/p>\n<h2><\/h2>\n<h2 style=\"text-align: justify;\">Madame Frey est venue nous voir.<\/h2>\n<p style=\"text-align: justify;\">La professeure de fran\u00e7ais est venue un matin tr\u00e8s contente et nous a dit qu\u2019une musicienne allait nous accompagner lors de la repr\u00e9sentation. Nous \u00e9tions inquiets\u00a0: Colin, la musicienne, la repr\u00e9sentation, les autres \u00e9l\u00e8ves. Il commen\u00e7ait \u00e0 y avoir une pression \u00e9norme. Madame Frey est venue \u00e0 l\u2019atelier, au d\u00e9but, nous lui avons expliqu\u00e9 qu\u2019il y avait une erreur et que nous allions tous s\u00e9cher le jour de la repr\u00e9sentation. Ensuite, nous avons fait la r\u00e9p\u00e9tition. Monsieur Viollier n\u2019\u00e9tait pas tr\u00e8s rassur\u00e9. Peut-\u00eatre pensait-il que la prof exag\u00e8re. Madame Frey a sorti des instruments africains et des objets pour faire des percussions. Elle accompagnait le texte avec la musique expressive mais douce en m\u00eame temps, c\u2019\u00e9tait agr\u00e9able.<\/p>\n<h2><\/h2>\n<h2 style=\"text-align: justify;\">Madame Migraine-Georges nous a sauv\u00e9 pour les affiches<\/h2>\n<p style=\"text-align: justify;\">Dans le recueil du conte, il y a des photographies d\u2019objets de l\u2019art africain, c\u2019est tr\u00e8s beau. On s\u2019en est inspir\u00e9 pour faire l\u2019affiche mais sans l\u2019aide de Madame Migraine-George, on aurait pas eu d\u2019affiche. Quand elles ont \u00e9t\u00e9 sur les murs, on a eu le sentiment que vraiment, on allait le faire.<\/p>\n<h2><\/h2>\n<h2 style=\"text-align: justify;\">Le jour de la restitution<\/h2>\n<p style=\"text-align: justify;\">Le vendredi 11 f\u00e9vrier \u00e0 10 heures nous avons fait la derni\u00e8re r\u00e9p\u00e9tition. Nous \u00e9tions morts de peur, surtout Aboubakar, peut \u00eatre moins Mamoudou et Alhassane mais il faut le dire vite. On avait peur tout de m\u00eame. Malgr\u00e9 le chocolat. Le lyc\u00e9e nous a pr\u00e9par\u00e9 un go\u00fbter d\u00e9licieux. Les profs et Colin nous ont motiv\u00e9s, nous \u00e9tions tr\u00e8s nerveux.\u00a0 Quand nous avons vu arriver les gens surtout. Il y avait du monde. C\u2019est impressionnant d\u2019avoir le proviseur au premier rang et autant d\u2019\u00e9l\u00e8ves dans la salle. Madame Rosenfeld \u00e9tait \u00e0 c\u00f4t\u00e9 de la sc\u00e8ne et monsieur Viollier au fond. Il y avait beaucoup de gens debout au fond. Il y a un professeur qui avait install\u00e9 une cam\u00e9ra. Il y avait des \u00e9l\u00e8ves que nous avions crois\u00e9s dans les couloirs et d\u2019autres que nous ne connaissions pas du tout.<\/p>\n<h2><\/h2>\n<h2 style=\"text-align: justify;\">En sc\u00e8ne<\/h2>\n<p style=\"text-align: justify;\">Sur le devant du foyer, Colin avait install\u00e9 deux rang\u00e9es de chaises. Au milieu, il y avait un espace de jeu. Au fond, madame Frey jouait la musique. Colin et Marilyn nous ont beaucoup aid\u00e9s, parce qu\u2019ils \u00e9taient sur sc\u00e8ne avec nous. Quand on a commenc\u00e9, on a oubli\u00e9 le public et on s\u2019est seulement occup\u00e9 de ce que faisaient les autres.<\/p>\n<p>Pour regarder la vid\u00e9o, tapez le mot de passe : 2lezards<\/p>\n<p><iframe src=\"https:\/\/player.vimeo.com\/video\/334411225?dnt=1&amp;app_id=122963\" width=\"640\" height=\"356\" frameborder=\"0\" allow=\"autoplay; fullscreen; picture-in-picture; clipboard-write\"><\/iframe><\/p>\n<p>&nbsp;<\/p>\n<h2 style=\"text-align: justify;\">Aboubakar<\/h2>\n<blockquote>\n<p style=\"text-align: justify;\">Avec Colin\u00a0? j\u2019ai aim\u00e9 rigoler, il me faisait rire. Il fait des mouvements, il arrive \u00e0 deviner mon imagination, il motive. Pour faire le bouc j\u2019ai invent\u00e9 des bruitages et d\u2019avoir une voix grave, une grosse voix. Il m\u2019a aid\u00e9 parce que quand j\u2019ai essay\u00e9, j\u2019ai eu l\u2019impression que ce n\u2019\u00e9tait pas bien et il m\u2019a dit \u00ab\u00a0pas du tout, c\u2019est tr\u00e8s bien\u00a0\u00bb. Quand j\u2019avais peur de faire quelque chose, il me disait \u00ab\u00a0je sais que tu peux le faire, vas-y\u00a0\u00bb. J\u2019ai aim\u00e9 \u00eatre encourag\u00e9, il m\u2019a donn\u00e9 confiance en moi. Mais avant la repr\u00e9sentation, j\u2019ai tout de m\u00eame eu tr\u00e8s peur, le trac terrible. Colin \u00e9tait l\u00e0. Il m\u2019a motiv\u00e9 encore plus, il a dit\u00a0: \u00ab\u00a0c\u2019est des gens normaux, ils sont comme toi, tu n\u2019as pas besoin d\u2019avoir peur\u00a0\u00bb.<\/p>\n<p style=\"text-align: justify;\">D\u00e8s le d\u00e9but, plus de trac, je me suis dit comme les autres sont l\u00e0, je vais le faire.<\/p>\n<p style=\"text-align: justify;\">Apr\u00e8s, j\u2019aurais aim\u00e9 que le spectacle continue, que j\u2019allais devenir une star, j\u2019\u00e9tais fier de moi, vraiment vraiment, c\u2019\u00e9tait un bon travail.<\/p>\n<p style=\"text-align: justify;\">Mathias, c\u2019\u00e9tait top. Le fait que le gar\u00e7on criait seul dans sa chambre comme un fou \u00e9tait bien.<\/p>\n<\/blockquote>\n<h2><\/h2>\n<h2 style=\"text-align: justify;\">Alhassane<\/h2>\n<blockquote>\n<p style=\"text-align: justify;\">J\u2019ai bien aim\u00e9 le th\u00e9\u00e2tre et la mise en voix. J\u2019ai aim\u00e9 la partie qui m\u2019\u00e9tait confi\u00e9e et que tout le monde soit \u00e0 fond. On s\u2019est bien amus\u00e9. Monsieur Colin \u00e9tait tr\u00e8s sociable, marrant et amusant. J\u2019ai aussi aim\u00e9 la musique, le son et le fait que l\u2019on se sente soutenu par la musique.<\/p>\n<\/blockquote>\n<h2><\/h2>\n<h2 style=\"text-align: justify;\">Redwan<\/h2>\n<blockquote>\n<p style=\"text-align: justify;\">On a bien termin\u00e9. Tous les professeurs \u00e9taient heureux et nous aussi parce que faire un personnage ce n\u2019est pas \u00e9vident et le texte \u00e9tait difficile. J\u2019aime bien cette id\u00e9e que tout le monde \u00e9tait heureux, m\u00eame si on a eu peur.<\/p>\n<\/blockquote>\n","protected":false},"excerpt":{"rendered":"<p>Quand on est n\u00e9 en Afrique, travailler l\u2019\u0153uvre d\u2019un grand et tr\u00e8s sage \u00e9crivain africain de langue fran\u00e7aise comme Amadou Hampat\u00e9 B\u00e2, c\u2019est vraiment int\u00e9ressant, surtout quand on partage tout<\/p>\n","protected":false},"author":2,"featured_media":2598,"comment_status":"closed","ping_status":"closed","sticky":false,"template":"","format":"standard","meta":{"jetpack_post_was_ever_published":false,"_jetpack_newsletter_access":"","_jetpack_dont_email_post_to_subs":false,"_jetpack_newsletter_tier_id":0,"_jetpack_memberships_contains_paywalled_content":false,"_jetpack_memberships_contains_paid_content":false,"footnotes":""},"categories":[3,52,24],"tags":[],"class_list":["post-2599","post","type-post","status-publish","format-standard","has-post-thumbnail","hentry","category-culture","category-la-querelle-des-deux-lezards-2019","category-theatre"],"jetpack_sharing_enabled":true,"jetpack_featured_media_url":"https:\/\/gazette-lyceeandrecuzin.fr\/wp-content\/uploads\/2019\/05\/affiche_les_2_lezards_2019_-_1-e1557144181311.jpg","jetpack_shortlink":"https:\/\/wp.me\/paGPHf-FV","jetpack_likes_enabled":true,"_links":{"self":[{"href":"https:\/\/gazette-lyceeandrecuzin.fr\/index.php?rest_route=\/wp\/v2\/posts\/2599","targetHints":{"allow":["GET"]}}],"collection":[{"href":"https:\/\/gazette-lyceeandrecuzin.fr\/index.php?rest_route=\/wp\/v2\/posts"}],"about":[{"href":"https:\/\/gazette-lyceeandrecuzin.fr\/index.php?rest_route=\/wp\/v2\/types\/post"}],"author":[{"embeddable":true,"href":"https:\/\/gazette-lyceeandrecuzin.fr\/index.php?rest_route=\/wp\/v2\/users\/2"}],"replies":[{"embeddable":true,"href":"https:\/\/gazette-lyceeandrecuzin.fr\/index.php?rest_route=%2Fwp%2Fv2%2Fcomments&post=2599"}],"version-history":[{"count":6,"href":"https:\/\/gazette-lyceeandrecuzin.fr\/index.php?rest_route=\/wp\/v2\/posts\/2599\/revisions"}],"predecessor-version":[{"id":2605,"href":"https:\/\/gazette-lyceeandrecuzin.fr\/index.php?rest_route=\/wp\/v2\/posts\/2599\/revisions\/2605"}],"wp:featuredmedia":[{"embeddable":true,"href":"https:\/\/gazette-lyceeandrecuzin.fr\/index.php?rest_route=\/wp\/v2\/media\/2598"}],"wp:attachment":[{"href":"https:\/\/gazette-lyceeandrecuzin.fr\/index.php?rest_route=%2Fwp%2Fv2%2Fmedia&parent=2599"}],"wp:term":[{"taxonomy":"category","embeddable":true,"href":"https:\/\/gazette-lyceeandrecuzin.fr\/index.php?rest_route=%2Fwp%2Fv2%2Fcategories&post=2599"},{"taxonomy":"post_tag","embeddable":true,"href":"https:\/\/gazette-lyceeandrecuzin.fr\/index.php?rest_route=%2Fwp%2Fv2%2Ftags&post=2599"}],"curies":[{"name":"wp","href":"https:\/\/api.w.org\/{rel}","templated":true}]}}