{"id":2548,"date":"2019-03-25T10:37:18","date_gmt":"2019-03-25T09:37:18","guid":{"rendered":"http:\/\/gazette-lyceeandrecuzin.fr\/?p=2548"},"modified":"2019-03-25T10:37:18","modified_gmt":"2019-03-25T09:37:18","slug":"erasmus-en-route-gentille-troupe","status":"publish","type":"post","link":"https:\/\/gazette-lyceeandrecuzin.fr\/?p=2548","title":{"rendered":"ERASMUS : en route, gentille troupe !"},"content":{"rendered":"<p style=\"text-align: justify;\"><strong>Erasmus est un dispositif europ\u00e9en qui permet d\u2019aller faire une p\u00e9riode d\u2019\u00e9tude et de stage \u00e0 l\u2019\u00e9tranger. Avant de vous envoyer des cartes postales, Maliha vous raconte la pr\u00e9paration.<\/strong><\/p>\n<p style=\"text-align: justify;\"><strong>Maliha Tour avec une relecture de Madame Moufassih<\/strong><\/p>\n<p>&nbsp;<\/p>\n<p style=\"text-align: justify;\"><!--more--><\/p>\n<p style=\"text-align: justify;\">Un groupe d\u2019\u00e9l\u00e8ves va \u00e0 Madrid du 1er au 30 mars\u00a02019 : 5 au total\u00a0: 2 en T. TBEE, 2 en T. TEMSEC, 1 en T. TISEC.<\/p>\n<p style=\"text-align: justify;\">Et du 15 mars au 14 avril 2019, un groupe d\u2019\u00e9l\u00e8ves va \u00e0 Alicante\u00a0: 4 \u00e9l\u00e8ves \u00e0 Alicante dont 2 filles en AFB (1 en 1<sup>\u00e8re<\/sup> Bac Pro, l\u2019autre en Term) et 2 gar\u00e7ons en T. TISEC.<\/p>\n<p style=\"text-align: justify;\">S\u00e9jour d\u2019un mois.<\/p>\n<p>&nbsp;<\/p>\n<p style=\"text-align: justify;\">D\u2019abord le lyc\u00e9e a envoy\u00e9 une d\u00e9l\u00e9gation en Espagne. Si on en juge par les photographies, ils ont bien aim\u00e9 leur s\u00e9jour. Ensuite, des enseignants espagnols du lyc\u00e9e Gran Via d&rsquo;Alicante en mobilit\u00e9 Erasmus + sont venus \u00e0 Cuzin. Il s\u2019agit de deux enseignants d\u2019\u00e9nerg\u00e9tiques\u00a0: Salvador Esteve (qui communique en espagnol) et Miguel Angel Padilla (qui parle fran\u00e7ais).<\/p>\n<p style=\"text-align: justify;\">Le lyc\u00e9e a organis\u00e9 un planning de visites de notre \u00e9tablissement pour les coll\u00e8gues espagnols, et nous y avons int\u00e9gr\u00e9 une rencontre avec les \u00e9l\u00e8ves participant au s\u00e9jour Erasmus+.<\/p>\n<p style=\"text-align: justify;\">D&rsquo;apr\u00e8s certains professeurs, les enseignants espagnols vont croire que nous faisons la f\u00eate tout le temps, (il y en avait plein en salle des professeurs,) car un enseignant f\u00eatait son d\u00e9part en retraite apr\u00e8s 35 ans pass\u00e9s au Lyc\u00e9e Cuzin et qu\u2019ils ont bien s\u00fbr \u00e9t\u00e9 convi\u00e9s. C\u2019\u00e9tait \u00e9galement une opportunit\u00e9 de rencontrer l\u2019ensemble du personnel.\u00a0 Ici il faut demander \u00e0 Madame Moufassih de vous raconter comment le lyc\u00e9e a accueilli les espagnols.<\/p>\n<p style=\"text-align: justify;\">Mme Moufassih et Salvador Esteve \u00e9changent ensemble depuis plus d\u2019un an maintenant par mail et Skype. L\u2019organisation de leur visite a \u00e9t\u00e9 d\u00e9termin\u00e9e ensemble. Mme Melun et Mme Moufassih sont all\u00e9es les accueillir \u00e0 l\u2019a\u00e9roport puis ils ont d\u00e9jeun\u00e9 ensemble avec M. Bielmann et M. Perret. Puis les deux jours suivants, ils ont visit\u00e9 chaque atelier et rencontr\u00e9 les enseignants du domaine professionnel. Ils ont \u00e9galement rencontr\u00e9 et \u00e9chang\u00e9 avec les acteurs des diff\u00e9rents services\u00a0pour mieux en comprendre le fonctionnement : secr\u00e9tariat, intendance, direction, vie scolaire et ont m\u00eame pu assister \u00e0 une r\u00e9union du CVL pour le choix des peintures dans les couloirs des \u00e9tages de l\u2019\u00e9tablissement. Ils ont d\u00e9couvert notre dispositif ULIS et la 3<sup>\u00e8me<\/sup> Pr\u00e9pa-Professionnelle.<\/p>\n<p style=\"text-align: justify;\">Myst\u00e8re, il para\u00eet que cela ne regarde pas les \u00e9l\u00e8ves, mais Salvador Esteve avait l&rsquo;air plut\u00f4t d\u00e9tendu et il \u00e9tait tr\u00e8s souriant. Il connaissait d\u00e9j\u00e0 Lyon mais n&rsquo;\u00e9tait pas venu depuis longtemps. Il a dit qu&rsquo;il \u00e9tait tr\u00e8s int\u00e9ress\u00e9 par les activit\u00e9s men\u00e9es dans le lyc\u00e9e. Qu&rsquo;est-ce qui l&rsquo;a int\u00e9ress\u00e9 ?<\/p>\n<p style=\"text-align: justify;\">Il a beaucoup appr\u00e9ci\u00e9 la qualit\u00e9 des \u00e9quipements en ateliers professionnels, l\u2019ambiance g\u00e9n\u00e9rale du lyc\u00e9e et particuli\u00e8rement la convivialit\u00e9 entre les coll\u00e8gues et l\u2019accueil tr\u00e8s chaleureux que chacun leur a fait durant leur visite. Ils ont donn\u00e9 une interview dont la vid\u00e9o est sur le blog <em>Andr\u00e9 Cuzin Shakes the World<\/em> o\u00f9 ils nous livrent leurs impressions\u00a0: <a href=\"http:\/\/shaketheworld.over-blog.com\/2018\/10\/el-instituto-gran-via-de-alicante-en-movilidad-erasmus-en-nuestro-centro.viva-espana.html\">http:\/\/shaketheworld.over-blog.com\/2018\/10\/el-instituto-gran-via-de-alicante-en-movilidad-erasmus-en-nuestro-centro.viva-espana.html<\/a><\/p>\n<p style=\"text-align: justify;\">Avant l\u2019arriv\u00e9e des enseignants espagnols, les \u00e9l\u00e8ves ont \u00e9t\u00e9 inform\u00e9s de leur participation \u00e0 l\u2019accueil de Salvador et Miguel. Cela repr\u00e9sentait une opportunit\u00e9 d\u2019\u00e9changer en espagnol et d\u2019avoir un premier contact pour ceux qui se rendent \u00e0 Alicante qui peut \u00eatre rassurant et \u00f4ter le stress li\u00e9 \u00e0 l\u2019inconnu. Cela permet \u00e9galement aux \u00e9l\u00e8ves de s\u2019informer sur le rythme de vie et de travail en Espagne.<\/p>\n<p style=\"text-align: justify;\">Salvador Esteve nous a expliqu\u00e9 beaucoup de choses, voil\u00e0 ce que j&rsquo;ai retenu.<\/p>\n<p style=\"text-align: justify;\">J&rsquo;en ai profit\u00e9 pour essayer de comprendre comment fonctionnent les lyc\u00e9es professionnels en Espagne, surtout ceux qui s&rsquo;int\u00e9ressent au b\u00e2timent. Alicante est une ville tr\u00e8s touristique mais l\u00e0, nous allons essayer de comprendre comment on se forme et comment on travaille en Espagne. Pour le tourisme, on va en faire aussi, le 19, il y a une grande f\u00eate \u00e0 Alicante.<\/p>\n<p style=\"text-align: justify;\">Les \u00e9l\u00e8ves en Espagne suivent un enseignement obligatoire jusqu&rsquo;\u00e0 16 ans. Les \u00e9preuves du Grado Medio, l\u2019\u00e9quivalent de notre baccalaur\u00e9at professionnel, sont \u00e9tal\u00e9es sur deux ans, les \u00e9preuves sous forme de modules \u00e0 valider tout au long de leur cursus se d\u00e9roulent jusqu\u2019en Mars &#8211; Avril et il y a une session de rattrapage en juin. Chaque m\u00e9tier est enseign\u00e9 dans un d\u00e9partement sp\u00e9cialis\u00e9 du lyc\u00e9e.<\/p>\n<p style=\"text-align: justify;\">Le lyc\u00e9e Gran Via accueille des \u00e9l\u00e8ves de l\u2019enseignement g\u00e9n\u00e9ral ainsi que l\u2019enseignement professionnel. Il offre \u00e9galement des parcours \u00e9quivalents au BTS appel\u00e9s Grado Superior dans des domaines tr\u00e8s vari\u00e9s.<\/p>\n<p style=\"text-align: justify;\">Le partenariat avec des lyc\u00e9es espagnols permet de s\u00e9curiser les terrains de stages pour les \u00e9l\u00e8ves puisque les entreprises choisies travaillent r\u00e9guli\u00e8rement avec ces lyc\u00e9es et sont soigneusement choisis. Les \u00e9l\u00e8ves en mobilit\u00e9s seront accueillis dans les lyc\u00e9es espagnols durant la premi\u00e8re semaine de leur s\u00e9jour au sein d\u2019une section de m\u00eame sp\u00e9cialit\u00e9 aux c\u00f4t\u00e9s de leurs pairs et effectueront uniquement des activit\u00e9s li\u00e9es aux aspects professionnels. Il faut savoir que l\u2019enseignement g\u00e9n\u00e9ral dispara\u00eet en Grado Medio (bac Pro) en Espagne. Ensuite, ils effectueront 3 semaines de stage en entreprise. En France, nous recevrons \u00e9galement trois \u00e9l\u00e8ves issus du lyc\u00e9e Gran Via selon les m\u00eames modalit\u00e9s.<\/p>\n<p style=\"text-align: justify;\">Nous allons travailler de 8 \u00e0 12 heures puis de 13h30 \u00e0 16 heures.<\/p>\n<p style=\"text-align: justify;\">La premi\u00e8re semaine nous aurons l\u2019emploi du temps de la classe que nous int\u00e9grerons (de 8h \u00e0 14h, avec \u00bd heure de pause \u00e0 11h)<\/p>\n<p style=\"text-align: justify;\">En semaine 2, 3 et 4\u00a0: stage en entreprise.<\/p>\n<p style=\"text-align: justify;\">Nous sommes h\u00e9berg\u00e9s dans une auberge de jeunesse, nous y resterons tout le mois. En entreprise, il va falloir \u00eatre tr\u00e8s prudent parce que le lexique est diff\u00e9rent, donc attention avec les outils. Pour ceux qui sont tr\u00e8s inquiets, pas de probl\u00e8me ! Il y a un h\u00f4pital juste \u00e0 c\u00f4t\u00e9 du lyc\u00e9e\u00a0! En entreprise, le temps de travail est moins long en Espagne qu&rsquo;en France et on sera en horaire d&rsquo;\u00e9t\u00e9.<\/p>\n<p style=\"text-align: justify;\">En g\u00e9n\u00e9ral, les entreprises sont polyvalentes, elles font plusieurs choses : plomberie, chauffagiste, climatisation. Les peintres font souvent uniquement de la peinture. Est-ce ce que font les entreprises ou dites-vous que comme vous avez appris la peinture, vous ferez de la peinture ? Si c&rsquo;est le cas, comptez-vous en profiter pour apprendre d&rsquo;autres choses ? Chaque \u00e9l\u00e8ve se verra confier des t\u00e2ches selon le r\u00e9f\u00e9rentiel de sa section.<\/p>\n<p style=\"text-align: justify;\">Les \u00e9l\u00e8ves espagnols vont venir \u00e0 Cuzin, ils vont aussi faire beaucoup de choses.<\/p>\n<p style=\"text-align: justify;\">D\u2019abord, ils vont vivre une semaine d\u2019int\u00e9gration dans une classe de m\u00eame sp\u00e9cialit\u00e9 (2 \u00e9l\u00e8ves en peinture et un en installation\/ maintenance \u00e9nerg\u00e9tique), puis 3 semaines en entreprise que notre lyc\u00e9e est charg\u00e9 d\u2019organiser.<\/p>\n<p style=\"text-align: justify;\">Voil\u00e0, bient\u00f4t la suite\u00a0!<\/p>\n<p>&nbsp;<\/p>\n<p>&nbsp;<\/p>\n<p>Article r\u00e9dig\u00e9 avant le d\u00e9part en Espagne.<\/p>\n<p><strong>D\u00e9sormais, vous pouvez suivre les aventures des \u00e9l\u00e8ves sur leur blog<\/strong> <a href=\"http:\/\/monerasmusenespagne.over-blog.com\/\" target=\"_blank\" rel=\"noopener\">\u00ab\u00a0Mon ERASMUS en Espagne\u00a0\u00bb<\/a><\/p>\n","protected":false},"excerpt":{"rendered":"<p>Erasmus est un dispositif europ\u00e9en qui permet d\u2019aller faire une p\u00e9riode d\u2019\u00e9tude et de stage \u00e0 l\u2019\u00e9tranger. Avant de vous envoyer des cartes postales, Maliha vous raconte la pr\u00e9paration. Maliha<\/p>\n","protected":false},"author":2,"featured_media":2552,"comment_status":"closed","ping_status":"open","sticky":false,"template":"","format":"standard","meta":{"jetpack_post_was_ever_published":false,"_jetpack_newsletter_access":"","_jetpack_dont_email_post_to_subs":false,"_jetpack_newsletter_tier_id":0,"_jetpack_memberships_contains_paywalled_content":false,"_jetpack_memberships_contains_paid_content":false,"footnotes":""},"categories":[38,31],"tags":[],"class_list":["post-2548","post","type-post","status-publish","format-standard","has-post-thumbnail","hentry","category-erasmus","category-internationalement-votre"],"jetpack_sharing_enabled":true,"jetpack_featured_media_url":"https:\/\/gazette-lyceeandrecuzin.fr\/wp-content\/uploads\/2019\/03\/ERASMUS-1-e1553257391964.jpg","jetpack_shortlink":"https:\/\/wp.me\/paGPHf-F6","jetpack_likes_enabled":true,"_links":{"self":[{"href":"https:\/\/gazette-lyceeandrecuzin.fr\/index.php?rest_route=\/wp\/v2\/posts\/2548","targetHints":{"allow":["GET"]}}],"collection":[{"href":"https:\/\/gazette-lyceeandrecuzin.fr\/index.php?rest_route=\/wp\/v2\/posts"}],"about":[{"href":"https:\/\/gazette-lyceeandrecuzin.fr\/index.php?rest_route=\/wp\/v2\/types\/post"}],"author":[{"embeddable":true,"href":"https:\/\/gazette-lyceeandrecuzin.fr\/index.php?rest_route=\/wp\/v2\/users\/2"}],"replies":[{"embeddable":true,"href":"https:\/\/gazette-lyceeandrecuzin.fr\/index.php?rest_route=%2Fwp%2Fv2%2Fcomments&post=2548"}],"version-history":[{"count":6,"href":"https:\/\/gazette-lyceeandrecuzin.fr\/index.php?rest_route=\/wp\/v2\/posts\/2548\/revisions"}],"predecessor-version":[{"id":2558,"href":"https:\/\/gazette-lyceeandrecuzin.fr\/index.php?rest_route=\/wp\/v2\/posts\/2548\/revisions\/2558"}],"wp:featuredmedia":[{"embeddable":true,"href":"https:\/\/gazette-lyceeandrecuzin.fr\/index.php?rest_route=\/wp\/v2\/media\/2552"}],"wp:attachment":[{"href":"https:\/\/gazette-lyceeandrecuzin.fr\/index.php?rest_route=%2Fwp%2Fv2%2Fmedia&parent=2548"}],"wp:term":[{"taxonomy":"category","embeddable":true,"href":"https:\/\/gazette-lyceeandrecuzin.fr\/index.php?rest_route=%2Fwp%2Fv2%2Fcategories&post=2548"},{"taxonomy":"post_tag","embeddable":true,"href":"https:\/\/gazette-lyceeandrecuzin.fr\/index.php?rest_route=%2Fwp%2Fv2%2Ftags&post=2548"}],"curies":[{"name":"wp","href":"https:\/\/api.w.org\/{rel}","templated":true}]}}