{"id":2540,"date":"2019-03-18T16:04:17","date_gmt":"2019-03-18T15:04:17","guid":{"rendered":"http:\/\/gazette-lyceeandrecuzin.fr\/?p=2540"},"modified":"2019-03-18T16:15:45","modified_gmt":"2019-03-18T15:15:45","slug":"cuzin-de-plus-en-plus-pop","status":"publish","type":"post","link":"https:\/\/gazette-lyceeandrecuzin.fr\/?p=2540","title":{"rendered":"Cuzin de plus en plus POP"},"content":{"rendered":"<p style=\"text-align: justify;\"><strong>Cette ann\u00e9e \u00e0 Cuzin, il y a du neuf. Les TBEE sont devenus POP, TBEA. Ils suivent un tronc commun en seconde et s\u2019orientent progressivement. Que font donc ces \u00e9l\u00e8ves\u00a0?<\/strong><\/p>\n<p style=\"text-align: justify;\"><strong>La classe avec la complicit\u00e9 de Madame Djouani.<\/strong><\/p>\n<p style=\"text-align: justify;\"><!--more--><\/p>\n<h2 style=\"text-align: left;\">Qu\u2019est-ce qui a bien pu motiver les \u00e9l\u00e8ves\u00a0\u00e0 venir en TBEA\u00a0?<\/h2>\n<h2 style=\"text-align: justify;\">Pour certains, la force des choses\u2026.<\/h2>\n<p style=\"text-align: justify;\">La fili\u00e8re n\u2019\u00e9tait pas le premier choix de neuf \u00e9l\u00e8ves. Ils sont donc arriv\u00e9s par \u00ab\u00a0contrainte\u00a0du dernier v\u0153ux \u00bb, sont \u00ab\u00a0tomb\u00e9s par hasard\u00a0\u00bb, d\u2019ailleurs certains \u00ab\u00a0ne connaissaient pas la fili\u00e8re\u00a0\u00bb. Il faut dire qu\u2019aucun ne fr\u00e9quente quelqu\u2019un du m\u00e9tier, qu\u2019ils n\u2019ont pas fait de mini-stage et ne sont pas venus aux portes ouvertes, la rentr\u00e9e a \u00e9t\u00e9 un peu brutale.<\/p>\n<p>&nbsp;<\/p>\n<p style=\"text-align: justify;\">Dans la classe, trois \u00e9l\u00e8ves ne sont pas heureux de leur orientation mais n\u2019ont pas tous la m\u00eame attitude\u00a0et les m\u00eames r\u00eaves d\u2019avenir :<\/p>\n<blockquote>\n<p style=\"text-align: justify;\">\u00ab\u00a0Depuis le d\u00e9but de l\u2019ann\u00e9e, je ne travaille pas beaucoup et je ne suis pas tr\u00e8s sage mais cela est d\u00fb \u00e0 la fili\u00e8re dans laquelle je suis, je ne l\u2019ai pas souhait\u00e9e et j\u2019ai \u00e9t\u00e9 mis dedans par hasard\u00a0\u00bb. \u00c0 40 ans, il veut \u00eatre \u00ab\u00a0un plombier de qualit\u00e9\u00a0\u00bb et \u00ab\u00a0\u00eatre chef de travail\u00a0\u00bb.<\/p>\n<\/blockquote>\n<blockquote>\n<p style=\"text-align: justify;\">\u00ab\u00a0Je voudrais m\u2019orienter vers une entreprise d\u2019\u00e9lectricit\u00e9\u00a0\u00bb. M\u00eame s\u2019il ne sait pas quel m\u00e9tier il voudrait avoir \u00e0 40 ans, qu\u2019il s\u2019estime nul en maths, voudrait changer d\u2019orientation, n\u2019aime pas le cadre scolaire et en cons\u00e9quence ne souhaite pas poursuivre ses \u00e9tudes, il aime le travail sur logiciel et sait une chose\u00a0: \u00ab\u00a0je veux beaucoup d\u2019argent.\u00a0\u00bb<\/p>\n<\/blockquote>\n<blockquote>\n<p style=\"text-align: justify;\">\u00ab\u00a0J\u2019essaye de m\u2019accrocher pour faire une passerelle l\u2019ann\u00e9e prochaine\u00a0\u00bb \u00e0 40 ans, il voudrait \u00ab\u00a0faire du commercial\u00a0\u00bb.<\/p>\n<\/blockquote>\n<h2 style=\"text-align: left;\">\u2026\u2026.. En passe de devenir une orientation sereine<\/h2>\n<p style=\"text-align: justify;\">Les autres \u00e9l\u00e8ves sont plus optimistes, certains sont arriv\u00e9s \u00ab\u00a0par d\u00e9faut \u00bb\u00a0 mais l\u2019un d\u2019eux ajoute tout de suite\u00a0: \u00ab\u00a0j\u2019ai d\u00e9couvert que c\u2019\u00e9tait ce que je voulais faire\u00a0\u00bb. En faisant bien le tour des tables, seuls deux \u00e9l\u00e8ves sur neuf ne trouvent pas encore leur compte dans leur orientation m\u00eame si certains restent h\u00e9sitants comme un jeune homme qui explique\u00a0:<\/p>\n<blockquote>\n<p style=\"text-align: justify;\">\u00ab\u00a0J\u2019apprends le m\u00e9tier d\u2019assistant d\u2019architecte et d\u2019\u00e9conomiste, je ne connaissais pas mais cela commence \u00e0 me plaire\u00a0\u00bb et qui \u00e0 40 ans se voit \u00e9ducateur sportif.<\/p>\n<\/blockquote>\n<h2><img fetchpriority=\"high\" decoding=\"async\" class=\"alignnone size-full wp-image-2543\" src=\"http:\/\/gazette-lyceeandrecuzin.fr\/wp-content\/uploads\/2019\/03\/Fermette.png\" alt=\"\" width=\"1219\" height=\"776\" \/><\/h2>\n<h2 style=\"text-align: left;\">Qu\u2019est-ce qui motive ceux qui n\u2019avaient pas clairement construit une orientation\u00a0?<\/h2>\n<p style=\"text-align: justify;\">L\u2019informatique d\u2019abord\u00a0! Autocad\u00a0en t\u00eate et Sketchup juste ensuite ! Les cours professionnels int\u00e9ressent la grande majorit\u00e9 des \u00e9l\u00e8ves qui ne s\u2019int\u00e9ressent pas au m\u00e9tier \u2026\u2026 magie technologique, bon coup de hasard, optimisme de la jeunesse\u00a0?<\/p>\n<p style=\"text-align: justify;\">Oui mais avec des nuances\u00a0:<\/p>\n<blockquote>\n<p style=\"text-align: justify;\">\u00ab\u00a0Bah, je pr\u00e9f\u00e8re taper sur l\u2019ordinateur que d\u2019\u00e9crire.\u00a0\u00bb<\/p>\n<\/blockquote>\n<h2 style=\"text-align: left;\">Pour la plupart des \u00e9l\u00e8ves de la classe l\u2019orientation est motiv\u00e9e.<\/h2>\n<p style=\"text-align: justify;\">Ils ont fait des mini-stages, connaissaient Cuzin et Tony Garnier et sont pour certains venus aux portes ouvertes, sont all\u00e9s au Mondial des m\u00e9tiers. Quelques \u00e9l\u00e8ves motiv\u00e9s connaissaient quelqu\u2019un dans le m\u00e9tier, quelqu\u2019un qui pouvait leur en parler. D\u2019autres ont \u00e9t\u00e9 aid\u00e9s par leur coll\u00e8ge. Ils ont choisi et obtenu leur orientation. Ils avaient tous d\u00e9j\u00e0 des envies.<\/p>\n<blockquote>\n<p style=\"text-align: justify;\">\u00ab\u00a0Ayant un CAP en menuiserie, j\u2019ai toujours aim\u00e9 les plans. J\u2019avais deux options, technicien constructeur vendeur ou TBEA, j\u2019ai choisi TBEA.\u00a0\u00bb<\/p>\n<p style=\"text-align: justify;\">\u00ab\u00a0Je suis passionn\u00e9 d\u2019architecture mais je ne voulais pas passer par la fili\u00e8re g\u00e9n\u00e9rale puis aller en \u00e9cole d\u2019architecture.\u00a0\u00bb<\/p>\n<p style=\"text-align: justify;\">\u00ab\u00a0J\u2019ai fait un mini-stage de dessin de plans en entreprise et \u00e7a m\u2019a plu.\u00a0\u00bb L\u2019orientation s\u2019est faite \u00ab\u00a0par passion\u00a0\u00bb.<\/p>\n<p style=\"text-align: justify;\">\u00ab\u00a0Le m\u00e9tier d\u2019assistant d\u2019architecte \u00e9tait mon premier v\u0153ux\u00a0\u00bb,<\/p>\n<p style=\"text-align: justify;\">J\u2019ai choisi \u00ab\u00a0\u00e0 cause de l\u2019architecture et du b\u00e2timent et les m\u00e9tiers qui les entourent.\u00a0\u00bb<\/p>\n<p style=\"text-align: justify;\">\u00ab\u00a0Le m\u00e9tier d\u2019\u00e9conomiste de la construction, c\u2019\u00e9tait mon premier v\u0153u.\u00a0\u00bb<\/p>\n<\/blockquote>\n<h2 style=\"text-align: left;\">Qu\u2019est-ce qui a plu \u00e0 ces \u00e9l\u00e8ves depuis la rentr\u00e9e\u00a0?<\/h2>\n<blockquote>\n<p style=\"text-align: justify;\">\u00ab\u00a0J\u2019aime le travail sur Autocard parce que l\u2019on est autonome.\u00a0\u00bb<\/p>\n<\/blockquote>\n<blockquote>\n<p style=\"text-align: justify;\">\u00ab\u00a0Tout me pla\u00eet, m\u00eame si je rencontre parfois des difficult\u00e9s.\u00a0\u00bb<\/p>\n<\/blockquote>\n<blockquote>\n<p style=\"text-align: justify;\">\u00ab\u00a0Le dessin de plan, l\u2019histoire de l\u2019architecture et du m\u00e9tr\u00e9, tout me pla\u00eet.\u00a0\u00bb<\/p>\n<\/blockquote>\n<blockquote>\n<p style=\"text-align: justify;\">\u00ab\u00a0J\u2019ai aim\u00e9 faire des maisons en perspective avec de vraies mesures et j\u2019aime bien travailler avec les logiciels parce que c\u2019est mieux et plus facile.\u00a0\u00bb<\/p>\n<\/blockquote>\n<blockquote>\n<p style=\"text-align: justify;\">\u00ab\u00a0Les travaux qui m\u2019ont le plus plu c\u2019est celui de la maison que l\u2019on a dessin\u00e9e en 3D sur Sketchup en enseignement professionnel et les plans en 2D sur Autocad. Les logiciels permettent de dessiner plus proprement et de se corriger plus facilement.\u00a0\u00bb<\/p>\n<\/blockquote>\n<blockquote>\n<p style=\"text-align: justify;\">\u00ab\u00a0J\u2019aime autant l\u2019informatique que le dessin \u00e0 la main, c\u2019est juste que l\u2019informatique est plus rapide et plus pratique.\u00a0\u00bb \u00ab\u00a0Ce qui m\u2019a le plus plu depuis la rentr\u00e9e ce sont les dessins sur ordinateur et la lecture de plans pour effectuer des m\u00e9trages.\u00a0\u00bb<\/p>\n<\/blockquote>\n<blockquote>\n<p style=\"text-align: justify;\">\u00ab\u00a0On ne fait pas assez de conception, de mod\u00e9lisation et de plans pour des maisons.\u00a0\u00bb<\/p>\n<\/blockquote>\n<p style=\"text-align: justify;\">Les \u00e9l\u00e8ves sont tr\u00e8s motiv\u00e9s. Il n\u2019est donc pas tr\u00e8s \u00e9tonnant que si certains ont du mal \u00e0 chercher un stage, si certains sont encore un peu flottants, nombreux sont ceux qui savent dans quelles entreprises ils voudraient aller\u00a0:<\/p>\n<blockquote>\n<p style=\"text-align: justify;\">\u00ab\u00a0Une entreprise d\u2019architecture ou de construction de maison.\u00a0\u00bb<\/p>\n<p style=\"text-align: justify;\">\u00ab\u00a0Chez un \u00e9conomiste de la construction.\u00a0\u00bb<\/p>\n<p style=\"text-align: justify;\">\u00ab\u00a0Chez un architecte.\u00a0\u00bb<\/p>\n<\/blockquote>\n<h2 style=\"text-align: justify;\">\u00c0 40 ans, comment se voient les \u00e9l\u00e8ves\u00a0?<\/h2>\n<blockquote>\n<p style=\"text-align: justify;\">\u00ab\u00a0Je r\u00eave de faire architecte.\u00a0\u00bb<\/p>\n<p style=\"text-align: justify;\">\u00ab\u00a0Constructeur de maisons.\u00a0\u00bb<\/p>\n<p style=\"text-align: justify;\">\u00ab\u00a0\u00c9conomiste de la construction \u00e0 25 et \u00e0 40 ans.\u00a0\u00bb<\/p>\n<p style=\"text-align: justify;\">\u00ab\u00a0Footballeur\u00a0! Sinon \u00e9conomiste \u00e0 25 ans et propri\u00e9taire d\u2019entreprise \u00e0 40 ans.\u00a0\u00bb<\/p>\n<p style=\"text-align: justify;\">\u00ab\u00a0Quel m\u00e9tier\u00a0? Je ne sais pas, juste un m\u00e9tier o\u00f9 je suis \u00e9panoui et que j\u2019aime.\u00a0\u00bb<\/p>\n<\/blockquote>\n<h2 style=\"text-align: left;\">Pour y arriver, la poursuite d\u2019\u00e9tudes en BTS vient en premier.<\/h2>\n<p style=\"text-align: justify;\">Les \u00e9l\u00e8ves ont aussi envie de voyager pour d\u00e9couvrir d\u2019autres mani\u00e8re de travailler, d\u2019autres m\u00e9thodes et parfois parce qu\u2019ils pensent que la vie peut \u00eatre plus facile ailleurs, au Canada par exemple.<\/p>\n<p style=\"text-align: justify;\">Pour l\u2019instant, se tracent des espaces de r\u00eave sur les ordinateurs du premier \u00e9tage et qui sait, un jour dans lesquels nous habiterons\u00a0?<\/p>\n<p>&nbsp;<\/p>\n","protected":false},"excerpt":{"rendered":"<p>Cette ann\u00e9e \u00e0 Cuzin, il y a du neuf. Les TBEE sont devenus POP, TBEA. Ils suivent un tronc commun en seconde et s\u2019orientent progressivement. Que font donc ces \u00e9l\u00e8ves\u00a0?<\/p>\n","protected":false},"author":2,"featured_media":2542,"comment_status":"closed","ping_status":"open","sticky":false,"template":"","format":"standard","meta":{"jetpack_post_was_ever_published":false,"_jetpack_newsletter_access":"","_jetpack_dont_email_post_to_subs":false,"_jetpack_newsletter_tier_id":0,"_jetpack_memberships_contains_paywalled_content":false,"_jetpack_memberships_contains_paid_content":false,"footnotes":""},"categories":[7,36],"tags":[],"class_list":["post-2540","post","type-post","status-publish","format-standard","has-post-thumbnail","hentry","category-decouverte-professionnelle","category-un-lycee-pop"],"jetpack_sharing_enabled":true,"jetpack_featured_media_url":"https:\/\/gazette-lyceeandrecuzin.fr\/wp-content\/uploads\/2019\/03\/Dessin3DSketchup-e1552567720506.png","jetpack_shortlink":"https:\/\/wp.me\/paGPHf-EY","jetpack_likes_enabled":true,"_links":{"self":[{"href":"https:\/\/gazette-lyceeandrecuzin.fr\/index.php?rest_route=\/wp\/v2\/posts\/2540","targetHints":{"allow":["GET"]}}],"collection":[{"href":"https:\/\/gazette-lyceeandrecuzin.fr\/index.php?rest_route=\/wp\/v2\/posts"}],"about":[{"href":"https:\/\/gazette-lyceeandrecuzin.fr\/index.php?rest_route=\/wp\/v2\/types\/post"}],"author":[{"embeddable":true,"href":"https:\/\/gazette-lyceeandrecuzin.fr\/index.php?rest_route=\/wp\/v2\/users\/2"}],"replies":[{"embeddable":true,"href":"https:\/\/gazette-lyceeandrecuzin.fr\/index.php?rest_route=%2Fwp%2Fv2%2Fcomments&post=2540"}],"version-history":[{"count":5,"href":"https:\/\/gazette-lyceeandrecuzin.fr\/index.php?rest_route=\/wp\/v2\/posts\/2540\/revisions"}],"predecessor-version":[{"id":2547,"href":"https:\/\/gazette-lyceeandrecuzin.fr\/index.php?rest_route=\/wp\/v2\/posts\/2540\/revisions\/2547"}],"wp:featuredmedia":[{"embeddable":true,"href":"https:\/\/gazette-lyceeandrecuzin.fr\/index.php?rest_route=\/wp\/v2\/media\/2542"}],"wp:attachment":[{"href":"https:\/\/gazette-lyceeandrecuzin.fr\/index.php?rest_route=%2Fwp%2Fv2%2Fmedia&parent=2540"}],"wp:term":[{"taxonomy":"category","embeddable":true,"href":"https:\/\/gazette-lyceeandrecuzin.fr\/index.php?rest_route=%2Fwp%2Fv2%2Fcategories&post=2540"},{"taxonomy":"post_tag","embeddable":true,"href":"https:\/\/gazette-lyceeandrecuzin.fr\/index.php?rest_route=%2Fwp%2Fv2%2Ftags&post=2540"}],"curies":[{"name":"wp","href":"https:\/\/api.w.org\/{rel}","templated":true}]}}