{"id":241,"date":"2016-03-08T16:19:03","date_gmt":"2016-03-08T15:19:03","guid":{"rendered":"https:\/\/gazettelpcuzin.wordpress.com\/?p=241"},"modified":"2019-02-08T14:45:16","modified_gmt":"2019-02-08T13:45:16","slug":"fugue-de-samuel-achache-intrigant-et-drole","status":"publish","type":"post","link":"https:\/\/gazette-lyceeandrecuzin.fr\/?p=241","title":{"rendered":"Fugue de Samuel Achache : intrigant et dr\u00f4le"},"content":{"rendered":"<p style=\"text-align: justify;\"><strong>Jeudi 14 d\u00e9cembre, au th\u00e9\u00e2tre de la Croix-Rousse, les \u00e9l\u00e8ves de 1TISEC ont assist\u00e9 \u00e0 une repr\u00e9sentation de <em>Fugue<\/em> au th\u00e9\u00e2tre de la Croix Rousse, une histoire chant\u00e9e d\u2019explorateurs un peu (tr\u00e8s) fous perdus dans une station en Antarctique.<\/strong><\/p>\n<p>&nbsp;<\/p>\n<p style=\"text-align: justify;\"><!--more--><\/p>\n<p style=\"text-align: justify;\">Il y avait beaucoup de neige sur le plateau, toute la surface est enneig\u00e9e, la sc\u00e8ne se situe au p\u00f4le sud. On avait tous froid. C\u00f4t\u00e9 jardin, il y avait un tronc d\u2019arbre d\u00e9charn\u00e9 et un peu d\u00e9primant. C\u00f4t\u00e9 cour, il y avait une maisonnette avec seulement en mur de fond pour que les spectateurs puissent voir ce qui se passe \u00e0 l\u2019int\u00e9rieur. Il y avait des fen\u00eatres, un lit de camp, une baignoire bleue, un bureau, un semblant de cuisine. Mais aussi un piano, une batterie, un violoncelle, une guitare, une clarinette, une trompette, un violon : chaque sc\u00e8ne comporte un moment musical et un moment chant\u00e9. Tous les savants savaient chanter et jouer d\u2019un instrument.<br \/>\nIls cherchaient un lac \u00e0 des milliers de m\u00e8tres sous la glace. Il y a l\u00e0 une fille et trois gar\u00e7ons. Ils sont loin des zones habit\u00e9es normalement par les humains et isol\u00e9s. Ils doivent cohabiter dans un espace tr\u00e8s exigu et ce n\u2019est pas facile quand prendre l\u2019air dehors s\u2019av\u00e8re tr\u00e8s difficile et tr\u00e8s dangereux. La fille est devenue chef d\u2019exp\u00e9dition, elle tient un journal de compte rendu technique et scientifique. Parfois elle dit ce qu\u2019elle pense, l\u00e0 le ton change.<br \/>\nLe fant\u00f4me de son compagnon vient lui rendre visite ce qui l\u2019agace. Elle voudrait qu\u2019il soit mort pour de bon et refaire sa vie. Elle a un nouvel amoureux qui torture volontiers son stagiaire, Baudoin. Ils boivent pas mal. Chaque chanson refl\u00e8te leur \u00e9tat d\u2019esprit et leurs r\u00e9flexions.<\/p>\n<p>&nbsp;<\/p>\n<figure id=\"attachment_244\" aria-describedby=\"caption-attachment-244\" style=\"width: 336px\" class=\"wp-caption alignnone\"><img fetchpriority=\"high\" decoding=\"async\" class=\" wp-image-244\" src=\"https:\/\/gazettelpcuzin.files.wordpress.com\/2016\/03\/c-jean-louis-fernandez_carrousel_spectacle.jpg?w=300\" alt=\"Photo. de Jean-Louis Fernandez\" width=\"336\" height=\"176\" \/><figcaption id=\"caption-attachment-244\" class=\"wp-caption-text\">Photo. de Jean-Louis Fernandez<\/figcaption><\/figure>\n<p style=\"text-align: justify;\">La pi\u00e8ce est plut\u00f4t comique, \u00e0 un moment donn\u00e9, un des chanteur-com\u00e9dien-musicien-savant-fou, le fant\u00f4me se d\u00e9shabille et se fabrique un maillot de bain avec du ruban adh\u00e9sif noir de chantier (a\u00efe les poils) \u2026 avant de plonger dans la baignoire du haut d\u2019un escabeau. Julien salue son courage, il n\u2019en ferait pas autant ! On a mal pour lui tout au long de la sc\u00e8ne tout en riant quand m\u00eame.<br \/>\nEn fait on ne comprend pas tr\u00e8s bien l\u2019histoire, elle parle d\u2019amour et de mort, il y a un des savants un peu obsessionnels qui meurent de froid au cours de leurs explorations, un revenant amoureux et ils chantent des airs \u00ab classiques \u00bb. C\u2019est \u00e9trange, tout semble absurde tout en \u00e9tant un peu inqui\u00e9tant.<\/p>\n<p style=\"text-align: justify;\">David a bien aim\u00e9 la pi\u00e8ce parce que tout bouge tout le temps et qu\u2019elle est tr\u00e8s dr\u00f4le. Julien a trouv\u00e9 la joie des com\u00e9diens communicative et appr\u00e9cie leur humour. Pour Tanguy, la pi\u00e8ce ne se contente pas d\u2019\u00eatre loufoque, elle permet de se poser des questions sur les objectifs que l\u2019on se donne dans la vie, sur la complicit\u00e9 que l\u2019on a avec les autres, sur l\u2019amour. Pour lui, la pi\u00e8ce montre aussi que dans la folie, il y a une forme d\u2019intelligence parce que ces personnages fous nous font r\u00e9fl\u00e9chir.<\/p>\n<figure id=\"attachment_243\" aria-describedby=\"caption-attachment-243\" style=\"width: 376px\" class=\"wp-caption alignnone\"><img decoding=\"async\" class=\" wp-image-243\" src=\"https:\/\/gazettelpcuzin.files.wordpress.com\/2016\/03\/c-jean-louis-fernandez_fugue.jpg?w=300\" alt=\"Photo. de Jean-Louis Fernandez\" width=\"376\" height=\"197\" srcset=\"https:\/\/gazette-lyceeandrecuzin.fr\/wp-content\/uploads\/2016\/03\/c-jean-louis-fernandez_fugue.jpg 670w, https:\/\/gazette-lyceeandrecuzin.fr\/wp-content\/uploads\/2016\/03\/c-jean-louis-fernandez_fugue-300x157.jpg 300w\" sizes=\"(max-width: 376px) 100vw, 376px\" \/><figcaption id=\"caption-attachment-243\" class=\"wp-caption-text\">Photo. de Jean-Louis Fernandez<\/figcaption><\/figure>\n<p>&nbsp;<\/p>\n<p>Toute la classe vous recommande ce spectacle, dont vous trouvez un extrait sur le site du th\u00e9\u00e2tre de la Croix-Rousse :<\/p>\n<p><a href=\"http:\/\/www.croix-rousse.com\/saison-15.16\/spectacles\/Fugue\">http:\/\/www.croix-rousse.com\/saison-15.16\/spectacles\/Fugue<\/a><\/p>\n","protected":false},"excerpt":{"rendered":"<p>Jeudi 14 d\u00e9cembre, au th\u00e9\u00e2tre de la Croix-Rousse, les \u00e9l\u00e8ves de 1TISEC ont assist\u00e9 \u00e0 une repr\u00e9sentation de Fugue au th\u00e9\u00e2tre de la Croix Rousse, une histoire chant\u00e9e d\u2019explorateurs un<\/p>\n","protected":false},"author":2,"featured_media":244,"comment_status":"closed","ping_status":"closed","sticky":false,"template":"","format":"standard","meta":{"jetpack_post_was_ever_published":false,"_jetpack_newsletter_access":"","_jetpack_dont_email_post_to_subs":false,"_jetpack_newsletter_tier_id":0,"_jetpack_memberships_contains_paywalled_content":false,"_jetpack_memberships_contains_paid_content":false,"footnotes":""},"categories":[3,24],"tags":[],"class_list":["post-241","post","type-post","status-publish","format-standard","has-post-thumbnail","hentry","category-culture","category-theatre"],"jetpack_sharing_enabled":false,"jetpack_featured_media_url":"https:\/\/gazette-lyceeandrecuzin.fr\/wp-content\/uploads\/2016\/03\/c-jean-louis-fernandez_carrousel_spectacle-e1545135736794.jpg","jetpack_shortlink":"https:\/\/wp.me\/paGPHf-3T","jetpack_likes_enabled":true,"_links":{"self":[{"href":"https:\/\/gazette-lyceeandrecuzin.fr\/index.php?rest_route=\/wp\/v2\/posts\/241","targetHints":{"allow":["GET"]}}],"collection":[{"href":"https:\/\/gazette-lyceeandrecuzin.fr\/index.php?rest_route=\/wp\/v2\/posts"}],"about":[{"href":"https:\/\/gazette-lyceeandrecuzin.fr\/index.php?rest_route=\/wp\/v2\/types\/post"}],"author":[{"embeddable":true,"href":"https:\/\/gazette-lyceeandrecuzin.fr\/index.php?rest_route=\/wp\/v2\/users\/2"}],"replies":[{"embeddable":true,"href":"https:\/\/gazette-lyceeandrecuzin.fr\/index.php?rest_route=%2Fwp%2Fv2%2Fcomments&post=241"}],"version-history":[{"count":3,"href":"https:\/\/gazette-lyceeandrecuzin.fr\/index.php?rest_route=\/wp\/v2\/posts\/241\/revisions"}],"predecessor-version":[{"id":2452,"href":"https:\/\/gazette-lyceeandrecuzin.fr\/index.php?rest_route=\/wp\/v2\/posts\/241\/revisions\/2452"}],"wp:featuredmedia":[{"embeddable":true,"href":"https:\/\/gazette-lyceeandrecuzin.fr\/index.php?rest_route=\/wp\/v2\/media\/244"}],"wp:attachment":[{"href":"https:\/\/gazette-lyceeandrecuzin.fr\/index.php?rest_route=%2Fwp%2Fv2%2Fmedia&parent=241"}],"wp:term":[{"taxonomy":"category","embeddable":true,"href":"https:\/\/gazette-lyceeandrecuzin.fr\/index.php?rest_route=%2Fwp%2Fv2%2Fcategories&post=241"},{"taxonomy":"post_tag","embeddable":true,"href":"https:\/\/gazette-lyceeandrecuzin.fr\/index.php?rest_route=%2Fwp%2Fv2%2Ftags&post=241"}],"curies":[{"name":"wp","href":"https:\/\/api.w.org\/{rel}","templated":true}]}}