{"id":208,"date":"2016-03-07T11:44:26","date_gmt":"2016-03-07T10:44:26","guid":{"rendered":"https:\/\/gazettelpcuzin.wordpress.com\/?p=208"},"modified":"2019-02-08T14:46:20","modified_gmt":"2019-02-08T13:46:20","slug":"chantier-de-restructuration-de-lancien-atelier-de-miroiterie-cote-charpente","status":"publish","type":"post","link":"https:\/\/gazette-lyceeandrecuzin.fr\/?p=208","title":{"rendered":"Chantier de restructuration de l&rsquo;ancien atelier de miroiterie : c\u00f4t\u00e9 charpente"},"content":{"rendered":"<p style=\"text-align: justify;\"><strong>Entre 2013 et 2016, les \u00e9l\u00e8ves de l&rsquo;atelier de charpente construction bois, ont men\u00e9 une restructuration de l&rsquo;ancien espace d\u00e9di\u00e9 \u00e0 la miroiterie. R\u00e9cit d&rsquo;une r\u00e9alisation aussi professionnelle que p\u00e9dagogique.<\/strong><\/p>\n<p>&nbsp;<\/p>\n<p><!--more--><\/p>\n<p>&nbsp;<\/p>\n<p style=\"text-align: justify;\"><strong>Avant<\/strong> <img fetchpriority=\"high\" decoding=\"async\" class=\"alignnone wp-image-210\" src=\"https:\/\/gazettelpcuzin.files.wordpress.com\/2016\/03\/1.jpg?w=300\" alt=\"L'atelier de miroiterie avant travaux\" width=\"393\" height=\"295\" srcset=\"https:\/\/gazette-lyceeandrecuzin.fr\/wp-content\/uploads\/2016\/03\/1.jpg 3072w, https:\/\/gazette-lyceeandrecuzin.fr\/wp-content\/uploads\/2016\/03\/1-300x225.jpg 300w, https:\/\/gazette-lyceeandrecuzin.fr\/wp-content\/uploads\/2016\/03\/1-768x576.jpg 768w, https:\/\/gazette-lyceeandrecuzin.fr\/wp-content\/uploads\/2016\/03\/1-1024x768.jpg 1024w\" sizes=\"(max-width: 393px) 100vw, 393px\" \/><\/p>\n<p style=\"text-align: justify;\"><strong>Apr\u00e8s<\/strong><strong><img decoding=\"async\" class=\"alignnone wp-image-228\" src=\"https:\/\/gazettelpcuzin.files.wordpress.com\/2016\/03\/19.jpg?w=300\" alt=\"Le chantier termin\u00e9\" width=\"400\" height=\"300\" \/><\/strong><\/p>\n<p style=\"text-align: justify;\">En 2013 l&rsquo;atelier de miroiterie du lyc\u00e9e Andr\u00e9 Cuzin a ferm\u00e9. Un nouvel espace \u00e9tait alors disponible, mais pour qui ? Apr\u00e8s une \u00e9valuation des besoins internes, l&rsquo;\u00e9tablissement a opt\u00e9 pour l&rsquo;am\u00e9nagement d&rsquo;extension des espaces d\u00e9di\u00e9s au Gros \u0152uvre et \u00e0 l&rsquo;Energ\u00e9tique. Il \u00e9tait alors n\u00e9cessaire de restructurer enti\u00e8rement l&rsquo;atelier de miroiterie.<br \/>\nDans le cadre de ce projet, l&rsquo;atelier de Charpente s&rsquo;est charg\u00e9 d&rsquo;une cloison \u00e0 ossature bois d\u00e9limitant les espaces d\u00e9di\u00e9s au Gros \u0152uvre et \u00e0 l&rsquo;Energ\u00e9tique. Elle devait \u00eatre r\u00e9alis\u00e9e en s&rsquo;int\u00e9grant \u00e0 l&rsquo;infrastructure en b\u00e9ton qui existait d\u00e9j\u00e0.<\/p>\n<p style=\"text-align: justify;\"><span style=\"text-decoration: underline;\"><strong>Conception :<\/strong><\/span><\/p>\n<p style=\"text-align: justify;\">Le travail a commenc\u00e9 par une phase d&rsquo;\u00e9tude. Le professeur a mis ses \u00e9l\u00e8ves au travail. Ils ont, sous sa conduite, dessin\u00e9 des plans de fabrication. Puis ils ont chiffr\u00e9 la mati\u00e8re d&rsquo;\u0153uvre, de mani\u00e8re \u00e0 \u00e9laborer un devis comme le font les professionnels.<\/p>\n<figure id=\"attachment_211\" aria-describedby=\"caption-attachment-211\" style=\"width: 421px\" class=\"wp-caption alignnone\"><img decoding=\"async\" class=\"wp-image-211 \" src=\"https:\/\/gazettelpcuzin.files.wordpress.com\/2016\/03\/2.jpg?w=300\" alt=\"\" width=\"421\" height=\"163\" srcset=\"https:\/\/gazette-lyceeandrecuzin.fr\/wp-content\/uploads\/2016\/03\/2.jpg 6534w, https:\/\/gazette-lyceeandrecuzin.fr\/wp-content\/uploads\/2016\/03\/2-300x116.jpg 300w, https:\/\/gazette-lyceeandrecuzin.fr\/wp-content\/uploads\/2016\/03\/2-768x297.jpg 768w, https:\/\/gazette-lyceeandrecuzin.fr\/wp-content\/uploads\/2016\/03\/2-1024x396.jpg 1024w\" sizes=\"(max-width: 421px) 100vw, 421px\" \/><figcaption id=\"caption-attachment-211\" class=\"wp-caption-text\">Conception du mur, assist\u00e9 par ordinateur<\/figcaption><\/figure>\n<figure id=\"attachment_212\" aria-describedby=\"caption-attachment-212\" style=\"width: 360px\" class=\"wp-caption alignnone\"><img loading=\"lazy\" decoding=\"async\" class=\"wp-image-212 \" src=\"https:\/\/gazettelpcuzin.files.wordpress.com\/2016\/03\/3.jpg?w=300\" alt=\"\" width=\"360\" height=\"211\" srcset=\"https:\/\/gazette-lyceeandrecuzin.fr\/wp-content\/uploads\/2016\/03\/3.jpg 7092w, https:\/\/gazette-lyceeandrecuzin.fr\/wp-content\/uploads\/2016\/03\/3-300x176.jpg 300w, https:\/\/gazette-lyceeandrecuzin.fr\/wp-content\/uploads\/2016\/03\/3-768x450.jpg 768w, https:\/\/gazette-lyceeandrecuzin.fr\/wp-content\/uploads\/2016\/03\/3-1024x599.jpg 1024w\" sizes=\"(max-width: 360px) 100vw, 360px\" \/><figcaption id=\"caption-attachment-212\" class=\"wp-caption-text\">Perspective \u00e9clat\u00e9e pour voir la composition de l&rsquo;ouvrage<\/figcaption><\/figure>\n<p style=\"text-align: justify;\"><span style=\"text-decoration: underline;\"><strong>Fabrication et montage :<\/strong><\/span><\/p>\n<p style=\"text-align: justify;\">Le projet con\u00e7u, les \u00e9l\u00e8ves se sont attel\u00e9s \u00e0 la fabrication des pans de murs. Dans un premier temps, ils ont pilot\u00e9 un centre d&rsquo;usinage num\u00e9ris\u00e9. Il s&rsquo;agit d&rsquo;une machine qui peut tailler toutes les pi\u00e8ces de bois n\u00e9cessaires \u00e0 l&rsquo;aide d\u2019un logiciel de dessin assist\u00e9 par ordinateur (cadwork). Les \u00e9l\u00e8ves ont ainsi pu tailler l&rsquo;ensemble des pi\u00e8ces en manipulant les technologies les plus actuelles. Dans un second temps, ils ont proc\u00e9d\u00e9 au montage des murs, guid\u00e9s gr\u00e2ce au plan et sous la surveillance de l\u2019enseignant. Les pi\u00e8ces d\u00e9tach\u00e9es ont \u00e9t\u00e9 assembl\u00e9es \u00e0 l&rsquo;atelier de charpente, au sol. L&rsquo;ossature a \u00e9t\u00e9 mont\u00e9e puis recouverte de panneaux OSB. Les modules de murs pouvaient alors partir \u00e0 l&rsquo;atelier de miroiterie pour \u00eatre install\u00e9s.<\/p>\n<figure id=\"attachment_213\" aria-describedby=\"caption-attachment-213\" style=\"width: 299px\" class=\"wp-caption alignleft\"><img loading=\"lazy\" decoding=\"async\" class=\"wp-image-213\" src=\"https:\/\/gazettelpcuzin.files.wordpress.com\/2016\/03\/copie-de-4.jpg?w=300\" alt=\"\" width=\"299\" height=\"224\" srcset=\"https:\/\/gazette-lyceeandrecuzin.fr\/wp-content\/uploads\/2016\/03\/copie-de-4.jpg 3072w, https:\/\/gazette-lyceeandrecuzin.fr\/wp-content\/uploads\/2016\/03\/copie-de-4-300x225.jpg 300w, https:\/\/gazette-lyceeandrecuzin.fr\/wp-content\/uploads\/2016\/03\/copie-de-4-768x576.jpg 768w, https:\/\/gazette-lyceeandrecuzin.fr\/wp-content\/uploads\/2016\/03\/copie-de-4-1024x768.jpg 1024w\" sizes=\"(max-width: 299px) 100vw, 299px\" \/><figcaption id=\"caption-attachment-213\" class=\"wp-caption-text\">Fabrication et montage des pans de murs<\/figcaption><\/figure>\n<p>&nbsp;<\/p>\n<p>&nbsp;<\/p>\n<p>&nbsp;<\/p>\n<p>&nbsp;<\/p>\n<p>&nbsp;<\/p>\n<p>&nbsp;<\/p>\n<figure id=\"attachment_221\" aria-describedby=\"caption-attachment-221\" style=\"width: 301px\" class=\"wp-caption alignleft\"><img loading=\"lazy\" decoding=\"async\" class=\"wp-image-221\" src=\"https:\/\/gazettelpcuzin.files.wordpress.com\/2016\/03\/12.jpg?w=300\" alt=\"\" width=\"301\" height=\"182\" srcset=\"https:\/\/gazette-lyceeandrecuzin.fr\/wp-content\/uploads\/2016\/03\/12.jpg 3072w, https:\/\/gazette-lyceeandrecuzin.fr\/wp-content\/uploads\/2016\/03\/12-300x181.jpg 300w, https:\/\/gazette-lyceeandrecuzin.fr\/wp-content\/uploads\/2016\/03\/12-768x464.jpg 768w, https:\/\/gazette-lyceeandrecuzin.fr\/wp-content\/uploads\/2016\/03\/12-1024x618.jpg 1024w, https:\/\/gazette-lyceeandrecuzin.fr\/wp-content\/uploads\/2016\/03\/12-2000x1200.jpg 2000w\" sizes=\"(max-width: 301px) 100vw, 301px\" \/><figcaption id=\"caption-attachment-221\" class=\"wp-caption-text\">Reconstitution des modules r\u00e9alis\u00e9s en atelier charpente sur le site de pose<\/figcaption><\/figure>\n<p>&nbsp;<\/p>\n<p>&nbsp;<\/p>\n<p>&nbsp;<\/p>\n<p>&nbsp;<\/p>\n<p>&nbsp;<\/p>\n<p>&nbsp;<\/p>\n<figure id=\"attachment_249\" aria-describedby=\"caption-attachment-249\" style=\"width: 300px\" class=\"wp-caption alignnone\"><img loading=\"lazy\" decoding=\"async\" class=\"wp-image-249 size-medium\" src=\"https:\/\/gazettelpcuzin.files.wordpress.com\/2016\/03\/copie-de-5.jpg?w=300\" alt=\"\" width=\"300\" height=\"225\" \/><figcaption id=\"caption-attachment-249\" class=\"wp-caption-text\">Mise \u00e0 niveau et fixation de la semelle d\u2019assise<\/figcaption><\/figure>\n<p style=\"text-align: justify;\"><strong><span style=\"text-decoration: underline;\">Le Levage :<\/span> <\/strong><\/p>\n<p style=\"text-align: justify;\">A l&rsquo;atelier de miroiterie, les pans de murs ont \u00e9t\u00e9 lev\u00e9s pour \u00eatre install\u00e9s. Il s&rsquo;agit d&rsquo;une op\u00e9ration d\u00e9licate puisque les modules sont lourds et les \u00e9l\u00e8ves se doivent d&rsquo;\u00eatre pr\u00e9cis et tr\u00e8s minutieux.<\/p>\n<figure id=\"attachment_250\" aria-describedby=\"caption-attachment-250\" style=\"width: 333px\" class=\"wp-caption alignnone\"><img loading=\"lazy\" decoding=\"async\" class=\"wp-image-250\" src=\"https:\/\/gazettelpcuzin.files.wordpress.com\/2016\/03\/copie-de-6.jpg?w=300\" alt=\"\" width=\"333\" height=\"250\" \/><figcaption id=\"caption-attachment-250\" class=\"wp-caption-text\">Levage d\u2019un module \u00e0 l\u2019aide du chariot \u00e9l\u00e9vateur<\/figcaption><\/figure>\n<figure id=\"attachment_223\" aria-describedby=\"caption-attachment-223\" style=\"width: 333px\" class=\"wp-caption alignnone\"><img loading=\"lazy\" decoding=\"async\" class=\"wp-image-223 \" src=\"https:\/\/gazettelpcuzin.files.wordpress.com\/2016\/03\/copie-de-14.jpg?w=300\" alt=\"\" width=\"333\" height=\"250\" srcset=\"https:\/\/gazette-lyceeandrecuzin.fr\/wp-content\/uploads\/2016\/03\/copie-de-14.jpg 3072w, https:\/\/gazette-lyceeandrecuzin.fr\/wp-content\/uploads\/2016\/03\/copie-de-14-300x225.jpg 300w, https:\/\/gazette-lyceeandrecuzin.fr\/wp-content\/uploads\/2016\/03\/copie-de-14-768x576.jpg 768w, https:\/\/gazette-lyceeandrecuzin.fr\/wp-content\/uploads\/2016\/03\/copie-de-14-1024x768.jpg 1024w\" sizes=\"(max-width: 333px) 100vw, 333px\" \/><figcaption id=\"caption-attachment-223\" class=\"wp-caption-text\">Levage d\u2019un pan de mur \u00e0 l\u2019aide d&rsquo;un chariot \u00e9l\u00e9vateur et de sangles<\/figcaption><\/figure>\n<figure id=\"attachment_217\" aria-describedby=\"caption-attachment-217\" style=\"width: 331px\" class=\"wp-caption alignnone\"><img loading=\"lazy\" decoding=\"async\" class=\" wp-image-217\" src=\"https:\/\/gazettelpcuzin.files.wordpress.com\/2016\/03\/8.jpg?w=300\" alt=\"Stabilisation et fixation d\u00e9finitive des pans de murs\" width=\"331\" height=\"248\" srcset=\"https:\/\/gazette-lyceeandrecuzin.fr\/wp-content\/uploads\/2016\/03\/8.jpg 3072w, https:\/\/gazette-lyceeandrecuzin.fr\/wp-content\/uploads\/2016\/03\/8-300x225.jpg 300w, https:\/\/gazette-lyceeandrecuzin.fr\/wp-content\/uploads\/2016\/03\/8-768x576.jpg 768w, https:\/\/gazette-lyceeandrecuzin.fr\/wp-content\/uploads\/2016\/03\/8-1024x768.jpg 1024w\" sizes=\"(max-width: 331px) 100vw, 331px\" \/><figcaption id=\"caption-attachment-217\" class=\"wp-caption-text\">Stabilisation et fixation d\u00e9finitive des pans de murs<\/figcaption><\/figure>\n<figure id=\"attachment_237\" aria-describedby=\"caption-attachment-237\" style=\"width: 327px\" class=\"wp-caption alignnone\"><img loading=\"lazy\" decoding=\"async\" class=\"wp-image-237 \" src=\"https:\/\/gazettelpcuzin.files.wordpress.com\/2016\/03\/copie-de-15.jpg?w=300\" alt=\"L\u2019\u00e9l\u00e8ve ajuste la position du mur\" width=\"327\" height=\"245\" srcset=\"https:\/\/gazette-lyceeandrecuzin.fr\/wp-content\/uploads\/2016\/03\/copie-de-15.jpg 3072w, https:\/\/gazette-lyceeandrecuzin.fr\/wp-content\/uploads\/2016\/03\/copie-de-15-300x225.jpg 300w, https:\/\/gazette-lyceeandrecuzin.fr\/wp-content\/uploads\/2016\/03\/copie-de-15-768x576.jpg 768w, https:\/\/gazette-lyceeandrecuzin.fr\/wp-content\/uploads\/2016\/03\/copie-de-15-1024x768.jpg 1024w\" sizes=\"(max-width: 327px) 100vw, 327px\" \/><figcaption id=\"caption-attachment-237\" class=\"wp-caption-text\">L\u2019\u00e9l\u00e8ve ajuste la position du mur<\/figcaption><\/figure>\n<figure id=\"attachment_225\" aria-describedby=\"caption-attachment-225\" style=\"width: 325px\" class=\"wp-caption alignnone\"><img loading=\"lazy\" decoding=\"async\" class=\"wp-image-225 \" src=\"https:\/\/gazettelpcuzin.files.wordpress.com\/2016\/03\/16.jpg?w=300\" alt=\"\" width=\"325\" height=\"244\" srcset=\"https:\/\/gazette-lyceeandrecuzin.fr\/wp-content\/uploads\/2016\/03\/16.jpg 3072w, https:\/\/gazette-lyceeandrecuzin.fr\/wp-content\/uploads\/2016\/03\/16-300x225.jpg 300w, https:\/\/gazette-lyceeandrecuzin.fr\/wp-content\/uploads\/2016\/03\/16-768x576.jpg 768w, https:\/\/gazette-lyceeandrecuzin.fr\/wp-content\/uploads\/2016\/03\/16-1024x768.jpg 1024w\" sizes=\"(max-width: 325px) 100vw, 325px\" \/><figcaption id=\"caption-attachment-225\" class=\"wp-caption-text\">Levage d\u2019un pan de mur au second niveau<\/figcaption><\/figure>\n<p style=\"text-align: justify;\"><span style=\"text-decoration: underline;\"><strong>L&rsquo;isolation et finition :<\/strong><\/span><\/p>\n<p style=\"text-align: justify;\">Apr\u00e8s le levage, une laine de roche a \u00e9t\u00e9 pos\u00e9e pour \u00e9viter les nuisances sonores entre les deux espaces. Ensuite les parements, en panneaux OSB, sont venus rev\u00eatir les murs. Pour faire le joint entre le b\u00e9ton et l&rsquo;ossature en bois, les \u00e9l\u00e8ves ont pos\u00e9 des couvres joints et des plinthes.<\/p>\n<figure id=\"attachment_218\" aria-describedby=\"caption-attachment-218\" style=\"width: 320px\" class=\"wp-caption alignnone\"><img loading=\"lazy\" decoding=\"async\" class=\"wp-image-218 \" src=\"https:\/\/gazettelpcuzin.files.wordpress.com\/2016\/03\/copie-de-9.jpg?w=300\" alt=\"\" width=\"320\" height=\"240\" srcset=\"https:\/\/gazette-lyceeandrecuzin.fr\/wp-content\/uploads\/2016\/03\/copie-de-9.jpg 3072w, https:\/\/gazette-lyceeandrecuzin.fr\/wp-content\/uploads\/2016\/03\/copie-de-9-300x225.jpg 300w, https:\/\/gazette-lyceeandrecuzin.fr\/wp-content\/uploads\/2016\/03\/copie-de-9-768x576.jpg 768w, https:\/\/gazette-lyceeandrecuzin.fr\/wp-content\/uploads\/2016\/03\/copie-de-9-1024x768.jpg 1024w\" sizes=\"(max-width: 320px) 100vw, 320px\" \/><figcaption id=\"caption-attachment-218\" class=\"wp-caption-text\">Pose de l\u2019isolation<\/figcaption><\/figure>\n<p style=\"text-align: justify;\"><span style=\"text-decoration: underline;\"><strong>Les vitrages :<\/strong><\/span><\/p>\n<p style=\"text-align: justify;\">Il ne manquait plus que les baies vitr\u00e9es mais il y en avait vingt-cinq ! Les \u00e9l\u00e8ves ont r\u00e9alis\u00e9 les ch\u00e2ssis en atelier de charpente puis les ont pos\u00e9s.<\/p>\n<figure id=\"attachment_226\" aria-describedby=\"caption-attachment-226\" style=\"width: 308px\" class=\"wp-caption alignnone\"><img loading=\"lazy\" decoding=\"async\" class=\"wp-image-226 \" src=\"https:\/\/gazettelpcuzin.files.wordpress.com\/2016\/03\/17.jpg?w=300\" alt=\"\" width=\"308\" height=\"231\" srcset=\"https:\/\/gazette-lyceeandrecuzin.fr\/wp-content\/uploads\/2016\/03\/17.jpg 3072w, https:\/\/gazette-lyceeandrecuzin.fr\/wp-content\/uploads\/2016\/03\/17-300x225.jpg 300w, https:\/\/gazette-lyceeandrecuzin.fr\/wp-content\/uploads\/2016\/03\/17-768x576.jpg 768w, https:\/\/gazette-lyceeandrecuzin.fr\/wp-content\/uploads\/2016\/03\/17-1024x768.jpg 1024w\" sizes=\"(max-width: 308px) 100vw, 308px\" \/><figcaption id=\"caption-attachment-226\" class=\"wp-caption-text\">Fabrication des ch\u00e2ssis en atelier<\/figcaption><\/figure>\n<figure id=\"attachment_227\" aria-describedby=\"caption-attachment-227\" style=\"width: 308px\" class=\"wp-caption alignnone\"><img loading=\"lazy\" decoding=\"async\" class=\"wp-image-227 \" src=\"https:\/\/gazettelpcuzin.files.wordpress.com\/2016\/03\/18.jpg?w=300\" alt=\"\" width=\"308\" height=\"231\" srcset=\"https:\/\/gazette-lyceeandrecuzin.fr\/wp-content\/uploads\/2016\/03\/18.jpg 3072w, https:\/\/gazette-lyceeandrecuzin.fr\/wp-content\/uploads\/2016\/03\/18-300x225.jpg 300w, https:\/\/gazette-lyceeandrecuzin.fr\/wp-content\/uploads\/2016\/03\/18-768x576.jpg 768w, https:\/\/gazette-lyceeandrecuzin.fr\/wp-content\/uploads\/2016\/03\/18-1024x768.jpg 1024w\" sizes=\"(max-width: 308px) 100vw, 308px\" \/><figcaption id=\"caption-attachment-227\" class=\"wp-caption-text\">Pose des ch\u00e2ssis vitr\u00e9s<\/figcaption><\/figure>\n<p>Les \u00e9l\u00e8ves ont ainsi pu r\u00e9aliser un chantier digne de ceux que r\u00e9alisent les charpentiers professionnels. Ils \u00e9taient fiers d&rsquo;eux.<\/p>\n<p>&nbsp;<\/p>\n<figure id=\"attachment_219\" aria-describedby=\"caption-attachment-219\" style=\"width: 303px\" class=\"wp-caption alignnone\"><img loading=\"lazy\" decoding=\"async\" class=\"wp-image-219 \" src=\"https:\/\/gazettelpcuzin.files.wordpress.com\/2016\/03\/10.jpg?w=300\" alt=\"\" width=\"303\" height=\"227\" srcset=\"https:\/\/gazette-lyceeandrecuzin.fr\/wp-content\/uploads\/2016\/03\/10.jpg 3072w, https:\/\/gazette-lyceeandrecuzin.fr\/wp-content\/uploads\/2016\/03\/10-300x225.jpg 300w, https:\/\/gazette-lyceeandrecuzin.fr\/wp-content\/uploads\/2016\/03\/10-768x576.jpg 768w, https:\/\/gazette-lyceeandrecuzin.fr\/wp-content\/uploads\/2016\/03\/10-1024x768.jpg 1024w\" sizes=\"(max-width: 303px) 100vw, 303px\" \/><figcaption id=\"caption-attachment-219\" class=\"wp-caption-text\">Les \u00e9l\u00e8ves travaillent en hauteur \u00e0 l&rsquo;aide d&rsquo;un \u00e9chafaudage<\/figcaption><\/figure>\n<figure id=\"attachment_220\" aria-describedby=\"caption-attachment-220\" style=\"width: 300px\" class=\"wp-caption alignnone\"><img loading=\"lazy\" decoding=\"async\" class=\"wp-image-220 size-medium\" src=\"https:\/\/gazettelpcuzin.files.wordpress.com\/2016\/03\/11.jpg?w=300\" alt=\"\" width=\"300\" height=\"225\" srcset=\"https:\/\/gazette-lyceeandrecuzin.fr\/wp-content\/uploads\/2016\/03\/11.jpg 3072w, https:\/\/gazette-lyceeandrecuzin.fr\/wp-content\/uploads\/2016\/03\/11-300x225.jpg 300w, https:\/\/gazette-lyceeandrecuzin.fr\/wp-content\/uploads\/2016\/03\/11-768x576.jpg 768w, https:\/\/gazette-lyceeandrecuzin.fr\/wp-content\/uploads\/2016\/03\/11-1024x768.jpg 1024w\" sizes=\"(max-width: 300px) 100vw, 300px\" \/><figcaption id=\"caption-attachment-220\" class=\"wp-caption-text\">Vue de l&rsquo;ossature dans sa hauteur<\/figcaption><\/figure>\n<figure id=\"attachment_222\" aria-describedby=\"caption-attachment-222\" style=\"width: 300px\" class=\"wp-caption alignnone\"><img loading=\"lazy\" decoding=\"async\" class=\"wp-image-222 size-medium\" src=\"https:\/\/gazettelpcuzin.files.wordpress.com\/2016\/03\/13.jpg?w=300\" alt=\"\" width=\"300\" height=\"225\" srcset=\"https:\/\/gazette-lyceeandrecuzin.fr\/wp-content\/uploads\/2016\/03\/13.jpg 3072w, https:\/\/gazette-lyceeandrecuzin.fr\/wp-content\/uploads\/2016\/03\/13-300x225.jpg 300w, https:\/\/gazette-lyceeandrecuzin.fr\/wp-content\/uploads\/2016\/03\/13-768x576.jpg 768w, https:\/\/gazette-lyceeandrecuzin.fr\/wp-content\/uploads\/2016\/03\/13-1024x768.jpg 1024w\" sizes=\"(max-width: 300px) 100vw, 300px\" \/><figcaption id=\"caption-attachment-222\" class=\"wp-caption-text\">Une vue de hauteur de l&rsquo;ossature<\/figcaption><\/figure>\n","protected":false},"excerpt":{"rendered":"<p>Entre 2013 et 2016, les \u00e9l\u00e8ves de l&rsquo;atelier de charpente construction bois, ont men\u00e9 une restructuration de l&rsquo;ancien espace d\u00e9di\u00e9 \u00e0 la miroiterie. R\u00e9cit d&rsquo;une r\u00e9alisation aussi professionnelle que p\u00e9dagogique.<\/p>\n","protected":false},"author":2,"featured_media":228,"comment_status":"closed","ping_status":"closed","sticky":false,"template":"","format":"standard","meta":{"jetpack_post_was_ever_published":false,"_jetpack_newsletter_access":"","_jetpack_dont_email_post_to_subs":false,"_jetpack_newsletter_tier_id":0,"_jetpack_memberships_contains_paywalled_content":false,"_jetpack_memberships_contains_paid_content":false,"footnotes":""},"categories":[37,29,7,4],"tags":[],"class_list":["post-208","post","type-post","status-publish","format-standard","has-post-thumbnail","hentry","category-chantiers-ecole","category-dans-nos-murs","category-decouverte-professionnelle","category-vie-du-lycee"],"jetpack_sharing_enabled":false,"jetpack_featured_media_url":"https:\/\/gazette-lyceeandrecuzin.fr\/wp-content\/uploads\/2016\/03\/19-e1545135690952.jpg","jetpack_shortlink":"https:\/\/wp.me\/paGPHf-3m","jetpack_likes_enabled":true,"_links":{"self":[{"href":"https:\/\/gazette-lyceeandrecuzin.fr\/index.php?rest_route=\/wp\/v2\/posts\/208","targetHints":{"allow":["GET"]}}],"collection":[{"href":"https:\/\/gazette-lyceeandrecuzin.fr\/index.php?rest_route=\/wp\/v2\/posts"}],"about":[{"href":"https:\/\/gazette-lyceeandrecuzin.fr\/index.php?rest_route=\/wp\/v2\/types\/post"}],"author":[{"embeddable":true,"href":"https:\/\/gazette-lyceeandrecuzin.fr\/index.php?rest_route=\/wp\/v2\/users\/2"}],"replies":[{"embeddable":true,"href":"https:\/\/gazette-lyceeandrecuzin.fr\/index.php?rest_route=%2Fwp%2Fv2%2Fcomments&post=208"}],"version-history":[{"count":2,"href":"https:\/\/gazette-lyceeandrecuzin.fr\/index.php?rest_route=\/wp\/v2\/posts\/208\/revisions"}],"predecessor-version":[{"id":2453,"href":"https:\/\/gazette-lyceeandrecuzin.fr\/index.php?rest_route=\/wp\/v2\/posts\/208\/revisions\/2453"}],"wp:featuredmedia":[{"embeddable":true,"href":"https:\/\/gazette-lyceeandrecuzin.fr\/index.php?rest_route=\/wp\/v2\/media\/228"}],"wp:attachment":[{"href":"https:\/\/gazette-lyceeandrecuzin.fr\/index.php?rest_route=%2Fwp%2Fv2%2Fmedia&parent=208"}],"wp:term":[{"taxonomy":"category","embeddable":true,"href":"https:\/\/gazette-lyceeandrecuzin.fr\/index.php?rest_route=%2Fwp%2Fv2%2Fcategories&post=208"},{"taxonomy":"post_tag","embeddable":true,"href":"https:\/\/gazette-lyceeandrecuzin.fr\/index.php?rest_route=%2Fwp%2Fv2%2Ftags&post=208"}],"curies":[{"name":"wp","href":"https:\/\/api.w.org\/{rel}","templated":true}]}}