{"id":1536,"date":"2018-02-05T10:58:07","date_gmt":"2018-02-05T09:58:07","guid":{"rendered":"https:\/\/gazettelpcuzin.wordpress.com\/?p=1536"},"modified":"2019-02-05T16:54:37","modified_gmt":"2019-02-05T15:54:37","slug":"passions","status":"publish","type":"post","link":"https:\/\/gazette-lyceeandrecuzin.fr\/?p=1536","title":{"rendered":"Passions !"},"content":{"rendered":"<p style=\"text-align: justify;\"><strong>On peut avoir plusieurs passions. Moi par exemple,\u00a0 je suis\u00a0 \u00e9l\u00e8ve en seconde bac professionnel Technicien du B\u00e2timent Organisation et R\u00e9alisation du gros \u0152uvre et j&rsquo;aime \u00e7a. Mais j&rsquo;aime aussi \u00eatre pompier.<\/strong><\/p>\n<p style=\"text-align: justify;\"><strong>Par Jules<\/strong><\/p>\n<p>&nbsp;<\/p>\n<p style=\"text-align: justify;\"><!--more--><\/p>\n<p style=\"text-align: justify;\">Effectivement, je fais partie des Jeunes sapeurs pompiers depuis 4 ans. Je suis rattach\u00e9 \u00e0 la caserne \u00ab\u00a0Pompiers de Lyon Corneille\u00a0\u00bb dans le 3\u00e8me arrondissement.<\/p>\n<p style=\"text-align: justify;\">J&rsquo;ai connu l&rsquo;existence de la formation des jeunes sapeurs pompiers gr\u00e2ce \u00e0 un ami de mon coll\u00e8ge en classe de 6\u00e8me. On \u00e9tait en cours de maths et on discutait. Je lui ai racont\u00e9 que je faisais beaucoup de gym et lui qu&rsquo;il allait chez les pompiers et il aimait beaucoup \u00e7a. Il aimait l&rsquo;ambiance, le fait de regarder les grands partir en intervention. Les cours pratiques et les man\u0153uvres, le fait de porter l&rsquo;uniforme, tout lui plaisait. Moi en plus, j\u2019\u00e9tais attir\u00e9 par l&rsquo;aspect sportif. En fin d&rsquo;ann\u00e9e, j&rsquo;ai arr\u00eat\u00e9 la gym. Au d\u00e9but de la 5\u00e8me, j&rsquo;ai pass\u00e9 le test de recrutement \u00e0 la caserne qui \u00e9tait proche de chez moi et voil\u00e0.<\/p>\n<h2 style=\"text-align: justify;\"><a href=\"http:\/\/sdis69.fr\/devenir-jsp.htm\" target=\"_blank\" rel=\"noopener\">Comment devient-on jeune sapeur pompier ?<\/a><\/h2>\n<p style=\"text-align: justify;\">Il s&rsquo;agit d&rsquo;une formation reconnue par le minist\u00e8re de l&rsquo;int\u00e9rieur, il faut avoir 11 ans pour commencer. Vous avez toutes les informations en cliquant sur le titre. Elle est valid\u00e9e par un brevet national des Jeunes Sapeurs Pompiers au bout des 4 ann\u00e9es de formation. Elle permet \u00ab\u00a0l&rsquo;apprentissage des savoirs faire et savoirs \u00eatre n\u00e9cessaires aux jeunes pour permettre de mobiliser leurs connaissances, capacit\u00e9s et comp\u00e9tences lorsqu&rsquo;ils seront sapeurs-pompiers professionnels, volontaires et m\u00eame dans la vie active\u00a0\u00bb. C&rsquo;est \u00e9crit sur le site. Qu&rsquo;est-ce que cela veut dire ?<\/p>\n<p style=\"text-align: justify;\"><u>Les savoirs faire<\/u> c&rsquo;est apprendre les gestes des premiers secours, ce qu&rsquo;il faut faire quand on arrive sur les lieux d&rsquo;interventions. On fait des cours th\u00e9oriques puis on fait des simulations en groupe. Chacun a un r\u00f4le et on tourne, on n\u2019est pas toujours victime ou chef \u00e9quipier. Il y a aussi les man\u0153uvres incendies et nous apprenons \u00e0 nous servir du mat\u00e9riel. On s&rsquo;entraine d&rsquo;abord avec du mat\u00e9riel qui ne sert plus mais aussi avec du mat\u00e9riel op\u00e9rationnel. Dans ce cas, s&rsquo;il y a une intervention \u00e0 faire, il faut vite ranger pour que le v\u00e9hicule et l&rsquo;\u00e9quipe de garde puisse partir.<\/p>\n<p style=\"text-align: justify;\"><u>Savoir \u00eatre<\/u> c&rsquo;est \u00eatre patient, calme et disciplin\u00e9. C&rsquo;est important parce que ce sont des qualit\u00e9s tr\u00e8s importantes lors des interventions. Les grands nous disent qu&rsquo;au bout d&rsquo;un moment, on sait faire et c&rsquo;est banal, on n&rsquo;a plus trop d&rsquo;efforts \u00e0 faire, c&rsquo;est bien parce qu&rsquo;il y a des situations tr\u00e8s tendues sur le terrain.<\/p>\n<p style=\"text-align: justify;\">La formation peut d\u00e9boucher sur une poursuite d\u2019\u00e9tudes, comme au lyc\u00e9e pour ceux qui veulent devenir professionnels ou volontaires. Elle est utile pour tous parce que l\u2019on conna\u00eet les gestes \u00e0 faire, on a les bons r\u00e9flexes et c\u2019est utile dans la vie. S\u2019il y a un accident au travail ou ailleurs, on sait quoi faire. Moi, je vais \u00eatre plus rassur\u00e9 sur les chantiers, forc\u00e9ment.<\/p>\n<p style=\"text-align: justify;\">Cette formation sert \u00e0 faire d\u00e9couvrir le m\u00e9tier de pompier mais aussi <u>un r\u00f4le \u00e9ducatif<\/u>, y compris au sens civique du terme. Je veux dire que j\u2019ai appris des choses importantes pour vivre en soci\u00e9t\u00e9, \u00e7a commence par \u00eatre poli. C&rsquo;est peu de chose mais c&rsquo;est important m\u00eame pour que les choses se passent mieux entre les gens.<\/p>\n<p style=\"text-align: justify;\">Le d\u00e9vouement et le courage aussi c&rsquo;est important pour moi, et l&rsquo;altruisme aussi.<\/p>\n<p style=\"text-align: justify;\">Ne pas s&rsquo;occuper que de soi, c&rsquo;est important pour vivre en soci\u00e9t\u00e9 !<\/p>\n<p>&nbsp;<\/p>\n<figure id=\"attachment_1538\" aria-describedby=\"caption-attachment-1538\" style=\"width: 670px\" class=\"wp-caption alignnone\"><img fetchpriority=\"high\" decoding=\"async\" class=\"alignnone size-full wp-image-1538\" src=\"https:\/\/gazettelpcuzin.files.wordpress.com\/2018\/02\/capture-decc81cran-du-progrc3a8s.png\" alt=\"Capture d'e\u0301cran du progr\u00e8s\" width=\"670\" height=\"627\" srcset=\"https:\/\/gazette-lyceeandrecuzin.fr\/wp-content\/uploads\/2018\/02\/capture-decc81cran-du-progrc3a8s.png 670w, https:\/\/gazette-lyceeandrecuzin.fr\/wp-content\/uploads\/2018\/02\/capture-decc81cran-du-progrc3a8s-300x281.png 300w\" sizes=\"(max-width: 670px) 100vw, 670px\" \/><figcaption id=\"caption-attachment-1538\" class=\"wp-caption-text\">Capture d&rsquo;\u00e9cran du Progr\u00e8s.<\/figcaption><\/figure>\n<h2 style=\"text-align: justify;\">Concr\u00e8tement, voil\u00e0 comment \u00e7a se passe<\/h2>\n<p style=\"text-align: justify;\">Pendant \u00a04 ans, tous les mercredis apr\u00e8s-midi je me rends \u00e0 la caserne des sapeurs pompiers et j&rsquo;alterne entre entrainement sportif, cours th\u00e9orique et pratique comme de la course \u00e0 pieds, des cours sur le mat\u00e9riel incendie et des man\u0153uvres incendie et secourisme.<\/p>\n<p style=\"text-align: justify;\">Quand on est jeune sapeur pompier, on ne va pas sur le terrain pour une raison d&rsquo;\u00e2ge et de s\u00e9curit\u00e9.<\/p>\n<p style=\"text-align: justify;\">Pour devenir pompier volontaire, il faut avoir au moins 16 ans et il faut passer des tests sportifs, th\u00e9oriques et pratiques. Apr\u00e8s avoir r\u00e9ussi ces tests, on peut aller sur le terrain et partir en intervention.<\/p>\n<p style=\"text-align: justify;\">Je vais passer mon dipl\u00f4me en mai 2018 et apr\u00e8s je pourrai devenir sapeur pompier volontaire et suivre mes \u00e9tudes \u00e0 c\u00f4t\u00e9 de cela.<\/p>\n<p style=\"text-align: justify;\">Je veux \u00eatre pompier volontaire et technicien gros \u0153uvre.<\/p>\n<p style=\"text-align: justify;\">Quand je suis devenu jeune sapeur-pompier, mon objectif n&rsquo;\u00e9tait pas de devenir pompier professionnel mais volontaire et de travailler dans un autre domaine. En 5\u00e8me je ne savais pas ce que je voulais faire d&rsquo;autre. En fin de cinqui\u00e8me, je voulais \u00eatre pompier professionnel mais en fin de quatri\u00e8me, j&rsquo;ai fait un stage de b\u00e2timent avec un membre de ma famille et j&rsquo;ai ador\u00e9. Du coup, je fais les deux.<\/p>\n<p style=\"text-align: justify;\">Je voudrais faire pompier volontaire car la vie en caserne me pla\u00eet beaucoup, il y a un tr\u00e8s bon \u00e9tat d&rsquo;esprit. Les pompiers sont carr\u00e9s, ils peuvent \u00eatre stricts mais il y a des moments o\u00f9 on rigole et \u00e7a se passe bien.<\/p>\n<p style=\"text-align: justify;\">Il y a aussi un tr\u00e8s bon rapport avec les encadrants qui sont eux-m\u00eames sapeurs-pompiers professionnels. Par contre, on ne rigole pas avec la hi\u00e9rarchie, il y a une distance. Florian qui a un an de plus que moi est volontaire maintenant. Il est entr\u00e9 dans le groupe des grands il est plus d\u00e9tendu avec les adultes mais il faut quand m\u00eame respecter la hi\u00e9rarchie et le grade de son sup\u00e9rieur.<\/p>\n<h2><\/h2>\n<h2 style=\"text-align: justify;\">Entretien avec un sapeur-pompier volontaire\u00a0: Florian BARBAIRE,\u00a0 17 ans<\/h2>\n<p style=\"text-align: justify;\">Activit\u00e9 principale (scolaire): terminale CAP menuisier fabriquant<\/p>\n<p style=\"text-align: justify;\">Il est devenu sapeur-pompier volontaire en passant des tests de recrutement. Il y avait du sport avec des bar\u00e8mes tr\u00e8s stricts \u00e0 respecter, un test \u00e9crit avec de la logique et un entretien de motivation tr\u00e8s important.<\/p>\n<p style=\"text-align: justify;\">Pour lui, il faut \u00eatre tr\u00e8s motiv\u00e9 pour r\u00e9ussir, passionn\u00e9, disciplin\u00e9 et altruiste.<\/p>\n<p style=\"text-align: justify;\">Pour concilier les deux activit\u00e9s, Florian s\u2019organise de la mani\u00e8re suivante. En semaine, il va en cours la journ\u00e9e et ensuite il fait des entrainements sportifs le soir \u00e0 la caserne. Le week-end, comme tout le monde, il sort avec ses amis. Comme moins de monde, il fait des gardes \u00e0 la caserne et la caserne peut l\u2019appeler en urgence en cas de besoin.<\/p>\n<p style=\"text-align: justify;\">Il faut un maximum de disponibilit\u00e9 sachant qu&rsquo;en \u00e9tant \u00e9tudiant les meilleures disponibilit\u00e9s sont le vendredi soir, les week-end, les vacances scolaires, les jours f\u00e9ri\u00e9s et de f\u00eates.<\/p>\n<p style=\"text-align: justify;\">Si on ne veut pas \u00eatre pompier toute sa vie, en quoi est-ce tout de m\u00eame utile pour soi et les autres d&rsquo;avoir \u00e9t\u00e9 volontaire ?<\/p>\n<blockquote>\n<p style=\"text-align: justify;\">\u00ab\u00a0\u00c7a permet d&rsquo;acqu\u00e9rir de nombreuses connaissances et des gestes qui peuvent sauver des vies et des biens. Et \u00e7a permet \u00e9galement de prendre rapidement en maturit\u00e9 et d&rsquo;\u00eatre utile pour la population.\u00a0\u00bb<\/p>\n<\/blockquote>\n<p>&nbsp;<\/p>\n<p style=\"text-align: justify;\">En cours, nous avons travaill\u00e9 un article qui raconte comment un ancien \u00e9l\u00e8ve de Cuzin est intervenu dans un incendie.<\/p>\n<p><img decoding=\"async\" class=\"alignnone size-full wp-image-1544\" src=\"https:\/\/gazettelpcuzin.files.wordpress.com\/2018\/02\/incendie.jpg\" alt=\"Incendie\" width=\"3507\" height=\"2550\" \/><\/p>\n","protected":false},"excerpt":{"rendered":"<p>On peut avoir plusieurs passions. Moi par exemple,\u00a0 je suis\u00a0 \u00e9l\u00e8ve en seconde bac professionnel Technicien du B\u00e2timent Organisation et R\u00e9alisation du gros \u0152uvre et j&rsquo;aime \u00e7a. Mais j&rsquo;aime aussi<\/p>\n","protected":false},"author":2,"featured_media":1537,"comment_status":"closed","ping_status":"closed","sticky":false,"template":"","format":"standard","meta":{"jetpack_post_was_ever_published":false,"_jetpack_newsletter_access":"","_jetpack_dont_email_post_to_subs":false,"_jetpack_newsletter_tier_id":0,"_jetpack_memberships_contains_paywalled_content":false,"_jetpack_memberships_contains_paid_content":false,"footnotes":""},"categories":[8],"tags":[],"class_list":["post-1536","post","type-post","status-publish","format-standard","has-post-thumbnail","hentry","category-la-vie-hors-les-murs"],"jetpack_sharing_enabled":false,"jetpack_featured_media_url":"https:\/\/gazette-lyceeandrecuzin.fr\/wp-content\/uploads\/2018\/02\/jules-e1545119361517.jpg","jetpack_shortlink":"https:\/\/wp.me\/saGPHf-passions","jetpack_likes_enabled":true,"_links":{"self":[{"href":"https:\/\/gazette-lyceeandrecuzin.fr\/index.php?rest_route=\/wp\/v2\/posts\/1536","targetHints":{"allow":["GET"]}}],"collection":[{"href":"https:\/\/gazette-lyceeandrecuzin.fr\/index.php?rest_route=\/wp\/v2\/posts"}],"about":[{"href":"https:\/\/gazette-lyceeandrecuzin.fr\/index.php?rest_route=\/wp\/v2\/types\/post"}],"author":[{"embeddable":true,"href":"https:\/\/gazette-lyceeandrecuzin.fr\/index.php?rest_route=\/wp\/v2\/users\/2"}],"replies":[{"embeddable":true,"href":"https:\/\/gazette-lyceeandrecuzin.fr\/index.php?rest_route=%2Fwp%2Fv2%2Fcomments&post=1536"}],"version-history":[{"count":2,"href":"https:\/\/gazette-lyceeandrecuzin.fr\/index.php?rest_route=\/wp\/v2\/posts\/1536\/revisions"}],"predecessor-version":[{"id":2352,"href":"https:\/\/gazette-lyceeandrecuzin.fr\/index.php?rest_route=\/wp\/v2\/posts\/1536\/revisions\/2352"}],"wp:featuredmedia":[{"embeddable":true,"href":"https:\/\/gazette-lyceeandrecuzin.fr\/index.php?rest_route=\/wp\/v2\/media\/1537"}],"wp:attachment":[{"href":"https:\/\/gazette-lyceeandrecuzin.fr\/index.php?rest_route=%2Fwp%2Fv2%2Fmedia&parent=1536"}],"wp:term":[{"taxonomy":"category","embeddable":true,"href":"https:\/\/gazette-lyceeandrecuzin.fr\/index.php?rest_route=%2Fwp%2Fv2%2Fcategories&post=1536"},{"taxonomy":"post_tag","embeddable":true,"href":"https:\/\/gazette-lyceeandrecuzin.fr\/index.php?rest_route=%2Fwp%2Fv2%2Ftags&post=1536"}],"curies":[{"name":"wp","href":"https:\/\/api.w.org\/{rel}","templated":true}]}}