{"id":1448,"date":"2018-01-11T13:27:36","date_gmt":"2018-01-11T12:27:36","guid":{"rendered":"https:\/\/gazettelpcuzin.wordpress.com\/?p=1448"},"modified":"2019-02-08T09:23:06","modified_gmt":"2019-02-08T08:23:06","slug":"avis-a-ceux-de-cuzin-qui-ont-perdu-leur-sac","status":"publish","type":"post","link":"https:\/\/gazette-lyceeandrecuzin.fr\/?p=1448","title":{"rendered":"Avis \u00e0 ceux de Cuzin qui ont perdu leur sac !"},"content":{"rendered":"<p style=\"text-align: justify;\"><strong>Oyez au lyc\u00e9e, les \u00e9l\u00e8ves d\u2019Albert Camus ont tent\u00e9 de faire un profil de celui qui a perdu son sac qui attend toujours son propri\u00e9taire \u00e0 Camus. Il y a un monde fou dans ce sac, cela devrait nous aider un peu.<\/strong><\/p>\n<p style=\"text-align: justify;\"><strong>La classe de L de Camus<\/strong><\/p>\n<p>&nbsp;<\/p>\n<div><\/div>\n<p><!--more--><\/p>\n<p><img fetchpriority=\"high\" decoding=\"async\" class=\"alignnone size-full wp-image-1449\" src=\"https:\/\/gazettelpcuzin.files.wordpress.com\/2018\/01\/je-me-demande-5.jpg\" alt=\"je me demande 5\" width=\"1074\" height=\"846\" srcset=\"https:\/\/gazette-lyceeandrecuzin.fr\/wp-content\/uploads\/2018\/01\/je-me-demande-5.jpg 1074w, https:\/\/gazette-lyceeandrecuzin.fr\/wp-content\/uploads\/2018\/01\/je-me-demande-5-300x236.jpg 300w, https:\/\/gazette-lyceeandrecuzin.fr\/wp-content\/uploads\/2018\/01\/je-me-demande-5-768x605.jpg 768w, https:\/\/gazette-lyceeandrecuzin.fr\/wp-content\/uploads\/2018\/01\/je-me-demande-5-1024x807.jpg 1024w\" sizes=\"(max-width: 1074px) 100vw, 1074px\" \/><\/p>\n<p><img decoding=\"async\" class=\"alignnone size-full wp-image-1455\" src=\"https:\/\/gazettelpcuzin.files.wordpress.com\/2018\/01\/jimag-1.jpg\" alt=\"J'imag 1\" width=\"660\" height=\"892\" srcset=\"https:\/\/gazette-lyceeandrecuzin.fr\/wp-content\/uploads\/2018\/01\/jimag-1.jpg 660w, https:\/\/gazette-lyceeandrecuzin.fr\/wp-content\/uploads\/2018\/01\/jimag-1-222x300.jpg 222w\" sizes=\"(max-width: 660px) 100vw, 660px\" \/><img decoding=\"async\" class=\"alignnone size-full wp-image-1456\" src=\"https:\/\/gazettelpcuzin.files.wordpress.com\/2018\/01\/jimag-2.jpg\" alt=\"J'imag 2\" width=\"668\" height=\"889\" srcset=\"https:\/\/gazette-lyceeandrecuzin.fr\/wp-content\/uploads\/2018\/01\/jimag-2.jpg 668w, https:\/\/gazette-lyceeandrecuzin.fr\/wp-content\/uploads\/2018\/01\/jimag-2-225x300.jpg 225w\" sizes=\"(max-width: 668px) 100vw, 668px\" \/><\/p>\n","protected":false},"excerpt":{"rendered":"<p>Oyez au lyc\u00e9e, les \u00e9l\u00e8ves d\u2019Albert Camus ont tent\u00e9 de faire un profil de celui qui a perdu son sac qui attend toujours son propri\u00e9taire \u00e0 Camus. Il y a<\/p>\n","protected":false},"author":2,"featured_media":1918,"comment_status":"closed","ping_status":"closed","sticky":false,"template":"","format":"standard","meta":{"jetpack_post_was_ever_published":false,"_jetpack_newsletter_access":"","_jetpack_dont_email_post_to_subs":false,"_jetpack_newsletter_tier_id":0,"_jetpack_memberships_contains_paywalled_content":false,"_jetpack_memberships_contains_paid_content":false,"footnotes":""},"categories":[3,24,18],"tags":[],"class_list":["post-1448","post","type-post","status-publish","format-standard","has-post-thumbnail","hentry","category-culture","category-theatre","category-theatre-des-celestins-lycee-camus-lycee-cuzin-2018"],"jetpack_sharing_enabled":false,"jetpack_featured_media_url":"https:\/\/gazette-lyceeandrecuzin.fr\/wp-content\/uploads\/2018\/01\/20171221_161234-1-e1545119613445.jpg","jetpack_shortlink":"https:\/\/wp.me\/paGPHf-nm","jetpack_likes_enabled":true,"_links":{"self":[{"href":"https:\/\/gazette-lyceeandrecuzin.fr\/index.php?rest_route=\/wp\/v2\/posts\/1448","targetHints":{"allow":["GET"]}}],"collection":[{"href":"https:\/\/gazette-lyceeandrecuzin.fr\/index.php?rest_route=\/wp\/v2\/posts"}],"about":[{"href":"https:\/\/gazette-lyceeandrecuzin.fr\/index.php?rest_route=\/wp\/v2\/types\/post"}],"author":[{"embeddable":true,"href":"https:\/\/gazette-lyceeandrecuzin.fr\/index.php?rest_route=\/wp\/v2\/users\/2"}],"replies":[{"embeddable":true,"href":"https:\/\/gazette-lyceeandrecuzin.fr\/index.php?rest_route=%2Fwp%2Fv2%2Fcomments&post=1448"}],"version-history":[{"count":2,"href":"https:\/\/gazette-lyceeandrecuzin.fr\/index.php?rest_route=\/wp\/v2\/posts\/1448\/revisions"}],"predecessor-version":[{"id":2364,"href":"https:\/\/gazette-lyceeandrecuzin.fr\/index.php?rest_route=\/wp\/v2\/posts\/1448\/revisions\/2364"}],"wp:featuredmedia":[{"embeddable":true,"href":"https:\/\/gazette-lyceeandrecuzin.fr\/index.php?rest_route=\/wp\/v2\/media\/1918"}],"wp:attachment":[{"href":"https:\/\/gazette-lyceeandrecuzin.fr\/index.php?rest_route=%2Fwp%2Fv2%2Fmedia&parent=1448"}],"wp:term":[{"taxonomy":"category","embeddable":true,"href":"https:\/\/gazette-lyceeandrecuzin.fr\/index.php?rest_route=%2Fwp%2Fv2%2Fcategories&post=1448"},{"taxonomy":"post_tag","embeddable":true,"href":"https:\/\/gazette-lyceeandrecuzin.fr\/index.php?rest_route=%2Fwp%2Fv2%2Ftags&post=1448"}],"curies":[{"name":"wp","href":"https:\/\/api.w.org\/{rel}","templated":true}]}}