{"id":1444,"date":"2018-01-08T16:23:11","date_gmt":"2018-01-08T15:23:11","guid":{"rendered":"https:\/\/gazettelpcuzin.wordpress.com\/?p=1444"},"modified":"2019-02-11T09:23:17","modified_gmt":"2019-02-11T08:23:17","slug":"association-sportive-fait-son-bilan-victoioioioioioire","status":"publish","type":"post","link":"https:\/\/gazette-lyceeandrecuzin.fr\/?p=1444","title":{"rendered":"Association Sportive fait son bilan : victoioioioioioire !"},"content":{"rendered":"<p style=\"text-align: justify;\"><strong>Membres actifs de l\u2019association sportive, nous n\u2019allions pas partir en vacances sans rendre compte aux lecteurs de la gazette du bilan de l\u2019ann\u00e9e 2017. Comment va l\u2019AS\u00a0? Sommes\u2013nous contents ? Comment l\u2019\u00eatre plus encore\u00a0? Voici les r\u00e9ponses de Madame Fauveau \u00e0 nos questions.<\/strong><\/p>\n<p style=\"text-align: justify;\"><strong>Noam et Lucas<\/strong><\/p>\n<p>&nbsp;<\/p>\n<h2 style=\"text-align: justify;\"><!--more--><br \/>\n<b>Madame Fauveau, pourquoi faire un bilan de l\u2019AS ?<\/b><\/h2>\n<blockquote>\n<p style=\"text-align: justify;\">En ce d\u00e9but d&rsquo;ann\u00e9e \u00ab\u00a0scolaire \u00a0\u00bb nous avons fait le bilan de l&rsquo;ann\u00e9e \u00ab\u00a0civile\u00a0\u00bb \u00e9coul\u00e9e lors de l&rsquo;assembl\u00e9e g\u00e9n\u00e9rale (AG) de l&rsquo;association sportive et du conseil d&rsquo;administration (CA). Toute association se doit de faire une \u00ab\u00a0AG\u00a0\u00bb pour faire un bilan financier et d&rsquo;activit\u00e9 de l&rsquo;ann\u00e9e \u00e9coul\u00e9e (ann\u00e9e 2017) mais aussi \u00e9lire le bureau (pr\u00e9sident tr\u00e9sorier secr\u00e9taire et leurs adjoints \u00e9l\u00e8ves) . Nous avons aussi pr\u00e9sent\u00e9 ce bilan au CA car le lyc\u00e9e nous donne de l&rsquo;argent. Il est donc normal de pr\u00e9senter notre association et son bilan pour justifier ses d\u00e9penses et son fonctionnement .<\/p>\n<\/blockquote>\n<h2 style=\"text-align: justify;\"><b>Qui fait un bilan ?<\/b><\/h2>\n<blockquote>\n<p style=\"text-align: justify;\">Un des membres du bureau peut le faire : le pr\u00e9sident , M. Bielmann, Mme Fauveau la secr\u00e9taire, M.Devrieux, le tr\u00e9sorier. Les \u00e9l\u00e8ves adjoints\u00a0: Rapha\u00ebl Alves, Jean Chris Ngoran , Ruben Santos Silva peuvent aussi le faire. Cette ann\u00e9e \u00e7a a \u00e9t\u00e9 Mme Fauveau mais nous aurions pu envisager que les \u00e9l\u00e8ves \u00e9lus adjoints le fassent.<\/p>\n<\/blockquote>\n<p style=\"text-align: justify;\">En bref, c\u2019est pour l\u2019an prochain, chacun son tour, \u00e7a c\u2019est notre commentaire.<\/p>\n<h2 style=\"text-align: justify;\"><b>Quel est le bilan et pourquoi peut-on dire que l&rsquo;on est tr\u00e8s content ?<\/b><\/h2>\n<blockquote>\n<p style=\"text-align: justify;\">Un bilan difficile en 2017 car peu d&rsquo;inscrits et donc le besoin de subventions d\u00e9partementales et nationales pour s&rsquo;en sortir financi\u00e8rement.<\/p>\n<p style=\"text-align: justify;\">Mais nous avons mis en perspective les avanc\u00e9es de cette fin d&rsquo;ann\u00e9e 2017 : <b>nous passons de 2 \u00e9l\u00e8ves en mars 2017 \u00e0 37 \u00e9l\u00e8ves en novembre 2017<\/b> et nous faisons des comp\u00e9titions.<\/p>\n<\/blockquote>\n<h2 style=\"text-align: justify;\"><b>Que peut-on am\u00e9liorer selon vous ?<\/b><\/h2>\n<blockquote>\n<p style=\"text-align: justify;\">Nous pouvons am\u00e9liorer notre fonctionnement en permettant que l&#8217;emploi du temps des \u00e9l\u00e8ves et ceux des enseignants soient plus compatibles \u00e0 l&rsquo;ouverture de cr\u00e9neaux entre 12h et 13h. L&rsquo;id\u00e9al \u00e9tant d&rsquo;ouvrir tous les jours l&rsquo;ann\u00e9e prochaine.<\/p>\n<\/blockquote>\n<h2 style=\"text-align: justify;\"><b>Le vendredi peut-on avoir AS ?<\/b><\/h2>\n<blockquote>\n<p style=\"text-align: justify;\">Le vendredi une fois sur deux , le gymnase est pris. Je n&rsquo;ai pas voulu ouvrir ce cr\u00e9neau en d\u00e9but d&rsquo;ann\u00e9e pensant que les \u00e9l\u00e8ves se perdraient dans les semaines paires et impaires et que par cons\u00e9quent personne ne viendrait. Cependant, si certains sont en demande et si j&rsquo;informe clairement sur l&rsquo;ouverture de ce cr\u00e9neau il est possible de faire cela une fois sur deux .<\/p>\n<\/blockquote>\n<h2 style=\"text-align: justify;\"><b>Pourquoi les comp\u00e9titions sont-elles importantes ?<\/b><\/h2>\n<blockquote>\n<p style=\"text-align: justify;\"><span lang=\"fr-FR\">Nous cherchons par le biais des comp\u00e9titions \u00e0 fid\u00e9liser nos licenci\u00e9s en r\u00e9pondant \u00e0 leurs demandes mais aussi d&rsquo;am\u00e9liorer le climat au lyc\u00e9e et \u00e0 l&rsquo;AS.<\/span> Les comp\u00e9titions f\u00e9d\u00e8rent car les \u00e9l\u00e8ves sont ensemble pour gagner, et parfois pour perdre\u2026. Cela permet de cr\u00e9er des liens forts.<\/p>\n<p style=\"text-align: justify;\"><span lang=\"fr-FR\">Philippe Meirieu \u00e0 une expression parlante \u00e0 ce sujet :\u00a0\u00bbl&rsquo;\u00e9motion collective permet de se sentir appartenir \u00e0 la m\u00eame humanit\u00e9\u00a0\u00bb. Cr\u00e9er des \u00e9motions collectives par la comp\u00e9tition est donc essentiel.<\/span><\/p>\n<\/blockquote>\n<figure id=\"attachment_1446\" aria-describedby=\"caption-attachment-1446\" style=\"width: 432px\" class=\"wp-caption aligncenter\"><img fetchpriority=\"high\" decoding=\"async\" class=\"alignnone wp-image-1446\" src=\"https:\/\/gazettelpcuzin.files.wordpress.com\/2018\/01\/quentin-pour-article-as.jpg\" alt=\"Quentin pour article AS\" width=\"432\" height=\"586\" srcset=\"https:\/\/gazette-lyceeandrecuzin.fr\/wp-content\/uploads\/2018\/01\/quentin-pour-article-as.jpg 823w, https:\/\/gazette-lyceeandrecuzin.fr\/wp-content\/uploads\/2018\/01\/quentin-pour-article-as-221x300.jpg 221w, https:\/\/gazette-lyceeandrecuzin.fr\/wp-content\/uploads\/2018\/01\/quentin-pour-article-as-768x1042.jpg 768w, https:\/\/gazette-lyceeandrecuzin.fr\/wp-content\/uploads\/2018\/01\/quentin-pour-article-as-754x1024.jpg 754w\" sizes=\"(max-width: 432px) 100vw, 432px\" \/><figcaption id=\"caption-attachment-1446\" class=\"wp-caption-text\">Dessin de Quentin<\/figcaption><\/figure>\n<h2 style=\"text-align: justify;\">Peut-on envisager des tournois entre AS et cours de sport ou \u00e9v\u00e8nement CVL ? Par exemple pour le tennis de table, futsal ?<\/h2>\n<blockquote>\n<p style=\"text-align: justify;\">Ces comp\u00e9titions sont des tournois entre AS . Mais nous pouvons accueillir amicalement toutes autres AS. Je peux par exemple solliciter le lyc\u00e9e Lamarque. Si les \u00e9l\u00e8ves ont envie de rencontrer d&rsquo;autres \u00e9tablissements , nous pouvons en faire la demande.<\/p>\n<p style=\"text-align: justify;\">Le CVL pourrait effectivement r\u00e9fl\u00e9chir \u00e0 des rencontres inter-\u00e9tablissements.<\/p>\n<p style=\"text-align: justify;\">Nous avons \u00e9voqu\u00e9 la semaine derni\u00e8re avec Mme Vallogia, la possibilit\u00e9 d&rsquo;une rencontre profs \u00e9l\u00e8ves. Il serait \u00ab\u00a0rigolo\u00a0\u00bb de le mettre en place .. bonne id\u00e9e \u00e0 \u00e9voquer au CVL !!<\/p>\n<figure id=\"attachment_1445\" aria-describedby=\"caption-attachment-1445\" style=\"width: 431px\" class=\"wp-caption alignnone\"><img decoding=\"async\" class=\" wp-image-1445\" src=\"http:\/\/gazette-lyceeandrecuzin.fr\/wp-content\/uploads\/2018\/01\/enzo-pour-artcile-as-300x218.jpg\" alt=\"\" width=\"431\" height=\"313\" srcset=\"https:\/\/gazette-lyceeandrecuzin.fr\/wp-content\/uploads\/2018\/01\/enzo-pour-artcile-as-300x218.jpg 300w, https:\/\/gazette-lyceeandrecuzin.fr\/wp-content\/uploads\/2018\/01\/enzo-pour-artcile-as-768x559.jpg 768w, https:\/\/gazette-lyceeandrecuzin.fr\/wp-content\/uploads\/2018\/01\/enzo-pour-artcile-as-1024x745.jpg 1024w, https:\/\/gazette-lyceeandrecuzin.fr\/wp-content\/uploads\/2018\/01\/enzo-pour-artcile-as.jpg 1753w\" sizes=\"(max-width: 431px) 100vw, 431px\" \/><figcaption id=\"caption-attachment-1445\" class=\"wp-caption-text\">Dessin d&rsquo;Enzo<\/figcaption><\/figure><\/blockquote>\n<h2 style=\"text-align: justify;\">Il y a d\u00e9j\u00e0 beaucoup de sports propos\u00e9s quels sont ceux que pr\u00e9f\u00e8rent les \u00e9l\u00e8ves ?<\/h2>\n<blockquote>\n<p style=\"text-align: justify;\">Bien \u00e9videmment le graal c&rsquo;est le Foot. C&rsquo;est dommage , les basketteurs sont peu nombreux donc ne peuvent pas vraiment faire de matchs . Nous avons tout de m\u00eame organis\u00e9 une comp\u00e9tition en motivant quelques \u00ab\u00a0footeux \u00a0\u00bb transform\u00e9s pour l&rsquo;occasion, en apprentis basketteurs.<\/p>\n<\/blockquote>\n<h2 style=\"text-align: justify;\">Est-ce important de leur faire d\u00e9couvrir de nouveaux sports ?<\/h2>\n<blockquote>\n<p style=\"text-align: justify;\">Oui bien s\u00fbr, l&rsquo;ouverture culturelle est l&rsquo;un de nos objectifs. Malheureusement nous n&rsquo;y parvenons pas \u00e0 l&rsquo;AS car les \u00e9l\u00e8ves viennent faire ce qu&rsquo;ils connaissent d\u00e9j\u00e0 et ce dans quoi ils se sentent fort .<\/p>\n<p style=\"text-align: justify;\">C&rsquo;est pourquoi l&rsquo;EPS est l\u00e0 pour pallier \u00e0 ce probl\u00e8me . Nous proposons des sports peu ou pas pratiqu\u00e9s par les \u00e9l\u00e8ves afin de leur faire d\u00e9couvrir toute l&rsquo;\u00e9tendue des pratiques sportives mais aussi afin de d\u00e9velopper le plus largement possible, leurs qualit\u00e9s physiques.<\/p>\n<p style=\"text-align: justify;\">Cependant avec l&rsquo;AS nous participons \u00e0 des RAID\u00a0: escalade, VTT, rameur, course d&rsquo;orientation. Nous allons, je l&rsquo;esp\u00e8re, participer au biathlon (Ski et tir ) en mars&#8230; Ceci permet donc d&rsquo;aller dans le sens d&rsquo;une d\u00e9couverte de nouveaux sports .<\/p>\n<\/blockquote>\n<p>&nbsp;<\/p>\n<p>Et voil\u00e0\u00a0! Notre conclusion est que nous sommes contents et le serons encore plus d\u2019ici juin. La vie est belle. N\u2019h\u00e9sitez pas \u00e0 le dire autour de vous et vous joindre \u00e0 l\u2019AS, il est toujours possible de s\u2019y inscrire, c\u2019est toujours 10 euros et donc pas cher du tout.<\/p>\n","protected":false},"excerpt":{"rendered":"<p>Membres actifs de l\u2019association sportive, nous n\u2019allions pas partir en vacances sans rendre compte aux lecteurs de la gazette du bilan de l\u2019ann\u00e9e 2017. Comment va l\u2019AS\u00a0? Sommes\u2013nous contents ?<\/p>\n","protected":false},"author":2,"featured_media":1445,"comment_status":"closed","ping_status":"closed","sticky":false,"template":"","format":"standard","meta":{"jetpack_post_was_ever_published":false,"_jetpack_newsletter_access":"","_jetpack_dont_email_post_to_subs":false,"_jetpack_newsletter_tier_id":0,"_jetpack_memberships_contains_paywalled_content":false,"_jetpack_memberships_contains_paid_content":false,"footnotes":""},"categories":[4,30],"tags":[],"class_list":["post-1444","post","type-post","status-publish","format-standard","has-post-thumbnail","hentry","category-vie-du-lycee","category-vive-le-sport"],"jetpack_sharing_enabled":false,"jetpack_featured_media_url":"https:\/\/gazette-lyceeandrecuzin.fr\/wp-content\/uploads\/2018\/01\/enzo-pour-artcile-as.jpg","jetpack_shortlink":"https:\/\/wp.me\/paGPHf-ni","jetpack_likes_enabled":true,"_links":{"self":[{"href":"https:\/\/gazette-lyceeandrecuzin.fr\/index.php?rest_route=\/wp\/v2\/posts\/1444","targetHints":{"allow":["GET"]}}],"collection":[{"href":"https:\/\/gazette-lyceeandrecuzin.fr\/index.php?rest_route=\/wp\/v2\/posts"}],"about":[{"href":"https:\/\/gazette-lyceeandrecuzin.fr\/index.php?rest_route=\/wp\/v2\/types\/post"}],"author":[{"embeddable":true,"href":"https:\/\/gazette-lyceeandrecuzin.fr\/index.php?rest_route=\/wp\/v2\/users\/2"}],"replies":[{"embeddable":true,"href":"https:\/\/gazette-lyceeandrecuzin.fr\/index.php?rest_route=%2Fwp%2Fv2%2Fcomments&post=1444"}],"version-history":[{"count":4,"href":"https:\/\/gazette-lyceeandrecuzin.fr\/index.php?rest_route=\/wp\/v2\/posts\/1444\/revisions"}],"predecessor-version":[{"id":2481,"href":"https:\/\/gazette-lyceeandrecuzin.fr\/index.php?rest_route=\/wp\/v2\/posts\/1444\/revisions\/2481"}],"wp:featuredmedia":[{"embeddable":true,"href":"https:\/\/gazette-lyceeandrecuzin.fr\/index.php?rest_route=\/wp\/v2\/media\/1445"}],"wp:attachment":[{"href":"https:\/\/gazette-lyceeandrecuzin.fr\/index.php?rest_route=%2Fwp%2Fv2%2Fmedia&parent=1444"}],"wp:term":[{"taxonomy":"category","embeddable":true,"href":"https:\/\/gazette-lyceeandrecuzin.fr\/index.php?rest_route=%2Fwp%2Fv2%2Fcategories&post=1444"},{"taxonomy":"post_tag","embeddable":true,"href":"https:\/\/gazette-lyceeandrecuzin.fr\/index.php?rest_route=%2Fwp%2Fv2%2Ftags&post=1444"}],"curies":[{"name":"wp","href":"https:\/\/api.w.org\/{rel}","templated":true}]}}