{"id":1363,"date":"2017-11-27T11:01:40","date_gmt":"2017-11-27T10:01:40","guid":{"rendered":"https:\/\/gazettelpcuzin.wordpress.com\/?p=1363"},"modified":"2019-02-11T09:32:44","modified_gmt":"2019-02-11T08:32:44","slug":"cuzin-et-albert-camus-premiere-aux-celestins","status":"publish","type":"post","link":"https:\/\/gazette-lyceeandrecuzin.fr\/?p=1363","title":{"rendered":"Cuzin et Albert Camus, premi\u00e8re aux C\u00e9lestins"},"content":{"rendered":"<p style=\"text-align: justify;\"><strong>Bon, le jeu de mot est facile mais pas faux. Les \u00e9l\u00e8ves de terminale TTBEE font un projet inter-\u00e9tablissement avec les \u00e9l\u00e8ves de L du lyc\u00e9e Albert Camus, le tout avec le th\u00e9\u00e2tre des C\u00e9lestins. On a commenc\u00e9 par aller visiter le th\u00e9\u00e2tre avec les TTCB et le groupe de ES. Vous me suivez\u00a0?<\/strong><\/p>\n<p style=\"text-align: justify;\"><strong>R\u00e9cit et explications de Jason et des autres TTBEE \u00e9paul\u00e9s par les TTCB parce qu\u2019il y a beaucoup \u00e0 dire<\/strong><\/p>\n<p>&nbsp;<\/p>\n<p style=\"text-align: justify;\"><!--more--><\/p>\n<h2 style=\"text-align: justify;\">Rendez-vous, \u00e9tape un le bistrot et \u00ab\u00a0les autres\u00a0\u00bb<\/h2>\n<p style=\"text-align: justify;\">Madame Rosenfeld avait dit 9H30 devant le th\u00e9\u00e2tre. Timon et moi, on s\u2019\u00e9tait dit 9H00, on avait donc le temps. On vide les poches et les portes-feuilles, on compte la monnaie\u00a0: 4,50 en pi\u00e8ces de 10 \u00e0 50 centimes\u00a0! Parfait\u00a0! C\u2019est assez pour deux caf\u00e9s avant d\u2019attaquer. Une fois les petits noirs aval\u00e9s, on a rejoint ceux qui \u00e9taient d\u00e9j\u00e0 l\u00e0, surtout les TTCB, install\u00e9s sur les bancs, sous les arbres. Entre 9H30 et 9H45, les \u00e9l\u00e8ves sont arriv\u00e9s par petits groupes. Les TTBEE, un peu excit\u00e9s pour certains mais le sourire jusqu\u2019au bonnet et les \u00ab\u00a0inconnus\u00a0\u00bb. C\u2019\u00e9tait \u00e9trange, Cuzin d\u2019un c\u00f4t\u00e9 et les \u00e9l\u00e8ves d\u2019Albert Camus de l\u2019autre. On commence par se regarder de loin, on ne s\u2019approche pas trop. Forc\u00e9ment, Madame Rosenfeld a d\u00e9cid\u00e9 qu\u2019il fallait faire connaissance. Nous sommes all\u00e9s leur dire bonjour. Il y avait des timides d\u2019autres tr\u00e8s conviviaux, les \u00e9l\u00e8ves d\u2019un autre \u00e9tablissement\u00a0! Pensez donc, c\u2019est peut-\u00eatre dangereux\u2026 Madame Manuard est arriv\u00e9e, les profs au moins se connaissaient et avaient l\u2019air de s\u2019entendre, elles ne sont pourtant pas dans le m\u00eame \u00e9tablissement\u00a0! 10H50, il y avait du monde sur la place, les m\u00e9diateurs sont sortis par la porte lat\u00e9rale et l\u00e0, \u00ab\u00a0on\u00a0\u00bb nous a m\u00e9lang\u00e9 (note du traducteur\u00a0: ordre des profs). L\u2019autre groupe est parti dans le th\u00e9\u00e2tre et moi, je suis rest\u00e9 devant et j\u2019ai \u00e9cout\u00e9 l\u2019histoire du th\u00e9\u00e2tre et le commentaire de la fa\u00e7ade men\u00e9s par Aur\u00e9lien, \u00ab\u00a0notre guide\u00a0\u00bb.<\/p>\n<figure id=\"attachment_1364\" aria-describedby=\"caption-attachment-1364\" style=\"width: 1632px\" class=\"wp-caption alignnone\"><img fetchpriority=\"high\" decoding=\"async\" class=\"alignnone size-full wp-image-1364\" src=\"https:\/\/gazettelpcuzin.files.wordpress.com\/2017\/11\/nous-aurc3a9lien-et-les-c3a9lc3a8ves-du-lycc3a9e-albert-camus-trc3a8s-concentrc3a9s-photo-au-portable-de-mme-rosenfeld.jpg\" alt=\"Nous, Aur\u00e9lien et les \u00e9l\u00e8ves du lyc\u00e9e Albert Camus, tr\u00e8s concentr\u00e9s. Photo au portable de Mme Rosenfeld\" width=\"1632\" height=\"916\" srcset=\"https:\/\/gazette-lyceeandrecuzin.fr\/wp-content\/uploads\/2017\/11\/nous-aurc3a9lien-et-les-c3a9lc3a8ves-du-lycc3a9e-albert-camus-trc3a8s-concentrc3a9s-photo-au-portable-de-mme-rosenfeld.jpg 1632w, https:\/\/gazette-lyceeandrecuzin.fr\/wp-content\/uploads\/2017\/11\/nous-aurc3a9lien-et-les-c3a9lc3a8ves-du-lycc3a9e-albert-camus-trc3a8s-concentrc3a9s-photo-au-portable-de-mme-rosenfeld-300x168.jpg 300w, https:\/\/gazette-lyceeandrecuzin.fr\/wp-content\/uploads\/2017\/11\/nous-aurc3a9lien-et-les-c3a9lc3a8ves-du-lycc3a9e-albert-camus-trc3a8s-concentrc3a9s-photo-au-portable-de-mme-rosenfeld-768x431.jpg 768w, https:\/\/gazette-lyceeandrecuzin.fr\/wp-content\/uploads\/2017\/11\/nous-aurc3a9lien-et-les-c3a9lc3a8ves-du-lycc3a9e-albert-camus-trc3a8s-concentrc3a9s-photo-au-portable-de-mme-rosenfeld-1024x575.jpg 1024w\" sizes=\"(max-width: 1632px) 100vw, 1632px\" \/><figcaption id=\"caption-attachment-1364\" class=\"wp-caption-text\">Nous, Aur\u00e9lien et les \u00e9l\u00e8ves du lyc\u00e9e Albert Camus, tr\u00e8s concentr\u00e9s. Photo au portable de Mme Rosenfeld<\/figcaption><\/figure>\n<h2 style=\"text-align: justify;\">Retour sur le pass\u00e9<\/h2>\n<p style=\"text-align: justify;\">Passionnant mais on aurait pas tout retenu sans le livret que l\u2019on a eu ensuite, n\u2019allez pas exag\u00e9rer ma m\u00e9moire\u00a0! L\u00e0 o\u00f9 se trouve le th\u00e9\u00e2tre des C\u00e9lestins aujourd\u2019hui, il y a eu pas mal de choses. D\u2019abord l\u2019ordre des Templiers, dissout en 1312. Ensuite, en 1404, l\u2019ordre des C\u00e9lestins fonde l\u2019abbaye de Notre-Dame-de-Bonne-Nouvelle. A cette \u00e9poque, l\u2019ensemble est entour\u00e9 d\u2019une muraille, il y avait une \u00e9glise et on enterrait les moines sur place. Enfin en tout cas deux puisqu\u2019on a retrouv\u00e9 leurs restes lors de la r\u00e9novation en creusant. Ils ont \u00e9t\u00e9 d\u00e9plac\u00e9s et se trouvent derni\u00e8re le mur sous la sc\u00e8ne\u2026 on n\u2019a pas demand\u00e9 s\u2019ils \u00e9taient aussi fant\u00f4mes (il para\u00eet que c\u2019est indispensable le fant\u00f4me dans un th\u00e9\u00e2tre). Fin du couvent en 1778 et la soci\u00e9t\u00e9 priv\u00e9e qui ach\u00e8te le site d\u00e9cide en 1789 de b\u00e2tir un th\u00e9\u00e2tre ce qui est fait en 1792. Sachant l\u2019actualit\u00e9 de l\u2019\u00e9poque, le nom du th\u00e9\u00e2tre, <em>Le th\u00e9\u00e2tre des vari\u00e9t\u00e9s<\/em>, \u00e7a laisse un peu perplexe, non\u00a0? Le th\u00e9\u00e2tre ouvre, ferme, rouvre en 1838, l\u2019histoire de cette montagne de pierres est pleine de rebondissements qui finissent dans les flammes d\u2019un incendie gigantesque en 1871. Un nouveau th\u00e9\u00e2tre est construit alors par Gaspard Andr\u00e9.<\/p>\n<figure id=\"attachment_1366\" aria-describedby=\"caption-attachment-1366\" style=\"width: 487px\" class=\"wp-caption alignnone\"><img decoding=\"async\" class=\" wp-image-1366\" src=\"http:\/\/gazette-lyceeandrecuzin.fr\/wp-content\/uploads\/2017\/11\/photo-2-la-fac3a7ade-la-nuit-illluminc3a9e-photographie-thc3a9c3a2tre-des-cc3a9lestins-e1545148493917-300x194.jpg\" alt=\"\" width=\"487\" height=\"315\" \/><figcaption id=\"caption-attachment-1366\" class=\"wp-caption-text\">La fa\u00e7ade, la nuit, illumin\u00e9e, photographie th\u00e9\u00e2tre des C\u00e9lestins<\/figcaption><\/figure>\n<h2 style=\"text-align: justify;\">Le th\u00e9\u00e2tre \u00e0 l\u2019italienne de Gaspard Andr\u00e9.<\/h2>\n<p style=\"text-align: justify;\">Le premier th\u00e9\u00e2tre flambe aussi\u00a0! Gaspard Andr\u00e9 le reconstruit, l\u2019inauguration a lieu en 1881. Voil\u00e0 ce qui explique que le b\u00e2timent soit bien isol\u00e9 sur une place, pour \u00e9viter la propagation des incendies. Il faut dire qu\u2019\u00e0 l\u2019int\u00e9rieur, il y a vraiment beaucoup de bois et beaucoup, beaucoup de tissus tr\u00e8s rouges qui prennent le feu. A l\u2019\u00e9poque des chandelles et des lampes \u00e0 p\u00e9trole, il fallait vraiment \u00eatre passionn\u00e9.<\/p>\n<p style=\"text-align: justify;\">L\u00e0, j\u2019avais un peu froid aux orteils mais on a commenc\u00e9 \u00e0 expliquer la fa\u00e7ade et on s\u2019est \u00e9merveill\u00e9. Il y a deux grandes sculptures qui personnifient la com\u00e9die avec une marotte de fou et la trag\u00e9die avec un flambeau ainsi que les bustes de gens connus\u00a0: Hugo (pour le drame), de Musset et de Scribe qui \u00e9tait alors tr\u00e8s \u00e0 la mode. Au-dessus sont repr\u00e9sent\u00e9s les masques de com\u00e9die et de trag\u00e9die qui font r\u00e9f\u00e9rence au th\u00e9\u00e2tre antique. Donc le th\u00e9\u00e2tre s\u2019annonce dans sa fa\u00e7ade par ses ornementations. On savait au XIX\u00e8 si\u00e8cle, avant d\u2019entrer qu\u2019on peut voir ici des trag\u00e9dies, des com\u00e9dies, des drames, des vaudevilles. On peut aussi rep\u00e9rer l\u2019organisation int\u00e9rieure depuis la fa\u00e7ade puisqu\u2019une frise avec une sorte de boutons marque la limite horizontale entre le parterre et la premi\u00e8re galerie.<\/p>\n<p style=\"text-align: justify;\">\u00c0 ce stade, je ne sens plus mes orteils et je me demande s\u2019ils sont encore avec moi. Je ne r\u00eave pas d\u2019incendies et je me mets en marche en suivant le groupe\u00a0: mes orteils sont toujours l\u00e0, c\u2019est fou comme on peut s\u2019attendrir sur eux \u00e0 l\u2019automne\u00a0! Nous sommes entr\u00e9s par la porte lat\u00e9rale. \u00c0 l\u2019origine, elle servait aux \u00ab\u00a0petits\u00a0\u00bb, ceux qui allaient voir le spectacle depuis le paradis, pour ceux qui nous y voient tous, le poulailler pour les autres \u2026<\/p>\n<figure id=\"attachment_1368\" aria-describedby=\"caption-attachment-1368\" style=\"width: 1116px\" class=\"wp-caption alignnone\"><img decoding=\"async\" class=\"alignnone size-full wp-image-1368\" src=\"https:\/\/gazettelpcuzin.files.wordpress.com\/2017\/11\/lc3a9gende-pour-suivre-la-promenade-un-plan-en-coupe-c_est-un-plus.jpg\" alt=\"L\u00e9gende pour suivre la promenade, un plan en coupe, c_est un plus !\" width=\"1116\" height=\"797\" srcset=\"https:\/\/gazette-lyceeandrecuzin.fr\/wp-content\/uploads\/2017\/11\/lc3a9gende-pour-suivre-la-promenade-un-plan-en-coupe-c_est-un-plus.jpg 1116w, https:\/\/gazette-lyceeandrecuzin.fr\/wp-content\/uploads\/2017\/11\/lc3a9gende-pour-suivre-la-promenade-un-plan-en-coupe-c_est-un-plus-300x214.jpg 300w, https:\/\/gazette-lyceeandrecuzin.fr\/wp-content\/uploads\/2017\/11\/lc3a9gende-pour-suivre-la-promenade-un-plan-en-coupe-c_est-un-plus-768x548.jpg 768w, https:\/\/gazette-lyceeandrecuzin.fr\/wp-content\/uploads\/2017\/11\/lc3a9gende-pour-suivre-la-promenade-un-plan-en-coupe-c_est-un-plus-1024x731.jpg 1024w\" sizes=\"(max-width: 1116px) 100vw, 1116px\" \/><figcaption id=\"caption-attachment-1368\" class=\"wp-caption-text\">L\u00e9gende pour suivre la promenade, un plan en coupe, c&rsquo;est un plus !<\/figcaption><\/figure>\n<h2 style=\"text-align: justify;\">Les espaces int\u00e9rieurs<\/h2>\n<p style=\"text-align: justify;\">Mais nous, on est entr\u00e9 dans l\u2019atrium puisque ces s\u00e9parations dans les publics c\u2019est termin\u00e9. J\u2019ai \u00e9t\u00e9 impressionn\u00e9 par le lustre et les ocres des murs qui se m\u00e9langent aux lumi\u00e8res, l\u2019effet n\u2019est pas mal, presque ang\u00e9lique. D\u2019autres auteurs sont ici repr\u00e9sent\u00e9s, dont Shakespeare. On y trouvait la \u00ab\u00a0boite \u00e0 sel\u00a0\u00bb. Au XIX\u00e8 si\u00e8cle c\u2019est l\u00e0 que le m\u00e9decin mettait les m\u00e9dicaments et les sels destin\u00e9s \u00e0 rendre connaissance aux femmes tomb\u00e9es dans les vapes, victimes de l\u2019\u00e9motion, la chaleur et surtout leurs corsets qui les emp\u00eachaient de respirer. Comme les filles respirent mieux aujourd\u2019hui (enfin faut esp\u00e9rer), la boite \u00e0 sel sert de guichet pour la billetterie du soir.<\/p>\n<p style=\"text-align: justify;\">Ascension du th\u00e9\u00e2tre, arriv\u00e9e au niveau de la corbeille. L\u00e0 se trouve un espace de bar. On est en fait d\u00e9j\u00e0 dans le th\u00e9\u00e2tre, les marbres peints sont faux, comme les tentures de velours. Il y a deux espaces de bar sur deux \u00e9tages.<\/p>\n<p style=\"text-align: justify;\">Le premier est tr\u00e8s richement d\u00e9cor\u00e9, avec un portrait de Moli\u00e8re qui regarde les gens, les armes de la ville et les insignes r\u00e9publicains. Il y a des noms d\u2019auteurs c\u00e9l\u00e8bres et leurs portraits. C\u2019est le bar d\u2019apparat destin\u00e9 \u00e0 la grande bourgeoisie au XIX\u00e8 si\u00e8cle. Nous y avons crois\u00e9 le peintre qui faisait les \u0153uvres du personnage principal de la pi\u00e8ce qui allait se jouer dans les jours suivants, <a href=\"https:\/\/www.theatredescelestins.com\/saison-2017-2018\/spectacle\/tableau-dune-execution\/\"><em>tableau d\u2019une ex\u00e9cution<\/em> d\u2019Howard Barker<\/a>.<\/p>\n<figure id=\"attachment_1367\" aria-describedby=\"caption-attachment-1367\" style=\"width: 4288px\" class=\"wp-caption alignnone\"><img loading=\"lazy\" decoding=\"async\" class=\"alignnone size-full wp-image-1367\" src=\"https:\/\/gazettelpcuzin.files.wordpress.com\/2017\/11\/photos-3-le-foyer-d_apparat-oc3b9-le-public-du-xixc3a8-venait-se-dc3a9tendre-sous-le-regard-de-molic3a8re.jpg\" alt=\"Photos 3 le foyer d_apparat o\u00f9 le public du XIX\u00e8 venait se d\u00e9tendre sous le regard de Moli\u00e8re\" width=\"4288\" height=\"2848\" srcset=\"https:\/\/gazette-lyceeandrecuzin.fr\/wp-content\/uploads\/2017\/11\/photos-3-le-foyer-d_apparat-oc3b9-le-public-du-xixc3a8-venait-se-dc3a9tendre-sous-le-regard-de-molic3a8re.jpg 4288w, https:\/\/gazette-lyceeandrecuzin.fr\/wp-content\/uploads\/2017\/11\/photos-3-le-foyer-d_apparat-oc3b9-le-public-du-xixc3a8-venait-se-dc3a9tendre-sous-le-regard-de-molic3a8re-300x199.jpg 300w, https:\/\/gazette-lyceeandrecuzin.fr\/wp-content\/uploads\/2017\/11\/photos-3-le-foyer-d_apparat-oc3b9-le-public-du-xixc3a8-venait-se-dc3a9tendre-sous-le-regard-de-molic3a8re-768x510.jpg 768w, https:\/\/gazette-lyceeandrecuzin.fr\/wp-content\/uploads\/2017\/11\/photos-3-le-foyer-d_apparat-oc3b9-le-public-du-xixc3a8-venait-se-dc3a9tendre-sous-le-regard-de-molic3a8re-1024x680.jpg 1024w\" sizes=\"(max-width: 4288px) 100vw, 4288px\" \/><figcaption id=\"caption-attachment-1367\" class=\"wp-caption-text\">Le foyer d&rsquo;apparat o\u00f9 le public du XIX\u00e8 venait se d\u00e9tendre sous le regard de Moli\u00e8re<\/figcaption><\/figure>\n<p style=\"text-align: justify;\">\u00a0Il y a un second bar, plus petit. Au-dessus de l\u2019espace de service, certainement en pl\u00e2tre, une t\u00eate de dieu du th\u00e9\u00e2tre (Dionysos) qui ressemble beaucoup \u00e0 une t\u00eate de diable\u2026ambiance. C\u2019est le bon endroit pour apprendre du vocabulaire. On ne dit pas \u00ab\u00a0bonne chance\u00a0\u00bb \u00e0 un com\u00e9dien qui va monter sur sc\u00e8ne, on dit \u00ab\u00a0merde\u00a0\u00bb, pourquoi\u00a0? Parce qu\u2019au XIX\u00e8 si\u00e8cle, le public vient en cal\u00e8ches, plus il y en a, plus la pi\u00e8ce a du succ\u00e8s et plus il y a de m\u2026 Et on ne r\u00e9pond pas \u00ab\u00a0merci\u00a0\u00bb, on dit \u00ab\u00a0je prends\u00a0\u00bb. On ne dit pas quoi. Il y a des choses qui ne se font pas\u00a0: le vert des costumes, peut-\u00eatre \u00e0 cause du plomb de la teinture qui pouvait provoquer le saturnisme. Enfin, comme il y a bien des points communs entre le m\u00e9tier de marin et celui de machiniste, mieux vaut ne pas trop parler de cordes.<\/p>\n<h2 style=\"text-align: justify;\">La salle \u2026.<\/h2>\n<p style=\"text-align: justify;\">On est arriv\u00e9 au paradis. De l\u00e0, on avait une belle vue sur l\u2019int\u00e9rieur de l\u2019espace de repr\u00e9sentation. Au XIX\u00e8 si\u00e8cle, il n\u2019y avait pas de si\u00e8ge au paradis, on devait rester debout tout le spectacle. \u00a0En tout, il y a environ 700 places dans la salle. On voit bien que les loges de la corbeille et du balcon, les \u00e9tages les plus chics, \u00e9taient surtout faites pour que les spectateurs voient les personnalit\u00e9s importantes qui s\u2019y trouvaient, certaines ne sont pas orient\u00e9es vers la sc\u00e8ne. Il para\u00eet que l\u2019on pouvait y d\u00eener. Les lumi\u00e8res ne s\u2019\u00e9teignaient pas pendant la repr\u00e9sentation, on venait autant pour voir les gens que le spectacle, et encore certainement parfois pour voir les gens et surtout se montrer, non\u00a0? Bon, du paradis, on est tr\u00e8s en plong\u00e9e donc on ne voit parfois pas bien les effets de mise en sc\u00e8ne et les d\u00e9cors. On bref, mieux on voit, plus les places sont ch\u00e8res.<\/p>\n<p style=\"text-align: justify;\">Le lustre est impressionnant. Il y a toute une machinerie pour le descendre puisqu\u2019il fallait tous les jours l\u2019alimenter, risques d\u2019incendies maximum\u00a0! Aujourd\u2019hui, il est dot\u00e9 d\u2019ampoules (ouf). Du paradis, on voit bien l\u2019espace o\u00f9 se trouvent les cintres, on voit bien comment on montait et descendait les d\u00e9cors, disons qu\u2019\u00e0 la force des bras, on est content de vivre au XXI\u00e8 si\u00e8cle. Tout est rouge, avec des dorures et le rideau de sc\u00e8ne est particuli\u00e8rement soign\u00e9. La salle est un spectacle en fait. Sur sc\u00e8ne, nous avons vu les pr\u00e9paratifs de montage du d\u00e9cor de la pi\u00e8ce. C\u2019est l\u2019histoire d\u2019une femme \u00e0 qui Venise commande un tableau sur la guerre et qui fait un tableau sur les horreurs de la guerre. Le commanditaire n\u2019est pas content.<\/p>\n<p style=\"text-align: justify;\">Il ne fallait pas faire de bruit parce que nous sommes arriv\u00e9s pendant des r\u00e9glages. On peut se raconter une pi\u00e8ce en regardant travailler les gens, c\u2019est agr\u00e9able. Ily\u00e8s est tr\u00e8s fort pour rep\u00e9rer les c\u00f4t\u00e9s cour et jardin, cour \u00e0 droite quand on fait dos \u00e0 la sc\u00e8ne ou gauche quand on fait face et inversement pour jardin, vous suivez toujours\u00a0? Et on ne va pas au fond du plateau, on va au lointain, on ne va pas au bord du plateau, on va \u00e0 la face (des gens).<\/p>\n<h2 style=\"text-align: justify;\">Et les espaces que l\u2019on ne voit jamais<\/h2>\n<p style=\"text-align: justify;\">Ensuite, passage dans les coulisses et visite du foyer des artistes. C\u2019est tr\u00e8s joli. On entre dans une pi\u00e8ce assez grande mais pas trop. Il y a un canap\u00e9 et un \u00e9cran de t\u00e9l\u00e9vision qui permet de surveiller la sc\u00e8ne, il faut surveiller son entr\u00e9e et donc \u00e9viter de s\u2019endormir devant l\u2019\u00e9cran. Au fond, un immense miroir pour ajuster son costume et au-dessus une devise aussi belle que sens\u00e9e\u00a0: \u00ab\u00a0aimez celui qui vous conseille et non celui qui vous loue\u00a0\u00bb. J\u2019aime bien.<\/p>\n<p style=\"text-align: justify;\">Puis, on est all\u00e9 sous la sc\u00e8ne, il y a un monde fou\u00a0! Derri\u00e8re le mur, les squelettes qui datent du temps de l\u2019abbaye. Devant le mur, des costumes, des accessoires, tout ce qui peut \u00eatre utile au spectacle. On peut mettre des escaliers pour monter sur le plateau, des machineries.<\/p>\n<p style=\"text-align: justify;\">Avant, il fallait 9 m\u00e8tres sous la sc\u00e8ne pour pouvoir travailler et surtout mettre en place les rideaux de d\u00e9cor. Comme ce n\u2019est plus n\u00e9cessaire, lors de la r\u00e9novation du th\u00e9\u00e2tre, en 2005, il a \u00e9t\u00e9 possible de construire une petite salle sous le dessous de sc\u00e8ne. L\u00e0 on est tout en bas, sous le niveau du sol. Il y a un bar (il y en a beaucoup des bars dans ce th\u00e9\u00e2tre, non\u00a0?) o\u00f9 on peut voir les roues qui permettent de monter et descendre les d\u00e9cors. C\u2019est assez impressionnant quand on sait que tout se faisait \u00e0 main d\u2019homme.<\/p>\n<h2 style=\"text-align: justify;\">La C\u00e9lestine, retrouvailles et premi\u00e8res pr\u00e9sentations\u00a0!<\/h2>\n<p style=\"text-align: justify;\">Nous sommes entr\u00e9s dans la salle, il y avait d\u00e9j\u00e0 le premier groupe, retrouvailles. La troupe \u00e9tait un peu fatigu\u00e9e, on sentait le besoin de s\u2019amuser un peu. Bon, derni\u00e8re ligne droite, le temps des pr\u00e9sentations. Nous avons un peu \u00e9chang\u00e9 (un tout petit peu, il faudra insister). Quelques filles semblaient ne pas trop avoir envie de nous parler, mais un gar\u00e7on, Jaad, est venu courageusement sur sc\u00e8ne nous raconter la premi\u00e8re s\u00e9ance d\u2019atelier qu\u2019il avait eu avec Marilyn Mattei au lyc\u00e9e Albert Camus.<\/p>\n<h2 style=\"text-align: justify;\">Et nous, dans la C\u00e9lestine, on va faire quoi\u00a0? Hum, quoi\u00a0? Un tabac bien entendu<\/h2>\n<p style=\"text-align: justify;\">En quelques mots. Autour de la pi\u00e8ce <a href=\"https:\/\/www.theatredescelestins.com\/saison-2017-2018\/spectacle\/a-la-trace\/\">d\u2019Alexandra Badea, <em>A la trace<\/em><\/a>, nous allons \u00e9crire et restituer nos travaux sur sc\u00e8ne, dans la C\u00e9lestine, le <strong>24 avril \u00e0 17H30, SAVE THE DATE\u00a0!!!!<\/strong><\/p>\n<p style=\"text-align: justify;\">C\u2019est l\u2019histoire de quelqu\u2019un qui trouve un sac et cherche \u00e0 qui est le sac, un roman policier en quelque sorte. Forc\u00e9ment, un sac, \u00e7a en dit long sur son propri\u00e9taire mais en m\u00eame temps, si on n\u2019a pas ses coordonn\u00e9es, on en sait jamais assez. Nous avons commenc\u00e9 l\u2019\u00e9criture avec Marilyne Mattei, moi, je suis en stage donc je loupe un bout, c\u2019est l\u2019autre groupe qui profite de l\u2019occasion. Mais on sera tous l\u00e0 pour la partie de jeu, avec un com\u00e9dien que l\u2019on ne conna\u00eet pas encore mais qu\u2019on sera content de rencontrer. Vous allez en entendre parler toute l\u2019ann\u00e9e donc inutile de vous en dire plus\u2026 pour l\u2019instant.<\/p>\n<p style=\"text-align: justify;\">Si vous voulez tout savoir sur les C\u00e9lestins et ce qui s\u2019y est fait, cliquez <a href=\"http:\/\/www.memoire.celestins-lyon.org\/\">ici<\/a>, je n\u2019ai pas tout lu\u00a0!<\/p>\n<p style=\"text-align: justify;\">Si vous voulez tout savoir sur la vie aujourd\u2019hui des C\u00e9lestins, ses \u00e9quipes, comment on y travaille et ce qui se passe durant la saison 2017\/2018, c\u2019est <a href=\"https:\/\/www.theatredescelestins.com\/saison-2017-2018\/spectacle\/a-la-trace\/\">ici<\/a>.<\/p>\n<p style=\"text-align: justify;\">La visite est maintenant termin\u00e9e, mon opinion est sans appel\u00a0: que l\u2019on aime ou que l\u2019on n\u2019aime pas le th\u00e9\u00e2tre, cette visite vous met plein de r\u00eaves dans la t\u00eate\u00a0!<\/p>\n","protected":false},"excerpt":{"rendered":"<p>Bon, le jeu de mot est facile mais pas faux. Les \u00e9l\u00e8ves de terminale TTBEE font un projet inter-\u00e9tablissement avec les \u00e9l\u00e8ves de L du lyc\u00e9e Albert Camus, le tout<\/p>\n","protected":false},"author":2,"featured_media":1366,"comment_status":"closed","ping_status":"closed","sticky":false,"template":"","format":"standard","meta":{"jetpack_post_was_ever_published":false,"_jetpack_newsletter_access":"","_jetpack_dont_email_post_to_subs":false,"_jetpack_newsletter_tier_id":0,"_jetpack_memberships_contains_paywalled_content":false,"_jetpack_memberships_contains_paid_content":false,"footnotes":""},"categories":[3,24,18],"tags":[],"class_list":["post-1363","post","type-post","status-publish","format-standard","has-post-thumbnail","hentry","category-culture","category-theatre","category-theatre-des-celestins-lycee-camus-lycee-cuzin-2018"],"jetpack_sharing_enabled":false,"jetpack_featured_media_url":"https:\/\/gazette-lyceeandrecuzin.fr\/wp-content\/uploads\/2017\/11\/photo-2-la-fac3a7ade-la-nuit-illluminc3a9e-photographie-thc3a9c3a2tre-des-cc3a9lestins-e1545148501888.jpg","jetpack_shortlink":"https:\/\/wp.me\/paGPHf-lZ","jetpack_likes_enabled":true,"_links":{"self":[{"href":"https:\/\/gazette-lyceeandrecuzin.fr\/index.php?rest_route=\/wp\/v2\/posts\/1363","targetHints":{"allow":["GET"]}}],"collection":[{"href":"https:\/\/gazette-lyceeandrecuzin.fr\/index.php?rest_route=\/wp\/v2\/posts"}],"about":[{"href":"https:\/\/gazette-lyceeandrecuzin.fr\/index.php?rest_route=\/wp\/v2\/types\/post"}],"author":[{"embeddable":true,"href":"https:\/\/gazette-lyceeandrecuzin.fr\/index.php?rest_route=\/wp\/v2\/users\/2"}],"replies":[{"embeddable":true,"href":"https:\/\/gazette-lyceeandrecuzin.fr\/index.php?rest_route=%2Fwp%2Fv2%2Fcomments&post=1363"}],"version-history":[{"count":4,"href":"https:\/\/gazette-lyceeandrecuzin.fr\/index.php?rest_route=\/wp\/v2\/posts\/1363\/revisions"}],"predecessor-version":[{"id":2487,"href":"https:\/\/gazette-lyceeandrecuzin.fr\/index.php?rest_route=\/wp\/v2\/posts\/1363\/revisions\/2487"}],"wp:featuredmedia":[{"embeddable":true,"href":"https:\/\/gazette-lyceeandrecuzin.fr\/index.php?rest_route=\/wp\/v2\/media\/1366"}],"wp:attachment":[{"href":"https:\/\/gazette-lyceeandrecuzin.fr\/index.php?rest_route=%2Fwp%2Fv2%2Fmedia&parent=1363"}],"wp:term":[{"taxonomy":"category","embeddable":true,"href":"https:\/\/gazette-lyceeandrecuzin.fr\/index.php?rest_route=%2Fwp%2Fv2%2Fcategories&post=1363"},{"taxonomy":"post_tag","embeddable":true,"href":"https:\/\/gazette-lyceeandrecuzin.fr\/index.php?rest_route=%2Fwp%2Fv2%2Ftags&post=1363"}],"curies":[{"name":"wp","href":"https:\/\/api.w.org\/{rel}","templated":true}]}}